{"id":182818,"date":"2025-06-17T07:44:31","date_gmt":"2025-06-17T07:44:31","guid":{"rendered":"https:\/\/www.europesays.com\/fr\/182818\/"},"modified":"2025-06-17T07:44:31","modified_gmt":"2025-06-17T07:44:31","slug":"les-valeurs-a-suivre-a-paris-et-en-europe-actualise-16-06-2025-a-0832","status":"publish","type":"post","link":"https:\/\/www.europesays.com\/fr\/182818\/","title":{"rendered":"Les valeurs \u00e0 suivre \u00e0 Paris et en Europe (actualis\u00e9) &#8211; 16\/06\/2025 \u00e0 08:32"},"content":{"rendered":"<p>\n (Actualis\u00e9 avec indications en avant-Bourse Renault\/Kering,<br \/>\nTotalEnergies, Arkema)\n<\/p>\n<p>\n *\n<\/p>\n<p>\n Variation des futures sur indice CAC 40  0#FCE:\n<\/p>\n<p>\n *\n<\/p>\n<p>\n Variation des futures sur indice Stoxx 600  0#FXXP:\n<\/p>\n<p>\n *\n<\/p>\n<p>\n Valeurs qui se traitent ex-dividende  .EX.PA\n<\/p>\n<p>\n *\n<\/p>\n<p>\n Le point sur les march\u00e9s europ\u00e9ens  .EUFR\n<\/p>\n<p>\n Les valeurs \u00e0 suivre lundi \u00e0<br \/>\nla Bourse de Paris et en Europe :\n<\/p>\n<p>\n * RENAULT<br \/>\n <a href=\"https:\/\/www.boursorama.com\/cours\/1rPRNO\/\" rel=\"nofollow noopener\" target=\"_blank\"><br \/>\n  RENA.PA<br \/>\n <\/a><br \/>\n &#8211; Luca de Meo, le directeur g\u00e9n\u00e9ral du<br \/>\ngroupe au losange, va quitter le constructeur automobile<br \/>\nfran\u00e7ais \u00e0 compter du 15 juillet, et selon Le Figaro, il devrait<br \/>\nrejoindre Kering<br \/>\n <a href=\"https:\/\/www.boursorama.com\/cours\/1rPKER\/\" rel=\"nofollow noopener\" target=\"_blank\"><br \/>\n  PRTP.PA<br \/>\n <\/a><br \/>\n pour en devenir le directeur g\u00e9n\u00e9ral.\n<\/p>\n<p>\n Selon la plateforme de trading Tradegate, Kering grimpe de<br \/>\n5% dans les transactions en avant-Bourse et Renault recule de<br \/>\n3%.\n<\/p>\n<p>\n Le pr\u00e9sident-directeur g\u00e9n\u00e9ral de Nissan<br \/>\n <a href=\"https:\/\/www.boursorama.com\/cours\/1mTNISA\/\" rel=\"nofollow noopener\" target=\"_blank\"><br \/>\n  7201.T<br \/>\n <\/a><br \/>\n a par<br \/>\nailleurs d\u00e9clar\u00e9 que le constructeur automobile envisageait de<br \/>\nr\u00e9duire sa participation dans son partenaire fran\u00e7ais, a<br \/>\nrapport\u00e9 lundi le journal \u00e9conomique Nikkei.\n<\/p>\n<p>\n * TOTALENERGIES<br \/>\n <a href=\"https:\/\/www.boursorama.com\/cours\/1rPTTE\/\" rel=\"nofollow noopener\" target=\"_blank\"><br \/>\n  TTEF.PA<br \/>\n <\/a><br \/>\n va consacrer 30% de ses d\u00e9penses<br \/>\nd&rsquo;investissement \u00e0 la cr\u00e9ation d&rsquo;une activit\u00e9 int\u00e9gr\u00e9e<br \/>\nd&rsquo;\u00e9nergie, a d\u00e9clar\u00e9 son directeur g\u00e9n\u00e9ral Patrick Pouyann\u00e9<br \/>\nlundi, pr\u00e9cisant que le groupe vise \u00e0 porter la part de<br \/>\nl&rsquo;\u00e9lectricit\u00e9 dans son portefeuille \u00e0 20% d&rsquo;ici 2030.\n<\/p>\n<p>\n Le groupe fran\u00e7ais a \u00e9galement annonc\u00e9 l&rsquo;acquisition aupr\u00e8s<br \/>\nde Chevron<br \/>\n <a href=\"https:\/\/www.boursorama.com\/cours\/CVX\/\" rel=\"nofollow noopener\" target=\"_blank\"><br \/>\n  CVX.N<br \/>\n <\/a><br \/>\n d&rsquo;une participation de 25% dans un<br \/>\nportefeuille de permis d&rsquo;exploration au large des Etats-Unis.\n<\/p>\n<p>\n * BIOM\u00c9RIEUX<br \/>\n <a href=\"https:\/\/www.boursorama.com\/cours\/1rPBIM\/\" rel=\"nofollow noopener\" target=\"_blank\"><br \/>\n  BIOX.PA<br \/>\n <\/a><br \/>\n a annonc\u00e9 lundi la conclusion d&rsquo;un<br \/>\naccord visant \u00e0 acqu\u00e9rir les actifs de Day Zero Diagnostics,<br \/>\nsoci\u00e9t\u00e9 am\u00e9ricaine sp\u00e9cialis\u00e9e dans le diagnostic des maladies<br \/>\ninfectieuses, pour un montant total inf\u00e9rieur \u00e0 25 millions de<br \/>\ndollars.\n<\/p>\n<p>\n * Exail Technologies<br \/>\n <a href=\"https:\/\/www.boursorama.com\/cours\/1rPEXA\/\" rel=\"nofollow noopener\" target=\"_blank\"><br \/>\n  EXA.PA<br \/>\n <\/a><br \/>\n a annonc\u00e9 lundi plusieurs<br \/>\ncommandes significatives pour des syst\u00e8mes de navigation en<br \/>\nd\u00e9fense terrestre et a\u00e9roterrestre.\n<\/p>\n<p>\n * AIRBUS<br \/>\n <a href=\"https:\/\/www.boursorama.com\/cours\/1rPAIR\/\" rel=\"nofollow noopener\" target=\"_blank\"><br \/>\n  AIR.PA<br \/>\n <\/a><br \/>\n est sur le point de conclure un accord<br \/>\npour la vente d&rsquo;avions A220 \u00e0 LOT Polish Airlines, au terme<br \/>\nd&rsquo;une \u00e2pre bataille avec le constructeur br\u00e9silien Embraer, ont<br \/>\nrapport\u00e9 vendredi \u00e0 Reuters des sources du secteur.\n<\/p>\n<p>\n * BT GROUP<br \/>\n <a href=\"https:\/\/www.boursorama.com\/cours\/1uBT.A.L\/\" rel=\"nofollow noopener\" target=\"_blank\"><br \/>\n  BT.L<br \/>\n <\/a><br \/>\n &#8211; La directrice g\u00e9n\u00e9rale de l&rsquo;op\u00e9rateur<br \/>\nt\u00e9l\u00e9coms britannique, Allison Kirkby, a d\u00e9clar\u00e9 que les avanc\u00e9es<br \/>\nen mati\u00e8re d&rsquo;intelligence artificielle pourraient accro\u00eetre<br \/>\nsignificativement le nombre de suppressions d&#8217;emplois engag\u00e9es<br \/>\nau sein du groupe, rapporte dimanche le Financial Times.\n<\/p>\n<p>\n * ARKEMA<br \/>\n <a href=\"https:\/\/www.boursorama.com\/cours\/1rPAKE\/\" rel=\"nofollow noopener\" target=\"_blank\"><br \/>\n  AKE.PA<br \/>\n <\/a><br \/>\n &#8211; Jefferies abaisse sa recommandation \u00e0<br \/>\n\u00ab\u00a0conserver\u00a0\u00bb contre \u00ab\u00a0acheter\u00a0\u00bb.\n<\/p>\n<p>\n L&rsquo;AGENDA FRANCE &amp; INTERNATIONAL \u00c0 7 JOURS:  L8N3SG0QX\n<\/p>\n<p>\n (R\u00e9dig\u00e9 par Mara V\u00eelcu, Claude Chendjou et Bertrand De Meyer)<\/p>\n","protected":false},"excerpt":{"rendered":"(Actualis\u00e9 avec indications en avant-Bourse Renault\/Kering, TotalEnergies, Arkema) * Variation des futures sur indice CAC 40 0#FCE: *&hellip;\n","protected":false},"author":2,"featured_media":64038,"comment_status":"","ping_status":"","sticky":false,"template":"","format":"standard","meta":{"footnotes":""},"categories":[1888],"tags":[400,1111,1928,11,1927,398,408,405,1777,674,1011,27,403,402,399,404,12,1926,626,1925,25,401,406,407],"class_list":{"0":"post-182818","1":"post","2":"type-post","3":"status-publish","4":"format-standard","5":"has-post-thumbnail","7":"category-paris","8":"tag-action-cac-40","9":"tag-actu","10":"tag-actu-paris","11":"tag-actualites","12":"tag-actualites-paris","13":"tag-bourse-de-paris","14":"tag-boursorama","15":"tag-cotations","16":"tag-eu","17":"tag-europe","18":"tag-fr","19":"tag-france","20":"tag-indices-devises","21":"tag-investir","22":"tag-investissement","23":"tag-marche-boursier","24":"tag-news","25":"tag-news-paris","26":"tag-paris","27":"tag-paris-news","28":"tag-republique-francaise","29":"tag-sicav","30":"tag-trackers","31":"tag-warrants"},"share_on_mastodon":{"url":"https:\/\/pubeurope.com\/@fr\/114697592092233811","error":""},"_links":{"self":[{"href":"https:\/\/www.europesays.com\/fr\/wp-json\/wp\/v2\/posts\/182818","targetHints":{"allow":["GET"]}}],"collection":[{"href":"https:\/\/www.europesays.com\/fr\/wp-json\/wp\/v2\/posts"}],"about":[{"href":"https:\/\/www.europesays.com\/fr\/wp-json\/wp\/v2\/types\/post"}],"author":[{"embeddable":true,"href":"https:\/\/www.europesays.com\/fr\/wp-json\/wp\/v2\/users\/2"}],"replies":[{"embeddable":true,"href":"https:\/\/www.europesays.com\/fr\/wp-json\/wp\/v2\/comments?post=182818"}],"version-history":[{"count":0,"href":"https:\/\/www.europesays.com\/fr\/wp-json\/wp\/v2\/posts\/182818\/revisions"}],"wp:featuredmedia":[{"embeddable":true,"href":"https:\/\/www.europesays.com\/fr\/wp-json\/wp\/v2\/media\/64038"}],"wp:attachment":[{"href":"https:\/\/www.europesays.com\/fr\/wp-json\/wp\/v2\/media?parent=182818"}],"wp:term":[{"taxonomy":"category","embeddable":true,"href":"https:\/\/www.europesays.com\/fr\/wp-json\/wp\/v2\/categories?post=182818"},{"taxonomy":"post_tag","embeddable":true,"href":"https:\/\/www.europesays.com\/fr\/wp-json\/wp\/v2\/tags?post=182818"}],"curies":[{"name":"wp","href":"https:\/\/api.w.org\/{rel}","templated":true}]}}