{"id":182819,"date":"2025-06-17T07:45:11","date_gmt":"2025-06-17T07:45:11","guid":{"rendered":"https:\/\/www.europesays.com\/fr\/182819\/"},"modified":"2025-06-17T07:45:11","modified_gmt":"2025-06-17T07:45:11","slug":"mais-de-quoi-parlons-nous-rachida-dati-refute-tout-deal-avec-emmanuel-macron-pour-les-municipales-a-paris","status":"publish","type":"post","link":"https:\/\/www.europesays.com\/fr\/182819\/","title":{"rendered":"\u00ab Mais de quoi parlons-nous ? \u00bb\u00a0: Rachida Dati r\u00e9fute tout deal avec Emmanuel Macron pour les municipales \u00e0 Paris"},"content":{"rendered":"<p class=\"paragraph text_align_left\">Sa r\u00e9ponse \u00e9tait attendue. Bient\u00f4t deux semaines apr\u00e8s la diffusion d\u2019un num\u00e9ro de \u00ab Compl\u00e9ment d\u2019enqu\u00eate \u00bb qui lui \u00e9tait d\u00e9di\u00e9, <a href=\"https:\/\/www.leparisien.fr\/politique\/rachida-dati\/\" target=\"_self\" rel=\"nofollow noopener\">Rachida Dati<\/a> a r\u00e9pondu aux r\u00e9v\u00e9lations du magazine de France 2 sur <a href=\"https:\/\/www.leparisien.fr\/paris-75\/municipales-a-paris-y-a-t-il-eu-deal-entre-dati-et-macron-06-06-2025-O5ORAK6DSJAUXHWJAOXBHVM3VQ.php\" target=\"_self\" rel=\"nofollow noopener\">l\u2019existence d\u2019un deal avec le pr\u00e9sident<\/a> lorsqu\u2019elle a \u00e9t\u00e9 nomm\u00e9e ministre de la Culture.<\/p>\n<p class=\"paragraph text_align_left\">Ce deal aurait impliqu\u00e9 le soutien d\u2019<a href=\"https:\/\/www.leparisien.fr\/politique\/emmanuel-macron\/\" target=\"_self\" rel=\"nofollow noopener\">Emmanuel Macron<\/a> \u00e0 sa ministre lors des \u00e9lections municipales de Paris de 2026. Preuve \u00e0 l\u2019appui, un enregistrement d\u2019une visioconf\u00e9rence entre l\u2019ancienne garde des Sceaux et des \u00e9lus LR parisiens dans lequel elle affirme que sa nomination \u00e0 la Culture impliquerait un accord en vue de la conqu\u00eate de l\u2019H\u00f4tel de Ville.<\/p>\n<p class=\"paragraph text_align_left\">Interrog\u00e9e sur le sujet ce mardi matin lors de la matinale de CNEWS et d\u2019Europe 1, Rachida Dati s\u2019est d\u00e9fendue de tout accord. \u00ab Mais de quoi parlons-nous ? \u00bb, questionne la maire du <a href=\"https:\/\/www.leparisien.fr\/paris-75\/paris-75007\/\" target=\"_self\" rel=\"nofollow noopener\">VIIe arrondissement<\/a>. Ce \u00e0 quoi la journaliste Sonia Mabrouk lui glisse que \u00ab la politique est faite de beaucoup d\u2019accords \u00bb. \u00ab Mais bien s\u00fbr, et alors ? Est-ce que tout cela est \u00e9c\u0153urant et interdit ? La politique, ce sont des accords, ce sont des compromis, ce sont des discussions \u00bb \u00bb, r\u00e9pond Rachida Dati, r\u00e9futant pour autant l\u2019existence de ce deal avec le pr\u00e9sident.<\/p>\n<p class=\"paragraph text_align_left\">\u00ab Lorsque le pr\u00e9sident me propose d\u2019\u00eatre ministre de la Culture, c\u2019est pour favoriser la r\u00e9duction des in\u00e9galit\u00e9s, notamment par la culture. Mais aussi, il m\u2019a demand\u00e9 que la culture soit accessible au plus grand nombre, sur tout le territoire \u00bb, assure la ministre. \u00ab Ma mission est tr\u00e8s claire, je la m\u00e8ne avec beaucoup de t\u00e9nacit\u00e9 et d\u2019\u00e9nergie. Depuis 2007, m\u2019affaiblir, c\u2019est toujours bien tent\u00e9 mais caramba, encore rat\u00e9 ! \u00bb.<\/p>\n","protected":false},"excerpt":{"rendered":"Sa r\u00e9ponse \u00e9tait attendue. Bient\u00f4t deux semaines apr\u00e8s la diffusion d\u2019un num\u00e9ro de \u00ab Compl\u00e9ment d\u2019enqu\u00eate \u00bb qui&hellip;\n","protected":false},"author":2,"featured_media":182820,"comment_status":"","ping_status":"","sticky":false,"template":"","format":"standard","meta":{"footnotes":""},"categories":[1888],"tags":[11,1777,674,1011,27,1944,12,626,25],"class_list":{"0":"post-182819","1":"post","2":"type-post","3":"status-publish","4":"format-standard","5":"has-post-thumbnail","7":"category-paris","8":"tag-actualites","9":"tag-eu","10":"tag-europe","11":"tag-fr","12":"tag-france","13":"tag-ma-ville","14":"tag-news","15":"tag-paris","16":"tag-republique-francaise"},"share_on_mastodon":{"url":"https:\/\/pubeurope.com\/@fr\/114697596167333840","error":""},"_links":{"self":[{"href":"https:\/\/www.europesays.com\/fr\/wp-json\/wp\/v2\/posts\/182819","targetHints":{"allow":["GET"]}}],"collection":[{"href":"https:\/\/www.europesays.com\/fr\/wp-json\/wp\/v2\/posts"}],"about":[{"href":"https:\/\/www.europesays.com\/fr\/wp-json\/wp\/v2\/types\/post"}],"author":[{"embeddable":true,"href":"https:\/\/www.europesays.com\/fr\/wp-json\/wp\/v2\/users\/2"}],"replies":[{"embeddable":true,"href":"https:\/\/www.europesays.com\/fr\/wp-json\/wp\/v2\/comments?post=182819"}],"version-history":[{"count":0,"href":"https:\/\/www.europesays.com\/fr\/wp-json\/wp\/v2\/posts\/182819\/revisions"}],"wp:featuredmedia":[{"embeddable":true,"href":"https:\/\/www.europesays.com\/fr\/wp-json\/wp\/v2\/media\/182820"}],"wp:attachment":[{"href":"https:\/\/www.europesays.com\/fr\/wp-json\/wp\/v2\/media?parent=182819"}],"wp:term":[{"taxonomy":"category","embeddable":true,"href":"https:\/\/www.europesays.com\/fr\/wp-json\/wp\/v2\/categories?post=182819"},{"taxonomy":"post_tag","embeddable":true,"href":"https:\/\/www.europesays.com\/fr\/wp-json\/wp\/v2\/tags?post=182819"}],"curies":[{"name":"wp","href":"https:\/\/api.w.org\/{rel}","templated":true}]}}