{"id":182821,"date":"2025-06-17T07:46:09","date_gmt":"2025-06-17T07:46:09","guid":{"rendered":"https:\/\/www.europesays.com\/fr\/182821\/"},"modified":"2025-06-17T07:46:09","modified_gmt":"2025-06-17T07:46:09","slug":"un-cercle-vertueux-comment-ladidas-arena-est-devenue-indispensable-au-succes-du-paris-basketball","status":"publish","type":"post","link":"https:\/\/www.europesays.com\/fr\/182821\/","title":{"rendered":"\u00ab\u00a0Un cercle vertueux\u00a0\u00bb\u00a0: comment l\u2019Adidas Arena est devenue indispensable au succ\u00e8s du Paris Basketball"},"content":{"rendered":"<p class=\"paragraph text_align_left\">\u00ab Ol\u00e9l\u00e9, olala, mais qu\u2019est-ce qui s\u2019est pass\u00e9 ? On les a chicot\u00e9s. \u00bb S\u2019il ne ma\u00eetrise pas le fran\u00e7ais aussi bien que son tir en suspension, <a href=\"https:\/\/www.leparisien.fr\/sports\/basket\/il-me-surprend-tout-le-temps-tj-shorts-latout-maitre-du-paris-basketball-15-06-2025-AHD3JE4OZZGNBPABFV3HBFAMJA.php\" target=\"_blank\" rel=\"noreferrer noopener\">T.J. Shorts<\/a> n\u2019a besoin de personne pour conna\u00eetre le refrain par c\u0153ur. Le meneur de jeu am\u00e9ricain du <a href=\"https:\/\/www.leparisien.fr\/sports\/on-veut-creer-une-marque-une-communaute-pourquoi-le-paris-basketball-est-plus-quun-club-19-03-2022-JZMFITE4SZDJFDKVZFXQTWIRKY.php\" target=\"_blank\" rel=\"noreferrer noopener\">Paris Basketball<\/a> n\u2019est pas le dernier pour le reprendre, m\u00e9gaphone en main et lunettes de soleil sur le nez, entour\u00e9 de ses partenaires et des fans parisiens.<\/p>\n<p class=\"paragraph text_align_left\">C\u2019est une sc\u00e8ne incontournable et festive des fins de match \u00e0 domicile du club de <a href=\"https:\/\/www.leparisien.fr\/sports\/basket\/\" target=\"_blank\" rel=\"noreferrer noopener\">basket<\/a> de la capitale. Apr\u00e8s chaque victoire, les joueurs plongent vers le Kop Parisii, situ\u00e9 juste derri\u00e8re l\u2019un des paniers, pour chanter et danser au milieu de leurs bouillants supporters dans une douce folie qui emporte les 8000 spectateurs de l\u2019<a href=\"https:\/\/www.leparisien.fr\/paris-75\/ouverture-adidas-arena\/\" target=\"_blank\" rel=\"noreferrer noopener\">Adidas Arena<\/a>. La maison du Paris Basketball. The place to be !<\/p>\n","protected":false},"excerpt":{"rendered":"\u00ab Ol\u00e9l\u00e9, olala, mais qu\u2019est-ce qui s\u2019est pass\u00e9 ? On les a chicot\u00e9s. \u00bb S\u2019il ne ma\u00eetrise pas&hellip;\n","protected":false},"author":2,"featured_media":182822,"comment_status":"","ping_status":"","sticky":false,"template":"","format":"standard","meta":{"footnotes":""},"categories":[1888],"tags":[11,1465,1777,674,1011,27,12,626,25,60],"class_list":{"0":"post-182821","1":"post","2":"type-post","3":"status-publish","4":"format-standard","5":"has-post-thumbnail","7":"category-paris","8":"tag-actualites","9":"tag-basket","10":"tag-eu","11":"tag-europe","12":"tag-fr","13":"tag-france","14":"tag-news","15":"tag-paris","16":"tag-republique-francaise","17":"tag-sports"},"share_on_mastodon":{"url":"https:\/\/pubeurope.com\/@fr\/114697600087239777","error":""},"_links":{"self":[{"href":"https:\/\/www.europesays.com\/fr\/wp-json\/wp\/v2\/posts\/182821","targetHints":{"allow":["GET"]}}],"collection":[{"href":"https:\/\/www.europesays.com\/fr\/wp-json\/wp\/v2\/posts"}],"about":[{"href":"https:\/\/www.europesays.com\/fr\/wp-json\/wp\/v2\/types\/post"}],"author":[{"embeddable":true,"href":"https:\/\/www.europesays.com\/fr\/wp-json\/wp\/v2\/users\/2"}],"replies":[{"embeddable":true,"href":"https:\/\/www.europesays.com\/fr\/wp-json\/wp\/v2\/comments?post=182821"}],"version-history":[{"count":0,"href":"https:\/\/www.europesays.com\/fr\/wp-json\/wp\/v2\/posts\/182821\/revisions"}],"wp:featuredmedia":[{"embeddable":true,"href":"https:\/\/www.europesays.com\/fr\/wp-json\/wp\/v2\/media\/182822"}],"wp:attachment":[{"href":"https:\/\/www.europesays.com\/fr\/wp-json\/wp\/v2\/media?parent=182821"}],"wp:term":[{"taxonomy":"category","embeddable":true,"href":"https:\/\/www.europesays.com\/fr\/wp-json\/wp\/v2\/categories?post=182821"},{"taxonomy":"post_tag","embeddable":true,"href":"https:\/\/www.europesays.com\/fr\/wp-json\/wp\/v2\/tags?post=182821"}],"curies":[{"name":"wp","href":"https:\/\/api.w.org\/{rel}","templated":true}]}}