{"id":182825,"date":"2025-06-17T07:48:10","date_gmt":"2025-06-17T07:48:10","guid":{"rendered":"https:\/\/www.europesays.com\/fr\/182825\/"},"modified":"2025-06-17T07:48:10","modified_gmt":"2025-06-17T07:48:10","slug":"apres-laccident-de-car-mortel-quarante-personnes-rapatriees-en-ukraine-en-train-2","status":"publish","type":"post","link":"https:\/\/www.europesays.com\/fr\/182825\/","title":{"rendered":"Apr\u00e8s l\u2019accident de car mortel, quarante personnes rapatri\u00e9es en Ukraine en train"},"content":{"rendered":"<p><strong>DRAME &#8211; Quatre personnes sont d\u00e9c\u00e9d\u00e9es vendredi dans la Sarthe dans l\u2019accident d\u2019un car scolaire qui transportait des adolescents ukrainiens<\/strong><\/p>\n<p>Ils vont enfin pouvoir regagner leur foyer apr\u00e8s avoir connu l\u2019horreur. Quarante personnes qui se trouvaient dans le car scolaire qui s\u2019est renvers\u00e9e vendredi dans la Sarthe, <a href=\"https:\/\/www.20minutes.fr\/faits_divers\/4158374-20250613-sarthe-quatre-morts-dizaines-blesses-accident-car-autoroute-a81?at_medium=RSS%20feed&amp;at_campaign=ynews&amp;utm_source=yahoo&amp;utm_medium=rss&amp;utm_campaign=news_feed&amp;utm_content=in_article_link\" rel=\"nofollow noopener\" target=\"_blank\" data-ylk=\"slk:faisant quatre morts;elm:context_link;itc:0;sec:content-canvas\" class=\"link \">faisant quatre morts<\/a>, ont \u00e9t\u00e9 rapatri\u00e9es lundi apr\u00e8s-midi en train vers l\u2019Ukraine, a annonc\u00e9 la pr\u00e9fecture. Neuf passagers sont par ailleurs toujours hospitalis\u00e9s, \u00ab dont trois demeurent en soins critiques \u00bb, ont pr\u00e9cis\u00e9 les autorit\u00e9s.<\/p>\n<p>Le car transportait au total 58 passagers, pour la plupart des adolescents <a href=\"https:\/\/www.20minutes.fr\/monde\/ukraine\/?at_medium=RSS%20feed&amp;at_campaign=ynews&amp;utm_source=yahoo&amp;utm_medium=rss&amp;utm_campaign=news_feed&amp;utm_content=in_article_link\" rel=\"nofollow noopener\" target=\"_blank\" data-ylk=\"slk:ukrainiens;elm:context_link;itc:0;sec:content-canvas\" class=\"link \">ukrainiens<\/a> en voyage scolaire. Il avait quitt\u00e9 dans la matin\u00e9e Plo\u00ebrmel (Morbihan) pour rentrer \u00e0 Kitsman, dans l\u2019ouest de l\u2019Ukraine, d\u2019o\u00f9 sont originaires ces adolescents. <a href=\"https:\/\/www.20minutes.fr\/dossier\/accident?at_medium=RSS%20feed&amp;at_campaign=ynews&amp;utm_source=yahoo&amp;utm_medium=rss&amp;utm_campaign=news_feed&amp;utm_content=in_article_link\" rel=\"nofollow noopener\" target=\"_blank\" data-ylk=\"slk:L\u2019accident;elm:context_link;itc:0;sec:content-canvas\" class=\"link \">L\u2019accident<\/a> est survenu sur l\u2019autoroute A81, \u00e0 hauteur de la commune de Degr\u00e9, et a caus\u00e9 la mort de quatre personnes, toutes majeures.<\/p>\n<p>L\u2019un des chauffeurs du car mis en examen<\/p>\n<p>Dimanche, un des deux chauffeurs de l\u2019autocar <a href=\"https:\/\/www.20minutes.fr\/faits_divers\/4158609-20250615-sarthe-chauffeur-car-ukrainien-mis-examen-homicides-involontaires?at_medium=RSS%20feed&amp;at_campaign=ynews&amp;utm_source=yahoo&amp;utm_medium=rss&amp;utm_campaign=news_feed&amp;utm_content=in_article_link\" rel=\"nofollow noopener\" target=\"_blank\" data-ylk=\"slk:a \u00e9t\u00e9 mis en examen;elm:context_link;itc:0;sec:content-canvas\" class=\"link \">a \u00e9t\u00e9 mis en examen<\/a> notamment pour homicides involontaires, selon la procureure de Paris Laure Beccuau. Les deux chauffeurs ukrainiens avaient \u00e9t\u00e9 plac\u00e9s en garde \u00e0 vue dans le cadre d\u2019une enqu\u00eate de flagrance ouverte par le parquet du Mans.<\/p>\n<p>\u00ab Les d\u00e9pistages d\u2019alcool\u00e9mie et de recherche de stup\u00e9fiants r\u00e9alis\u00e9s sur leur personne apparaissaient n\u00e9gatifs \u00bb, avait pr\u00e9cis\u00e9 la procureure dans un communiqu\u00e9 dimanche.<\/p>\n<p><a href=\"https:\/\/www.20minutes.fr\/faits_divers\/4158877-20250617-sarthe-apres-accident-car-mortel-quarante-personnes-rapatriees-ukraine-train?at_medium=RSS%20feed&amp;at_campaign=ynews&amp;utm_source=yahoo&amp;utm_medium=rss&amp;utm_campaign=news_feed&amp;utm_content=read_more_link\" rel=\"nofollow noopener\" target=\"_blank\" data-ylk=\"slk:Lire la suite sur 20minutes;elm:context_link;itc:0;sec:content-canvas\" class=\"link \">Lire la suite sur 20minutes<\/a><\/p>\n<p>\u00c0 lire aussi :<br \/><a href=\"https:\/\/www.20minutes.fr\/faits_divers\/4158844-20250616-airbags-takata-defectueux-mere-famille-tuee-reims?at_medium=RSS%20feed&amp;at_campaign=ynews&amp;utm_source=yahoo&amp;utm_medium=rss&amp;utm_campaign=news_feed&amp;utm_content=related_content_link\" rel=\"nofollow noopener\" target=\"_blank\" data-ylk=\"slk:Airbags Takata d\u00e9fectueux : Une m\u00e8re de famille tu\u00e9e \u00e0 Reims;elm:context_link;itc:0;sec:content-canvas\" class=\"link \">Airbags Takata d\u00e9fectueux : Une m\u00e8re de famille tu\u00e9e \u00e0 Reims<\/a><br \/><a href=\"https:\/\/www.20minutes.fr\/faits_divers\/4158725-20250616-finistere-fillette-10-ans-grievement-blessee-apres-avoir-percutee-char-voile?at_medium=RSS%20feed&amp;at_campaign=ynews&amp;utm_source=yahoo&amp;utm_medium=rss&amp;utm_campaign=news_feed&amp;utm_content=related_content_link\" rel=\"nofollow noopener\" target=\"_blank\" data-ylk=\"slk:Finist\u00e8re : Une fillette de 10 ans gri\u00e8vement bless\u00e9e apr\u00e8s avoir \u00e9t\u00e9 percut\u00e9e par un char \u00e0 voile;elm:context_link;itc:0;sec:content-canvas\" class=\"link \">Finist\u00e8re : Une fillette de 10 ans gri\u00e8vement bless\u00e9e apr\u00e8s avoir \u00e9t\u00e9 percut\u00e9e par un char \u00e0 voile<\/a><\/p>\n","protected":false},"excerpt":{"rendered":"DRAME &#8211; Quatre personnes sont d\u00e9c\u00e9d\u00e9es vendredi dans la Sarthe dans l\u2019accident d\u2019un car scolaire qui transportait des&hellip;\n","protected":false},"author":2,"featured_media":182826,"comment_status":"","ping_status":"","sticky":false,"template":"","format":"standard","meta":{"footnotes":""},"categories":[1590],"tags":[11,1777,674,20399,32087,12,25849,220],"class_list":{"0":"post-182825","1":"post","2":"type-post","3":"status-publish","4":"format-standard","5":"has-post-thumbnail","7":"category-ukraine","8":"tag-actualites","9":"tag-eu","10":"tag-europe","11":"tag-laccident","12":"tag-le-car","13":"tag-news","14":"tag-sarthe","15":"tag-ukraine"},"share_on_mastodon":{"url":"https:\/\/pubeurope.com\/@fr\/114697607829682375","error":""},"_links":{"self":[{"href":"https:\/\/www.europesays.com\/fr\/wp-json\/wp\/v2\/posts\/182825","targetHints":{"allow":["GET"]}}],"collection":[{"href":"https:\/\/www.europesays.com\/fr\/wp-json\/wp\/v2\/posts"}],"about":[{"href":"https:\/\/www.europesays.com\/fr\/wp-json\/wp\/v2\/types\/post"}],"author":[{"embeddable":true,"href":"https:\/\/www.europesays.com\/fr\/wp-json\/wp\/v2\/users\/2"}],"replies":[{"embeddable":true,"href":"https:\/\/www.europesays.com\/fr\/wp-json\/wp\/v2\/comments?post=182825"}],"version-history":[{"count":0,"href":"https:\/\/www.europesays.com\/fr\/wp-json\/wp\/v2\/posts\/182825\/revisions"}],"wp:featuredmedia":[{"embeddable":true,"href":"https:\/\/www.europesays.com\/fr\/wp-json\/wp\/v2\/media\/182826"}],"wp:attachment":[{"href":"https:\/\/www.europesays.com\/fr\/wp-json\/wp\/v2\/media?parent=182825"}],"wp:term":[{"taxonomy":"category","embeddable":true,"href":"https:\/\/www.europesays.com\/fr\/wp-json\/wp\/v2\/categories?post=182825"},{"taxonomy":"post_tag","embeddable":true,"href":"https:\/\/www.europesays.com\/fr\/wp-json\/wp\/v2\/tags?post=182825"}],"curies":[{"name":"wp","href":"https:\/\/api.w.org\/{rel}","templated":true}]}}