{"id":182831,"date":"2025-06-17T07:51:14","date_gmt":"2025-06-17T07:51:14","guid":{"rendered":"https:\/\/www.europesays.com\/fr\/182831\/"},"modified":"2025-06-17T07:51:14","modified_gmt":"2025-06-17T07:51:14","slug":"en-allemagne-le-schleswig-holstein-va-abandonner-les-outils-microsoft-comme-teams-ou-office","status":"publish","type":"post","link":"https:\/\/www.europesays.com\/fr\/182831\/","title":{"rendered":"En Allemagne, le Schleswig-Holstein va abandonner les outils Microsoft comme Teams ou Office"},"content":{"rendered":"<p>Le Schleswig-Holstein n&rsquo;est pas le plus grand des L\u00e4nder allemands, mais il abandonne les outils de Microsoft et c&rsquo;est une avanc\u00e9e importante dans ce domaine. D&rsquo;ici trois mois, une partie des fonctionnaires, policiers ou juges du Land n&rsquo;utiliseront en effet plus Teams, Microsoft Office ou Outlook. Ils vont \u00eatre remplac\u00e9s par des outils open source comme LibreOffice ou Open-Xchange, une alternative \u00e0 Microsoft Exchange con\u00e7ue outre-Rhin.<\/p>\n<p><img decoding=\"async\" loading=\"lazy\" src=\"https:\/\/www.europesays.com\/fr\/wp-content\/uploads\/2025\/06\/mg-8bbd97ee-w2552-w828-w1300.jpg\"   data-jslghtbx=\"https:\/\/cdn.mgig.fr\/2025\/06\/mg-8bbd97ee-w2552.jpg\"\/>Un des symboles de la r\u00e9gion, le phare de Westerheversand. Marco Leiter, <a rel=\"nofollow noopener\" href=\"https:\/\/fr.wikipedia.org\/wiki\/Schleswig-Holstein#\/media\/Fichier:Leuchtturm_in_Westerheversand_crop.jpg\" target=\"_blank\">CC BY-SA 4.0<\/a>.<\/p>\n<p>Ce changement radical, qui devrait aussi dans le futur toucher les enseignants, est notamment mis en place pour tenter de r\u00e9duire la d\u00e9pendance num\u00e9rique aux outils nord-am\u00e9ricains mais devrait aussi permettre de faire \u00e9conomiser des dizaines de millions d&rsquo;euros \u00e0 l&rsquo;administration locale. Au-del\u00e0 des outils eux-m\u00eames, une migration vers un syst\u00e8me d&rsquo;exploitation GNU\/Linux en lieu et place de Windows est aussi pr\u00e9vue, mais pas directement. De m\u00eame, les infrastructures qui stockent des donn\u00e9es devraient abandonner les serveurs de Microsoft \u2014 un des champions dans ce domaine \u2014 pour passer chez des fournisseurs allemands.<\/p>\n<p>La question de la p\u00e9rennit\u00e9 de choix demeure tout de m\u00eame importante, et le cas de Munich (en Bavi\u00e8re) est probablement <a rel=\"nofollow noopener\" href=\"https:\/\/interoperable-europe.ec.europa.eu\/collection\/open-source-observatory-osor\/document\/munichs-long-history-open-source-public-administration\" target=\"_blank\">le plus connu<\/a>. La ville \u00e9tait pass\u00e9e sous GNU\/Linux d\u00e8s 2004, avant de revenir en partie \u00e0 Windows en 2020. Mais la ville continue \u00e0 mettre en avant l&rsquo;open source pour de nombreux usages. Enfin, l&rsquo;abandon de Windows 10 en octobre devrait aussi acc\u00e9l\u00e9rer le passage de certaines administrations vers des solutions open source, notamment \u00e0 cause des co\u00fbts associ\u00e9s \u00e0 la migration vers Windows 11 (ou \u00e0 ceux de la maintenance de Windows 10, propos\u00e9e aux entreprises). <\/p>\n","protected":false},"excerpt":{"rendered":"Le Schleswig-Holstein n&rsquo;est pas le plus grand des L\u00e4nder allemands, mais il abandonne les outils de Microsoft et&hellip;\n","protected":false},"author":2,"featured_media":182832,"comment_status":"","ping_status":"","sticky":false,"template":"","format":"standard","meta":{"footnotes":""},"categories":[1587],"tags":[11,672,1804,1805,1803,1777,674,1801,12,7867,1802,32088],"class_list":{"0":"post-182831","1":"post","2":"type-post","3":"status-publish","4":"format-standard","5":"has-post-thumbnail","7":"category-allemagne","8":"tag-actualites","9":"tag-allemagne","10":"tag-bundesrepublik-deutschland","11":"tag-de","12":"tag-deutschland","13":"tag-eu","14":"tag-europe","15":"tag-germany","16":"tag-news","17":"tag-open-source","18":"tag-republique-federale-dallemagne","19":"tag-windows"},"share_on_mastodon":{"url":"https:\/\/pubeurope.com\/@fr\/114697619597274368","error":""},"_links":{"self":[{"href":"https:\/\/www.europesays.com\/fr\/wp-json\/wp\/v2\/posts\/182831","targetHints":{"allow":["GET"]}}],"collection":[{"href":"https:\/\/www.europesays.com\/fr\/wp-json\/wp\/v2\/posts"}],"about":[{"href":"https:\/\/www.europesays.com\/fr\/wp-json\/wp\/v2\/types\/post"}],"author":[{"embeddable":true,"href":"https:\/\/www.europesays.com\/fr\/wp-json\/wp\/v2\/users\/2"}],"replies":[{"embeddable":true,"href":"https:\/\/www.europesays.com\/fr\/wp-json\/wp\/v2\/comments?post=182831"}],"version-history":[{"count":0,"href":"https:\/\/www.europesays.com\/fr\/wp-json\/wp\/v2\/posts\/182831\/revisions"}],"wp:featuredmedia":[{"embeddable":true,"href":"https:\/\/www.europesays.com\/fr\/wp-json\/wp\/v2\/media\/182832"}],"wp:attachment":[{"href":"https:\/\/www.europesays.com\/fr\/wp-json\/wp\/v2\/media?parent=182831"}],"wp:term":[{"taxonomy":"category","embeddable":true,"href":"https:\/\/www.europesays.com\/fr\/wp-json\/wp\/v2\/categories?post=182831"},{"taxonomy":"post_tag","embeddable":true,"href":"https:\/\/www.europesays.com\/fr\/wp-json\/wp\/v2\/tags?post=182831"}],"curies":[{"name":"wp","href":"https:\/\/api.w.org\/{rel}","templated":true}]}}