{"id":182833,"date":"2025-06-17T07:52:09","date_gmt":"2025-06-17T07:52:09","guid":{"rendered":"https:\/\/www.europesays.com\/fr\/182833\/"},"modified":"2025-06-17T07:52:09","modified_gmt":"2025-06-17T07:52:09","slug":"leurope-ouvre-dans-le-rouge-sans-signe-daccalmie-au-moyen-orient","status":"publish","type":"post","link":"https:\/\/www.europesays.com\/fr\/182833\/","title":{"rendered":"L&rsquo;Europe ouvre dans le rouge sans signe d&rsquo;accalmie au Moyen-Orient"},"content":{"rendered":"<p>\u00c0 Paris, le CAC 40 perd 0,86% \u00e0 7.675,43 points vers 07h15 GMT. \u00c0 Francfort, le Dax recule de 1,25% et \u00e0 Londres, le FTSE 100 c\u00e8de 0,57%.<\/p>\n<p>L&rsquo;indice EuroStoxx 50 est en baisse de 1,03%, le FTSEurofirst 300 perd 0,88% et le Stoxx 600 de c\u00e8de 0,87%.<\/p>\n<p>Ira\u00ebl et l&rsquo;Iran se sont de nouveau attaqu\u00e9s mardi et le pr\u00e9sident am\u00e9ricain Donald Trump, qui a quitt\u00e9 le sommet du G7 plus t\u00f4t que pr\u00e9vu, a exhort\u00e9 les Iraniens \u00e0 \u00e9vacuer T\u00e9h\u00e9ran, suscitant l&rsquo;inqui\u00e9tude croissante de la communaut\u00e9 internationale.<\/p>\n<p>Le pr\u00e9sident fran\u00e7ais Emmanuel Macron a affirm\u00e9 il y a quelques heures que son homologue am\u00e9ricain Donald Trump avait fait une offre de cessez-le-feu \u00e0 Isra\u00ebl et \u00e0 l&rsquo;Iran, le locataire de la Maison blanche a d\u00e9clar\u00e9 par la suite que son d\u00e9part du G7 pour se rendre \u00e0 Washington n&rsquo;avait \u00ab\u00a0rien \u00e0 voir\u00a0\u00bb avec un cessez-le-feu dans la r\u00e9gion.<\/p>\n<p>\u00ab\u00a0On peut encore se demander si Isra\u00ebl serait r\u00e9ceptif \u00e0 un cessez-le-feu, \u00e9tant donn\u00e9 qu&rsquo;il cherche \u00e0 d\u00e9truire le programme nucl\u00e9aire iranien\u00a0\u00bb, soulignent pour leur part les analystes de Deutsche Bank. <\/p>\n<p>Aux valeurs, Asos avance de 2,5% apr\u00e8s avoir annonc\u00e9 la nomination d&rsquo;Aaron Izzard au poste de directeur financier. <\/p>\n<p>Les actions des groupes europ\u00e9ens sp\u00e9cialis\u00e9s dans les \u00e9nergies renouvelables reculent apr\u00e8s que la commission des Finances du S\u00e9nat am\u00e9ricain a d\u00e9voil\u00e9 des modifications au projet de loi du pr\u00e9sident Donald Trump sur les r\u00e9ductions d&rsquo;imp\u00f4ts et les d\u00e9penses, qui supprimeraient progressivement les cr\u00e9dits d&rsquo;imp\u00f4ts pour l&rsquo;\u00e9nergie solaire, \u00e9olienne et \u00e9nerg\u00e9tique d&rsquo;ici 2028.<\/p>\n<p>Le fournisseur allemand de pi\u00e8ces pour l&rsquo;\u00e9nergie solaire SMA Solar perd 4% et le d\u00e9veloppeur danois d&rsquo;\u00e9oliennes offshore Orsted recule de 2,8%.<\/p>\n<p>Le fabricant allemand de turbines \u00e9oliennes Nordex et son rival danois Vestas sont tous deux en baisse d&rsquo;environ 2%.<\/p>\n<p> (R\u00e9dig\u00e9 par Diana Mandi\u00e1, \u00e9dit\u00e9 par Blandine H\u00e9nault)<\/p>\n","protected":false},"excerpt":{"rendered":"\u00c0 Paris, le CAC 40 perd 0,86% \u00e0 7.675,43 points vers 07h15 GMT. \u00c0 Francfort, le Dax recule&hellip;\n","protected":false},"author":2,"featured_media":182834,"comment_status":"","ping_status":"","sticky":false,"template":"","format":"standard","meta":{"footnotes":""},"categories":[1586],"tags":[11,2125,1777,674,1011,27,2124,12,25],"class_list":{"0":"post-182833","1":"post","2":"type-post","3":"status-publish","4":"format-standard","5":"has-post-thumbnail","7":"category-europe","8":"tag-actualites","9":"tag-depeches-reuters","10":"tag-eu","11":"tag-europe","12":"tag-fr","13":"tag-france","14":"tag-infos-reuters","15":"tag-news","16":"tag-republique-francaise"},"share_on_mastodon":{"url":"https:\/\/pubeurope.com\/@fr\/114697623498767434","error":""},"_links":{"self":[{"href":"https:\/\/www.europesays.com\/fr\/wp-json\/wp\/v2\/posts\/182833","targetHints":{"allow":["GET"]}}],"collection":[{"href":"https:\/\/www.europesays.com\/fr\/wp-json\/wp\/v2\/posts"}],"about":[{"href":"https:\/\/www.europesays.com\/fr\/wp-json\/wp\/v2\/types\/post"}],"author":[{"embeddable":true,"href":"https:\/\/www.europesays.com\/fr\/wp-json\/wp\/v2\/users\/2"}],"replies":[{"embeddable":true,"href":"https:\/\/www.europesays.com\/fr\/wp-json\/wp\/v2\/comments?post=182833"}],"version-history":[{"count":0,"href":"https:\/\/www.europesays.com\/fr\/wp-json\/wp\/v2\/posts\/182833\/revisions"}],"wp:featuredmedia":[{"embeddable":true,"href":"https:\/\/www.europesays.com\/fr\/wp-json\/wp\/v2\/media\/182834"}],"wp:attachment":[{"href":"https:\/\/www.europesays.com\/fr\/wp-json\/wp\/v2\/media?parent=182833"}],"wp:term":[{"taxonomy":"category","embeddable":true,"href":"https:\/\/www.europesays.com\/fr\/wp-json\/wp\/v2\/categories?post=182833"},{"taxonomy":"post_tag","embeddable":true,"href":"https:\/\/www.europesays.com\/fr\/wp-json\/wp\/v2\/tags?post=182833"}],"curies":[{"name":"wp","href":"https:\/\/api.w.org\/{rel}","templated":true}]}}