{"id":182839,"date":"2025-06-17T07:55:10","date_gmt":"2025-06-17T07:55:10","guid":{"rendered":"https:\/\/www.europesays.com\/fr\/182839\/"},"modified":"2025-06-17T07:55:10","modified_gmt":"2025-06-17T07:55:10","slug":"panne-sfr-plusieurs-heures-de-chaos-telecoms-voici-ce-que-lon-sait-ce-matin-frandroid","status":"publish","type":"post","link":"https:\/\/www.europesays.com\/fr\/182839\/","title":{"rendered":"Panne SFR : plusieurs heures de chaos t\u00e9l\u00e9coms, voici ce que l\u2019on sait ce matin &#8211; Frandroid"},"content":{"rendered":"<ol>\n<li><a href=\"https:\/\/news.google.com\/rss\/articles\/CBMivAFBVV95cUxPN20yWHZxM1ZldWh3cmRGQ1NaM01lVmc3SEpJQjJ5Q3ktbFlXRnZySUNKRFZjNTAxNzdVWlRIQ1gzUF9wNWxZTFlJMEVLenIzZjg2a2YyT0VGT3BDZ0IzOUhZdkJBTl9GcnlkVk5WdFBWZl91aTB1Z3Y2MWdTblJ4VngtZWh4T1BWcGF3TlY0Wk5LclY0RUlNVDU0Ni1yQ2tYQjZSTzNTbkRDaE9aa1VId1RrMEI3cGI2SENwbw?oc=5\" target=\"_blank\" rel=\"nofollow noopener\">Panne SFR : plusieurs heures de chaos t\u00e9l\u00e9coms, voici ce que l\u2019on sait ce matin<\/a>&nbsp;&nbsp;Frandroid<\/li>\n<li><a href=\"https:\/\/news.google.com\/rss\/articles\/CBMi7AFBVV95cUxQZGtsZXoyOUZ2dXRrZlpyTmVMODJuOWlORUptdGlhOFNRVHB2dmZzbkY4UW9YTjdlWm1NWGxvazFMaXpWMnVtT0xQVWxCMkVPREFKQXRxZDBoTDluSXFTTVBmWGw2WHFuUEc1aG1zcUVWZGhIRlhCbnYzaTJCY3VfdjgyY1ozajFzeFpMMllpVUxOVFluaGd4QWl2Q19PZWZsMzFrM2xMUU8yU0JOMjRSZlB4R1ZKMmVwX0ViazlvUjl1cXAzN0wzMjBVWUdGSE1abWFSakptQk5ZbHdVdS03NVllNHkteTAwMDVtaw?oc=5\" target=\"_blank\" rel=\"nofollow noopener\">Le r\u00e9seau SFR en panne dans toute la France depuis la fin de matin\u00e9e<\/a>&nbsp;&nbsp;Lib\u00e9ration<\/li>\n<li><a href=\"https:\/\/news.google.com\/rss\/articles\/CBMi4wFBVV95cUxPMGh3aFBYWVBCNlhudkZQMFZzQlQxU1lTZzc0V2dUcWJGUkQwWWlXc3FPN0I5cm9IX2p4OXR1WTd5azJTalVUUGlCakNJc3k4dUFsY0VJaHpySTBBb1oxZzJsaHY0Sk9YdDFhS2Y1QlVLSGZvdTFucjRCT0swamFLSkdpUWZteVFmUXpTRXZMTTV0Wmg4YnAzaFp4NXZtby1SSDllQ2ZOOHBpR09rUGVKVDlqOW5BNk83Ti1DeFpzRFo5OHZWOVJMOEV0VjRXM0t5c2NkaEpXTVhqRmRQd1JhUElMRQ?oc=5\" target=\"_blank\" rel=\"nofollow noopener\">Panne SFR : l&rsquo;op\u00e9rateur assure que le r\u00e9seau internet et t\u00e9l\u00e9phone est r\u00e9tabli \u00ab\u00a0depuis minuit\u00a0\u00bb, apr\u00e8s un incident \u00ab\u00a0logiciel\u00a0\u00bb<\/a>&nbsp;&nbsp;France Info<\/li>\n<li><a href=\"https:\/\/news.google.com\/rss\/articles\/CBMi2gFBVV95cUxOd0J3cEpvOTFPb3BUa3VrTUxxcEIwN3oyOGdKLUVDdE01OTNvdUh5RWI0WlFfLXpXRU1oWGVONGN3NTN5MS1TS2FKTmJHYnhOZVFxbEh5YlRTemlLeGY5WmVYblZaY19UTWRFUEJ1YUM5VF9IUmR6QUFmbVJLTEJCa1VQMFdQTWgzZV90MjUzNkZtQmJCVUtORWJ0d1BZX3FLNW0tYm8zV19PR3FEeGtzb0FCYzNNTGJEU0hMSnhrY3ItX1Rra3llcGg0LTBkRXdzMXFEQ0JNdC1RUQ?oc=5\" target=\"_blank\" rel=\"nofollow noopener\">La panne SFR provoque une belle pagaille dans l\u2019Hexagone, des pompiers aux restaurants<\/a>&nbsp;&nbsp;Le HuffPost<\/li>\n<li><a href=\"https:\/\/news.google.com\/rss\/articles\/CBMiqgFBVV95cUxQSVRtTTRSMXkxS1FJQWNsaUc0Ukh3V2JSemtEem9uZHJHRkRqYkJRVGI4OEZPX3pRNUIyVWFQZ0pXSXl5S3l6ZzViNzlIUnlFTTljbjhOb2cwQzNpWTNaWGpELTVTT3dOX2pNWkhLaElDTE9FemZ2UDA3eWpwTDdnYjNaaE05bmVSQUk4UUZGaW56VGRZX0Q1bHF3bEl2NXEyejJadkN4TFhzUQ?oc=5\" target=\"_blank\" rel=\"nofollow noopener\">Panne massive chez SFR : un coup dur pour Patrick Drahi<\/a>&nbsp;&nbsp;Challenges<\/li>\n<\/ol>\n","protected":false},"excerpt":{"rendered":"Panne SFR : plusieurs heures de chaos t\u00e9l\u00e9coms, voici ce que l\u2019on sait ce matin&nbsp;&nbsp;Frandroid Le r\u00e9seau SFR&hellip;\n","protected":false},"author":2,"featured_media":182840,"comment_status":"","ping_status":"","sticky":false,"template":"","format":"standard","meta":{"footnotes":""},"categories":[2],"tags":[11,270,1011,27,12,25],"class_list":{"0":"post-182839","1":"post","2":"type-post","3":"status-publish","4":"format-standard","5":"has-post-thumbnail","7":"category-actualites","8":"tag-actualites","9":"tag-breaking","10":"tag-fr","11":"tag-france","12":"tag-news","13":"tag-republique-francaise"},"share_on_mastodon":{"url":"https:\/\/pubeurope.com\/@fr\/114697635525896750","error":""},"_links":{"self":[{"href":"https:\/\/www.europesays.com\/fr\/wp-json\/wp\/v2\/posts\/182839","targetHints":{"allow":["GET"]}}],"collection":[{"href":"https:\/\/www.europesays.com\/fr\/wp-json\/wp\/v2\/posts"}],"about":[{"href":"https:\/\/www.europesays.com\/fr\/wp-json\/wp\/v2\/types\/post"}],"author":[{"embeddable":true,"href":"https:\/\/www.europesays.com\/fr\/wp-json\/wp\/v2\/users\/2"}],"replies":[{"embeddable":true,"href":"https:\/\/www.europesays.com\/fr\/wp-json\/wp\/v2\/comments?post=182839"}],"version-history":[{"count":0,"href":"https:\/\/www.europesays.com\/fr\/wp-json\/wp\/v2\/posts\/182839\/revisions"}],"wp:featuredmedia":[{"embeddable":true,"href":"https:\/\/www.europesays.com\/fr\/wp-json\/wp\/v2\/media\/182840"}],"wp:attachment":[{"href":"https:\/\/www.europesays.com\/fr\/wp-json\/wp\/v2\/media?parent=182839"}],"wp:term":[{"taxonomy":"category","embeddable":true,"href":"https:\/\/www.europesays.com\/fr\/wp-json\/wp\/v2\/categories?post=182839"},{"taxonomy":"post_tag","embeddable":true,"href":"https:\/\/www.europesays.com\/fr\/wp-json\/wp\/v2\/tags?post=182839"}],"curies":[{"name":"wp","href":"https:\/\/api.w.org\/{rel}","templated":true}]}}