{"id":182841,"date":"2025-06-17T07:56:09","date_gmt":"2025-06-17T07:56:09","guid":{"rendered":"https:\/\/www.europesays.com\/fr\/182841\/"},"modified":"2025-06-17T07:56:09","modified_gmt":"2025-06-17T07:56:09","slug":"suivez-le-tour-de-france-2025-sur-nos-antennes","status":"publish","type":"post","link":"https:\/\/www.europesays.com\/fr\/182841\/","title":{"rendered":"Suivez le Tour de France 2025 sur nos antennes"},"content":{"rendered":"<p>Radio France, m\u00e9dia officiel du Tour de France 2025<\/p>\n<p>Les antennes de Radio France, en particulier <strong>franceinfo et ICI, radios officielles du Tour de France<\/strong>, vous proposent de suivre en direct du 5 au 27 juillet les \u00e9tapes masculines et les \u00e9tapes f\u00e9minines du 12 au 18 ao\u00fbt 2025 de la Grande Boucle.<\/p>\n<p><strong>Une \u00e9dition 100% hexagonale et une \u00e9tape finale in\u00e9dite avant de rejoindre les Champs-\u00c9lys\u00e9es<\/strong><\/p>\n<p>Samedi 5 juillet, <strong>les 176 coureurs des 22 \u00e9quipes participant \u00e0 la 112e \u00e9dition masculine<\/strong> prendront le d\u00e9part depuis Lille. Cette \u00e9dition traversa onze r\u00e9gions et 34 d\u00e9partements en passant par la Normandie, la Bretagne, le Massif central avant les Pyr\u00e9n\u00e9es et les Alpes en 21 \u00e9tapes. Pour la premi\u00e8re fois, les coureurs graviront trois fois la butte Montmartre avant d&rsquo;en terminer sur les Champs-Elys\u00e9es.<\/p>\n<p><strong>La quatri\u00e8me \u00e9dition du Tour de France femme avec Zwift<\/strong> s&rsquo;\u00e9lancera de Vannes le 26 juillet. Les <strong>22 \u00e9quipes de 7 coureuses s&rsquo;affronteront sur 1 165 km de course<\/strong> et traverserons 15 d\u00e9partements\u00a0: Morbihan, Finist\u00e8re, Ille-et-Vilaine, Loire-Atlantique, Maine-et-Loire, Indre-et-Loire, Vienne, Indre, Haute-Vienne, Creuse, Puy-de-D\u00f4me, Ain, Is\u00e8re, Savoie et Haute-Savoie. Apr\u00e8s<strong> neuf \u00e9tapes<\/strong> (2 \u00e9tapes de plaine, 2 de moyenne montagne, 2 de haute montagne et 3 accident\u00e9es) ce Tour de France Femmes avec Zwift s&rsquo;ach\u00e8vera le dimanche 3 ao\u00fbt par une \u00e9preuve de montagne entre Praz-sur-Arly et Ch\u00e2tel.<\/p>\n<p>\u25a0 Toutes les infos sur le site officiel du Tour de France sur <a href=\"https:\/\/www.letour.fr\/fr\" target=\"_blank\" title=\"Le site officiel du Tour de France - Nouvelle fen\u00eatre\" rel=\"nofollow noopener\">letour.fr\/fr<\/a>.<\/p>\n<p><strong>Les journalistes Catherine Pottier et Fabrice Rigobert, journalistes \u00e0 franceinfo\u00a0; Benjamin Troncin, Louis de Bergevin, Mathieu Ferri, Fran\u00e7ois Sauvestre, journalistes sportifs de ICI\u00a0; Fanny Lechevestrier, Xavier, Montferrand et Nicolas Perronnet journalistes \u00e0 la direction des sports de Radio France, vous feront vivre cette course mythique sur les antennes de Radio France.<\/strong><\/p>\n<p>Sur franceinfo<\/p>\n<ul>\n<li>Du lundi au dimanche \u00e0 6h36, 7h36, 9h36 dans <a href=\"https:\/\/www.radiofrance.fr\/franceinfo\/podcasts\/franceinfo-sport\" target=\"_blank\" title=\"franceinfo sport chaque matin - Nouvelle fen\u00eatre\" rel=\"nofollow noopener\">franceinfo sport<\/a> la direction des sports vous propose un condens\u00e9 des temps forts\u00a0: rendez-vous incontournables \u00e0 ne pas manquer, debriefs, d\u00e9cryptages, analyses et coulisses du jour\u00a0;<\/li>\n<li>Du lundi au vendredi, de 11h20 \u00e0 12h\u00a0: l&rsquo;\u00e9mission <a href=\"https:\/\/www.radiofrance.fr\/franceinfo\/podcasts\/les-informes-du-tour\" target=\"_blank\" title=\"Les inform\u00e9 du Tour - Nouvelle fen\u00eatre\" rel=\"nofollow noopener\">Les inform\u00e9 du Tour<\/a> en direct depuis le village d\u00e9part avec Fabrice Rigobert pour le Tour masculin et Catherine Pottier pour le Tour f\u00e9minin et leurs invit\u00e9s passent en revue la course, les r\u00e9gions, les performances,&#8230;\u00a0;<\/li>\n<li>En direct toutes les demi-heures tout au long de la course, les commentaires de Fanny Lechevestrier, journaliste sportive \u00e0 Radio France, Jean-Fran\u00e7ois Bernard, consultant cyclisme pour Radio France et nos journalistes sur les motos.<\/li>\n<li>L&rsquo;arriv\u00e9e de l&rsquo;\u00e9tape du jour en direct\u00a0;<\/li>\n<li>De 19h40 \u00e0 19h55\u00a0: <a href=\"https:\/\/www.francetvinfo.fr\/replay-radio\/le-club-tour\/\" target=\"_blank\" title=\"Le club Tour sur franceinfo - Nouvelle fen\u00eatre\" rel=\"nofollow noopener\">Le club Tour<\/a> depuis l\u2019arriv\u00e9e avec Fabrice Rigobert ou Catherine Pottier, en partenariat avec L&rsquo;\u00c9quipe, avec ses invit\u00e9s analysent l\u2019\u00e9tape du jour.<\/li>\n<\/ul>\n<p>\u25a0<strong><strong> <\/strong><\/strong>Toutes les infos et la course hommes en direct \u00e0 suivre sur <a href=\"https:\/\/www.franceinfo.fr\/tour-de-france\/\" target=\"_blank\" title=\"Le Tour de France masculin 2025 sur franceinfo - Nouvelle fen\u00eatre\" rel=\"nofollow noopener\">franceinfo.fr<\/a> et le Tour f\u00e9minin toujours sur <a href=\"https:\/\/www.franceinfo.fr\/tour-de-france\/femmes\/\" target=\"_blank\" title=\"Le Tour de France f\u00e9minin sur le site de franceinfo - Nouvelle fen\u00eatre\" rel=\"nofollow noopener\">franceinfo.fr<\/a>.<\/p>\n<p>Sur ICI<\/p>\n<p>Chaque jour, \u00e9tape de repos comprise, ICI vous proposera des \u00e9missions sp\u00e9ciales en direct depuis le\u00a0\u00ab\u202fvillage d\u00e9part\u00a0\u00bb\u00a0avec des invit\u00e9s, des consultants et nos reporters sur le parcours, au plus pr\u00e8s des spectateurs.<\/p>\n<p>Et tout au long de la journ\u00e9e rendez-vous sur ICI pour un point sur les enjeux, le contexte, les favoris, l\u2019ambiance, le d\u00e9cor des \u00e9tapes et l&rsquo;arriv\u00e9e en direct.<\/p>\n<p>Plus de 20 radios sur 44 locales seront ainsi pr\u00e9sentes sur le parcours toute la journ\u00e9e\u00a0: matinales, reportages, chroniques d\u00e9di\u00e9es, points d\u2019\u00e9tape,\u2026 ainsi qu\u2019une \u00e9mission quotidienne.   <\/p>\n<p>Une belle occasion \u00e9galement pour vous faire (re)d\u00e9couvrir les produits du terroir et les sp\u00e9cialit\u00e9s culinaires r\u00e9gionales que traversera le peloton.<\/p>\n<p>\u25a0 Chaque soir de 17h \u00e0 18h, du lundi au dimanche jusqu&rsquo;au 27 juillet,\u00a0\u00ab\u202f100% tour\u00a0\u00bb\u00a0pour suivre le Tour en temps r\u00e9el.<\/p>\n<p>Et enfin, pour vous aider \u00e0 ne pas vous retrouver coinc\u00e9 dans les bouchons tout au long des routes travers\u00e9es par les coureurs, n&rsquo;h\u00e9sitez pas \u00e0 vous brancher sur la station locale de France Bleu qui vous informera r\u00e9guli\u00e8rement et en temps r\u00e9el sur la circulation et le passage de la caravane du Tour.<\/p>\n<p>\u25a0<strong><strong> <\/strong><\/strong>Les infos pratiques, la pr\u00e9sentation des \u00e9tapes, les interviews, les infos insolites et la course \u00e0 suivre sur <a href=\"https:\/\/www.francebleu.fr\/theme\/tour-de-france\" target=\"_blank\" title=\"Le Tour de France 2025 sur ICI - Nouvelle fen\u00eatre\" rel=\"nofollow noopener\">ici.fr<\/a><\/p>\n<p>Nouveaut\u00e9 2025\u00a0: le r\u00e9seau ICI int\u00e8gre la caravane publicitaire\u00a0!<\/p>\n<p><strong>Un char et deux v\u00e9hicules \u00e9v\u00e8nementiels ICI sillonneront les routes de France<\/strong> cet \u00e9t\u00e9 et ainsi, \u00e0 chaque \u00e9tape, iront \u00e0 la rencontre des publics pour partager les moments forts du Tour. Une animation mobile sera \u00e9galement pr\u00e9sente sur les lignes de d\u00e9part, au plus pr\u00e8s des passionn\u00e9s.  <\/p>\n<p>Chaque jour, 2 heureux gagnants du jeu\u00a0\u00ab\u202fTour de France 2025\u00a0\u00bb\u00a0s\u2019installeront \u00e0 bord du <strong>char ICI<\/strong> et d\u00e9couvriront l\u2019ambiance unique du Tour.<\/p>\n","protected":false},"excerpt":{"rendered":"Radio France, m\u00e9dia officiel du Tour de France 2025 Les antennes de Radio France, en particulier franceinfo et&hellip;\n","protected":false},"author":2,"featured_media":182842,"comment_status":"","ping_status":"","sticky":false,"template":"","format":"standard","meta":{"footnotes":""},"categories":[4],"tags":[11,207,1011,27,12,25,517,210,208],"class_list":{"0":"post-182841","1":"post","2":"type-post","3":"status-publish","4":"format-standard","5":"has-post-thumbnail","7":"category-france","8":"tag-actualites","9":"tag-cyclisme","10":"tag-fr","11":"tag-france","12":"tag-news","13":"tag-republique-francaise","14":"tag-sport","15":"tag-tour-de-france","16":"tag-velo"},"share_on_mastodon":{"url":"https:\/\/pubeurope.com\/@fr\/114697639282846530","error":""},"_links":{"self":[{"href":"https:\/\/www.europesays.com\/fr\/wp-json\/wp\/v2\/posts\/182841","targetHints":{"allow":["GET"]}}],"collection":[{"href":"https:\/\/www.europesays.com\/fr\/wp-json\/wp\/v2\/posts"}],"about":[{"href":"https:\/\/www.europesays.com\/fr\/wp-json\/wp\/v2\/types\/post"}],"author":[{"embeddable":true,"href":"https:\/\/www.europesays.com\/fr\/wp-json\/wp\/v2\/users\/2"}],"replies":[{"embeddable":true,"href":"https:\/\/www.europesays.com\/fr\/wp-json\/wp\/v2\/comments?post=182841"}],"version-history":[{"count":0,"href":"https:\/\/www.europesays.com\/fr\/wp-json\/wp\/v2\/posts\/182841\/revisions"}],"wp:featuredmedia":[{"embeddable":true,"href":"https:\/\/www.europesays.com\/fr\/wp-json\/wp\/v2\/media\/182842"}],"wp:attachment":[{"href":"https:\/\/www.europesays.com\/fr\/wp-json\/wp\/v2\/media?parent=182841"}],"wp:term":[{"taxonomy":"category","embeddable":true,"href":"https:\/\/www.europesays.com\/fr\/wp-json\/wp\/v2\/categories?post=182841"},{"taxonomy":"post_tag","embeddable":true,"href":"https:\/\/www.europesays.com\/fr\/wp-json\/wp\/v2\/tags?post=182841"}],"curies":[{"name":"wp","href":"https:\/\/api.w.org\/{rel}","templated":true}]}}