{"id":182847,"date":"2025-06-17T08:00:09","date_gmt":"2025-06-17T08:00:09","guid":{"rendered":"https:\/\/www.europesays.com\/fr\/182847\/"},"modified":"2025-06-17T08:00:09","modified_gmt":"2025-06-17T08:00:09","slug":"wta-berlin-mira-andreeva-depasse-encore-les-bornes-mais-personne-ne-bouge","status":"publish","type":"post","link":"https:\/\/www.europesays.com\/fr\/182847\/","title":{"rendered":"WTA &#8211; Berlin > Mira Andreeva d\u00e9passe encore les bornes, mais personne ne bouge"},"content":{"rendered":"<p>Battue au premier tour \u00e0 Berlin, la jeune russe Mira Andreeva a encore eu une atti\u00adtude plus que limite.\u00a0<\/p>\n<p>La balle qu\u2019elle envoie dans les airs aurait pu toucher un fan s\u2019il avait \u00e9t\u00e9 frapp\u00e9e un peu moins haute ce qui peut arriver facilement.\u00a0<\/p>\n<p>Une fois plus la jeune joueuse russe confirme qu\u2019elle ne sait pas maitriser ses\u00a0nerfs.<\/p>\n<blockquote class=\"twitter-tweet\">\n<p lang=\"en\" dir=\"ltr\">18\u202fyears old\u2026 and it\u2019s not the first \u2014 or even the second \u2014 time we\u2019ve seen this kind of aggres\u00adsion.<\/p>\n<p>What if that ball had hit someone in the head\u202f?<\/p>\n<p>Sadly, this kind of beha\u00advior is beco\u00adming the norm for players from coun\u00adtries with no flag and no name\u2026<\/p>\n<p>\ud83d\udcf9 WTA TV <a href=\"https:\/\/t.co\/82a1lCRFeE\" data-wpel-link=\"external\" target=\"_blank\" rel=\"nofollow external noopener\">pic.twitter.com\/82a1lCRFeE<\/a><\/p>\n<p>\u2014 Ukrainian Tennis \u2022 BTU (@ukrtennis_eng) <a href=\"https:\/\/twitter.com\/ukrtennis_eng\/status\/1934693905154625885?ref_src=twsrc%5Etfw\" data-wpel-link=\"external\" target=\"_blank\" rel=\"nofollow external noopener\">June 16,\u00a02025<\/a><\/p><\/blockquote>\n<p>Cette situa\u00adtion a forc\u00e9\u00adment un impact sur son niveau de\u00a0jeu.\u00a0<\/p>\n<p>On se souvient tous de sa fin de match cala\u00admi\u00adteuse face \u00e0 Lois Boisson \u00e0 Roland\u2010Garros.\u00a0<\/p>\n<p>On ne peut pas dire que cela soit mieux pass\u00e9 au 1er tour de Berlin o\u00f9 elle a \u00e9t\u00e9 domin\u00e9e par la Polonaise Magdalena Frech, 25\u00e8me \u00e0 la WTA\u00a0: 2\u20136, 7\u20135, 6\u20130.<\/p>\n<p class=\"post-published-date\" style=\"color: silver; font-size: 75%; text-align: left;\">Publi\u00e9 le mardi 17 juin 2025 \u00e0 08:40<\/p>\n<p><script async src=\"https:\/\/platform.twitter.com\/widgets.js\" charset=\"utf-8\"><\/script><\/p>\n","protected":false},"excerpt":{"rendered":"Battue au premier tour \u00e0 Berlin, la jeune russe Mira Andreeva a encore eu une atti\u00adtude plus que&hellip;\n","protected":false},"author":2,"featured_media":182848,"comment_status":"","ping_status":"","sticky":false,"template":"","format":"standard","meta":{"footnotes":""},"categories":[1415],"tags":[7614,1011,27,60,1467],"class_list":{"0":"post-182847","1":"post","2":"type-post","3":"status-publish","4":"format-standard","5":"has-post-thumbnail","7":"category-tennis","8":"tag-andreeva","9":"tag-fr","10":"tag-france","11":"tag-sports","12":"tag-tennis"},"share_on_mastodon":{"url":"https:\/\/pubeurope.com\/@fr\/114697655017263234","error":""},"_links":{"self":[{"href":"https:\/\/www.europesays.com\/fr\/wp-json\/wp\/v2\/posts\/182847","targetHints":{"allow":["GET"]}}],"collection":[{"href":"https:\/\/www.europesays.com\/fr\/wp-json\/wp\/v2\/posts"}],"about":[{"href":"https:\/\/www.europesays.com\/fr\/wp-json\/wp\/v2\/types\/post"}],"author":[{"embeddable":true,"href":"https:\/\/www.europesays.com\/fr\/wp-json\/wp\/v2\/users\/2"}],"replies":[{"embeddable":true,"href":"https:\/\/www.europesays.com\/fr\/wp-json\/wp\/v2\/comments?post=182847"}],"version-history":[{"count":0,"href":"https:\/\/www.europesays.com\/fr\/wp-json\/wp\/v2\/posts\/182847\/revisions"}],"wp:featuredmedia":[{"embeddable":true,"href":"https:\/\/www.europesays.com\/fr\/wp-json\/wp\/v2\/media\/182848"}],"wp:attachment":[{"href":"https:\/\/www.europesays.com\/fr\/wp-json\/wp\/v2\/media?parent=182847"}],"wp:term":[{"taxonomy":"category","embeddable":true,"href":"https:\/\/www.europesays.com\/fr\/wp-json\/wp\/v2\/categories?post=182847"},{"taxonomy":"post_tag","embeddable":true,"href":"https:\/\/www.europesays.com\/fr\/wp-json\/wp\/v2\/tags?post=182847"}],"curies":[{"name":"wp","href":"https:\/\/api.w.org\/{rel}","templated":true}]}}