{"id":182857,"date":"2025-06-17T08:06:21","date_gmt":"2025-06-17T08:06:21","guid":{"rendered":"https:\/\/www.europesays.com\/fr\/182857\/"},"modified":"2025-06-17T08:06:21","modified_gmt":"2025-06-17T08:06:21","slug":"son-annonce-qui-surprend-les-internautes-a-cause-de-la-date-photo","status":"publish","type":"post","link":"https:\/\/www.europesays.com\/fr\/182857\/","title":{"rendered":"Son annonce qui surprend les internautes \u00e0 cause de la date ! (PHOTO)"},"content":{"rendered":"<p>Ce lundi 16 juin, Antoine Griezmann a annonc\u00e9 une bien bonne nouvelle au lendemain d&rsquo;une journ\u00e9e de match d\u00e9cevante. L&rsquo;attaquant de l&rsquo;Atl\u00e9tico de Madrid et son \u00e9pouse ont accueilli leur quatri\u00e8me enfant la veille !<\/p>\n<p>Et de quatre ! \u00c0 34 ans, Antoine Griezmann conna\u00eet de nouveau les joies de la paternit\u00e9. Ce dimanche 15 juin, <b>Erika Choperena a donn\u00e9 naissance \u00e0 leur quatri\u00e8me enfant, comme l&rsquo;a annonc\u00e9 la star du ballon rond sur son compte Instagram<\/b> d\u00e8s le lendemain. En l\u00e9gende d&rsquo;une publication o\u00f9 une main de chacun de ses enfants est visible, il \u00e9crit : \u00ab\u00a0<b>Hier est n\u00e9e Shai Griezmann Choperena, la pi\u00e8ce manquante \u00e0 notre puzzle<\/b>\u00ab\u00a0. Une arriv\u00e9e singuli\u00e8re au sein de <a href=\"https:\/\/www.programme-tv.net\/news\/people\/347249-antoine-griezmann-papa-le-footballeur-devoile-le-visage-de-ses-enfants-sur-une-adorable-photo-de-famille\/\" data-api-deeplink=\"teleloisirs:\/\/news\/347249\" target=\"_blank\" rel=\"noopener\">cette fratrie qui a pour particularit\u00e9 d&rsquo;avoir la m\u00eame date de naissance<\/a>.<\/p>\n<p>Antoine Griezmman rompt une tradition avec la naissance de son 4e enfant<\/p>\n<p><a href=\"https:\/\/www.programme-tv.net\/news\/sport\/204419-antoine-griezmann-sa-belle-declaration-damour-a-sa-fille-mia-qui-fete-ses-2-ans-photo\/\" data-api-deeplink=\"teleloisirs:\/\/news\/204419\" target=\"_blank\" rel=\"noopener\">Mia<\/a> (n\u00e9e en 2016), <a href=\"https:\/\/www.programme-tv.net\/news\/people\/273161-antoine-griezmann-publie-une-adorable-photo-de-son-fils-amaro-qui-suit-ses-traces\/\" data-api-deeplink=\"teleloisirs:\/\/news\/273161\" target=\"_blank\" rel=\"noopener\">Amaro<\/a> (2019) et <a href=\"https:\/\/www.programme-tv.net\/news\/sport\/292700-antoine-griezmann-partage-un-adorable-moment-avec-sa-fille-alba-sa-petite-derniere-agee-de-9-mois\/\" data-api-deeplink=\"teleloisirs:\/\/news\/292700\" target=\"_blank\" rel=\"noopener\">Alba<\/a> (2021) ont tous les trois vu le jour un 8 avril. La venue au monde de Shai bouscule donc le clan et les internautes qui ont \u00e9t\u00e9 tr\u00e8s nombreux \u00e0 le relever en espagnol, anglais ou fran\u00e7ais. \u00ab\u00a0Il a cass\u00e9 la tradition\u00a0\u00bb, \u00ab\u00a0Elle aura un jour sp\u00e9cial rien que pour elle\u00a0\u00bb ou encore \u00ab\u00a0Une d\u00e9faite face au PSG, mais une victoire de plus dans la vie. F\u00e9licitations\u00a0\u00bb, peut-on lire parmi les commentaires les plus distingu\u00e9s sous cette publication qui a g\u00e9n\u00e9r\u00e9 plus de 1 400 messages et 210 000 \u00ab\u00a0likes\u00a0\u00bb en moins de deux heures. Si l&rsquo;on ignore le sexe de ce b\u00e9b\u00e9, ce dernier a effectivement point\u00e9 le bout de son nez dans un contexte particulier pour l&rsquo;attaquant de l&rsquo;Atl\u00e9tico de Madrid qui disputait un match (0-4) contre le Paris Saint-Germain lors de la 21e \u00e9dition de <a href=\"https:\/\/www.programme-tv.net\/news\/sport\/380926-coupe-du-monde-des-clubs-2025-a-a-quelle-heure-et-sur-quelle-chaine-voir-psg-atletico-de-madrid\/\" data-api-deeplink=\"teleloisirs:\/\/news\/380926\" target=\"_blank\" rel=\"noopener\">la Coupe du Monde des clubs <\/a>organis\u00e9e, cette ann\u00e9e, aux \u00c9tats-Unis.<\/p>\n<p>                        Antoine Griezmann essuie une d\u00e9faite professionnelle le jour de la naissance de son 4e b\u00e9b\u00e9<\/p>\n<p>Interview\u00e9 par DAZN au terme de <a href=\"https:\/\/www.programme-tv.net\/news\/sport\/381106-streaming-psg-atletico-de-madrid-voici-comment-suivre-le-match-en-direct-ce-dimanche\/\" data-api-deeplink=\"teleloisirs:\/\/news\/381106\" target=\"_blank\" rel=\"noopener\">la rencontre <\/a>se soldant sur une d\u00e9faite pour son club, Antoine Griezman a assur\u00e9 : \u00ab\u00a0On s\u2019attendait \u00e0 faire le m\u00eame match qu\u2019au Parc [en novembre dernier]. Mais avec la chaleur, c\u2019\u00e9tait un peu plus compliqu\u00e9. Apr\u00e8s, il y a eu deux, trois faits de jeu qui auraient pu tourner en notre faveur, sauf qu\u2019ils ont finalement tourn\u00e9 \u00e0 leur avantage. C\u2019est le football, il faut continuer \u00e0 travailler\u00a0\u00bb. En esp\u00e9rant que l&rsquo;international fran\u00e7ais puisse aussi profiter de son nouveau-n\u00e9 dans la foul\u00e9e !<\/p>\n<blockquote class=\"instagram-media\" data-instgrm-captioned=\"\" data-instgrm-permalink=\"https:\/\/www.instagram.com\/p\/DK-DIFwJ-bL\/?utm_source=ig_embed&amp;utm_campaign=loading\" data-instgrm-version=\"14\" style=\" background:#FFF; border:0; border-radius:3px; box-shadow:0 0 1px 0 rgba(0,0,0,0.5),0 1px 10px 0 rgba(0,0,0,0.15); margin: 1px; max-width:658px; min-width:326px; padding:0; width:99.375%; width:-webkit-calc(100% - 2px); width:calc(100% - 2px);\"\/>\n<p>        <script async src=\"\/\/www.instagram.com\/embed.js\"><\/script><\/p>\n","protected":false},"excerpt":{"rendered":"Ce lundi 16 juin, Antoine Griezmann a annonc\u00e9 une bien bonne nouvelle au lendemain d&rsquo;une journ\u00e9e de match&hellip;\n","protected":false},"author":2,"featured_media":182858,"comment_status":"","ping_status":"","sticky":false,"template":"","format":"standard","meta":{"footnotes":""},"categories":[1359],"tags":[31589,14735,244,58,59,32091,2257,1011,27,973,5251],"class_list":{"0":"post-182857","1":"post","2":"type-post","3":"status-publish","4":"format-standard","5":"has-post-thumbnail","7":"category-people","8":"tag-antoine-griezmann","9":"tag-bu00e9bu00e9","10":"tag-commentaire","11":"tag-divertissement","12":"tag-entertainment","13":"tag-erika-choperena","14":"tag-foot","15":"tag-fr","16":"tag-france","17":"tag-people","18":"tag-tu00e9lu00e9-loisirs"},"share_on_mastodon":{"url":"https:\/\/pubeurope.com\/@fr\/114697678601628702","error":""},"_links":{"self":[{"href":"https:\/\/www.europesays.com\/fr\/wp-json\/wp\/v2\/posts\/182857","targetHints":{"allow":["GET"]}}],"collection":[{"href":"https:\/\/www.europesays.com\/fr\/wp-json\/wp\/v2\/posts"}],"about":[{"href":"https:\/\/www.europesays.com\/fr\/wp-json\/wp\/v2\/types\/post"}],"author":[{"embeddable":true,"href":"https:\/\/www.europesays.com\/fr\/wp-json\/wp\/v2\/users\/2"}],"replies":[{"embeddable":true,"href":"https:\/\/www.europesays.com\/fr\/wp-json\/wp\/v2\/comments?post=182857"}],"version-history":[{"count":0,"href":"https:\/\/www.europesays.com\/fr\/wp-json\/wp\/v2\/posts\/182857\/revisions"}],"wp:featuredmedia":[{"embeddable":true,"href":"https:\/\/www.europesays.com\/fr\/wp-json\/wp\/v2\/media\/182858"}],"wp:attachment":[{"href":"https:\/\/www.europesays.com\/fr\/wp-json\/wp\/v2\/media?parent=182857"}],"wp:term":[{"taxonomy":"category","embeddable":true,"href":"https:\/\/www.europesays.com\/fr\/wp-json\/wp\/v2\/categories?post=182857"},{"taxonomy":"post_tag","embeddable":true,"href":"https:\/\/www.europesays.com\/fr\/wp-json\/wp\/v2\/tags?post=182857"}],"curies":[{"name":"wp","href":"https:\/\/api.w.org\/{rel}","templated":true}]}}