{"id":182859,"date":"2025-06-17T08:07:09","date_gmt":"2025-06-17T08:07:09","guid":{"rendered":"https:\/\/www.europesays.com\/fr\/182859\/"},"modified":"2025-06-17T08:07:09","modified_gmt":"2025-06-17T08:07:09","slug":"le-billet-une-statue-pour-y-croire","status":"publish","type":"post","link":"https:\/\/www.europesays.com\/fr\/182859\/","title":{"rendered":"Le billet. Une statue pour y croire"},"content":{"rendered":"<p>Et dire qu\u2019elle repr\u00e9sente la Libert\u00e9 \u00e9clairant le monde, elle doit l\u2019avoir mauvaise ces temps-ci.<br \/>Il y a 140 ans, le 17 juin 1885, elle entrait triomphalement dans le port de New York, enti\u00e8rement d\u00e9mont\u00e9e \u00e0 bord de l\u2019Is\u00e8re \u2013 \u00e7a ne s\u2019invente pas \u2013\u00a0 une puissante fr\u00e9gate de transport.<\/p>\n<p>Offerte par le peuple fran\u00e7ais en signe d\u2019amiti\u00e9, elle fut d\u00e9voil\u00e9e au grand jour le 28 octobre 1886 pour le centenaire de la D\u00e9claration d\u2019ind\u00e9pendance am\u00e9ricaine. Et depuis, elle s\u00e9duit les badauds sur son \u00e9peron rocheux au sud de Manhattan, \u00e0 l\u2019embouchure du fleuve Hudson. <br \/>Elle fut pendant des d\u00e9cennies la premi\u00e8re vision des Etats-Unis pour des millions d\u2019immigrants en qu\u00eate d\u2019un nouveau d\u00e9part, apr\u00e8s une longue travers\u00e9e de l\u2019Atlantique. Elle est aujourd\u2019hui le monument le plus c\u00e9l\u00e8bre de l\u2019Am\u00e9rique, symbole universel de la libert\u00e9 et de la d\u00e9mocratie.<br \/>Objet iconique dans le monde entier, elle a inspir\u00e9 de nombreux artistes issus de la pop culture. Souvent copi\u00e9e, elle a \u00e9t\u00e9 longtemps porteuse d\u2019espoir pour tous ceux qui voulaient y croire.<\/p>\n<p>Mais que peut faire une vieille dame fatigu\u00e9e du haut de son pi\u00e9destal face \u00e0 ce monde qui gronde et qui s\u2019agite ? Les figures all\u00e9goriques n\u2019ont plus la m\u00eame influence qu\u2019autrefois, lessiv\u00e9es par le temps qui passe \u00e0 l\u2019image de sa robe en cuivre patin\u00e9 de vert-de-gris qui n\u2019a plus le m\u00eame \u00e9clat. <br \/>On aimerait qu\u2019elle demeure le porte-drapeau de l\u2019\u00e9mancipation des peuples vis \u00e0 vis de l\u2019oppression. Mais au Moyen-Orient comme en Ukraine, \u00e7a fait longtemps qu\u2019on n\u2019y croit plus. <br \/>La Statue de la Libert\u00e9 &#8211; puisque c\u2019est elle dont on parle &#8211; n\u2019est plus qu\u2019un lointain souvenir vid\u00e9 de ses valeurs cardinales. <a href=\"https:\/\/www.ledauphine.com\/p\/raphael-glucksmann\" target=\"_blank\" rel=\"noopener\">Rapha\u00ebl Glucksmann<\/a>, le d\u00e9put\u00e9 europ\u00e9en, a m\u00eame r\u00e9clam\u00e9 son retour en France, d\u00e9plorant le d\u00e9sengagement de <a href=\"https:\/\/www.ledauphine.com\/p\/donald-trump\" target=\"_blank\" rel=\"noopener\">Donald Trump<\/a>, acc\u00e9l\u00e9rateur d\u2019un d\u00e9sordre mondial qui n\u2019a que faire des belles histoires.<\/p>\n","protected":false},"excerpt":{"rendered":"Et dire qu\u2019elle repr\u00e9sente la Libert\u00e9 \u00e9clairant le monde, elle doit l\u2019avoir mauvaise ces temps-ci.Il y a 140&hellip;\n","protected":false},"author":2,"featured_media":182860,"comment_status":"","ping_status":"","sticky":false,"template":"","format":"standard","meta":{"footnotes":""},"categories":[1358],"tags":[1348,1384,1385,3206,1386,58,59,107,1011,27,329,108,6225,32092,316,104,220],"class_list":{"0":"post-182859","1":"post","2":"type-post","3":"status-publish","4":"format-standard","5":"has-post-thumbnail","7":"category-arts-et-design","8":"tag-arts","9":"tag-arts-and-design","10":"tag-arts-et-design","11":"tag-defense-guerre-conflit","12":"tag-design","13":"tag-divertissement","14":"tag-entertainment","15":"tag-fil-info","16":"tag-fr","17":"tag-france","18":"tag-france-monde","19":"tag-isere","20":"tag-la-matinale","21":"tag-le-billet","22":"tag-politique","23":"tag-societe","24":"tag-ukraine"},"share_on_mastodon":{"url":"https:\/\/pubeurope.com\/@fr\/114697683555957655","error":""},"_links":{"self":[{"href":"https:\/\/www.europesays.com\/fr\/wp-json\/wp\/v2\/posts\/182859","targetHints":{"allow":["GET"]}}],"collection":[{"href":"https:\/\/www.europesays.com\/fr\/wp-json\/wp\/v2\/posts"}],"about":[{"href":"https:\/\/www.europesays.com\/fr\/wp-json\/wp\/v2\/types\/post"}],"author":[{"embeddable":true,"href":"https:\/\/www.europesays.com\/fr\/wp-json\/wp\/v2\/users\/2"}],"replies":[{"embeddable":true,"href":"https:\/\/www.europesays.com\/fr\/wp-json\/wp\/v2\/comments?post=182859"}],"version-history":[{"count":0,"href":"https:\/\/www.europesays.com\/fr\/wp-json\/wp\/v2\/posts\/182859\/revisions"}],"wp:featuredmedia":[{"embeddable":true,"href":"https:\/\/www.europesays.com\/fr\/wp-json\/wp\/v2\/media\/182860"}],"wp:attachment":[{"href":"https:\/\/www.europesays.com\/fr\/wp-json\/wp\/v2\/media?parent=182859"}],"wp:term":[{"taxonomy":"category","embeddable":true,"href":"https:\/\/www.europesays.com\/fr\/wp-json\/wp\/v2\/categories?post=182859"},{"taxonomy":"post_tag","embeddable":true,"href":"https:\/\/www.europesays.com\/fr\/wp-json\/wp\/v2\/tags?post=182859"}],"curies":[{"name":"wp","href":"https:\/\/api.w.org\/{rel}","templated":true}]}}