{"id":182869,"date":"2025-06-17T08:12:14","date_gmt":"2025-06-17T08:12:14","guid":{"rendered":"https:\/\/www.europesays.com\/fr\/182869\/"},"modified":"2025-06-17T08:12:14","modified_gmt":"2025-06-17T08:12:14","slug":"sans-mon-donneur-dorgane-je-ne-serais-plus-de-ce-monde","status":"publish","type":"post","link":"https:\/\/www.europesays.com\/fr\/182869\/","title":{"rendered":"\u00ab\u00a0Sans mon donneur d\u2019organe, je ne serais plus de ce monde\u00a0\u00bb"},"content":{"rendered":"<p>\u00ab\u00a0Si je n\u2019avais pas eu un donneur d\u2019organe, je ne serais plus de ce monde aujourd\u2019hui. C\u2019est une certitude.\u00a0\u00bb<\/p>\n<p>Dominique Vachot, qui r\u00e9side \u00e0 Parigny, a en effet \u00e9chapp\u00e9 de tr\u00e8s peu \u00e0 la mort, gr\u00e2ce \u00e0 une greffe de poumon r\u00e9alis\u00e9e en 2017. L\u2019homme de 65 ans racontera son exp\u00e9rience, ce mardi 17\u00a0juin \u00e0 partir de 19 heures, \u00e0 l\u2019occasion d\u2019un \u00e9v\u00e9nement autour du don d\u2019organes et de tissus organis\u00e9 \u00e0 la salle Fontalon de Roanne.<\/p>\n<p>Atteint d\u2019une maladie incurable<\/p>\n<p>1991. Dominique Vachot a la trentaine et est&#8230;<\/p>\n","protected":false},"excerpt":{"rendered":"\u00ab\u00a0Si je n\u2019avais pas eu un donneur d\u2019organe, je ne serais plus de ce monde aujourd\u2019hui. C\u2019est une&hellip;\n","protected":false},"author":2,"featured_media":182870,"comment_status":"","ping_status":"","sticky":false,"template":"","format":"standard","meta":{"footnotes":""},"categories":[10],"tags":[16734,107,1011,27,72,3367,9838,20195,71,4604,104,1631],"class_list":{"0":"post-182869","1":"post","2":"type-post","3":"status-publish","4":"format-standard","5":"has-post-thumbnail","7":"category-sante","8":"tag-edition-loire-nord","9":"tag-fil-info","10":"tag-fr","11":"tag-france","12":"tag-health","13":"tag-loire","14":"tag-roanne","15":"tag-roanne-ville","16":"tag-sante","17":"tag-selection-abonne","18":"tag-societe","19":"tag-vie-associative"},"share_on_mastodon":{"url":"https:\/\/pubeurope.com\/@fr\/114697702180878120","error":""},"_links":{"self":[{"href":"https:\/\/www.europesays.com\/fr\/wp-json\/wp\/v2\/posts\/182869","targetHints":{"allow":["GET"]}}],"collection":[{"href":"https:\/\/www.europesays.com\/fr\/wp-json\/wp\/v2\/posts"}],"about":[{"href":"https:\/\/www.europesays.com\/fr\/wp-json\/wp\/v2\/types\/post"}],"author":[{"embeddable":true,"href":"https:\/\/www.europesays.com\/fr\/wp-json\/wp\/v2\/users\/2"}],"replies":[{"embeddable":true,"href":"https:\/\/www.europesays.com\/fr\/wp-json\/wp\/v2\/comments?post=182869"}],"version-history":[{"count":0,"href":"https:\/\/www.europesays.com\/fr\/wp-json\/wp\/v2\/posts\/182869\/revisions"}],"wp:featuredmedia":[{"embeddable":true,"href":"https:\/\/www.europesays.com\/fr\/wp-json\/wp\/v2\/media\/182870"}],"wp:attachment":[{"href":"https:\/\/www.europesays.com\/fr\/wp-json\/wp\/v2\/media?parent=182869"}],"wp:term":[{"taxonomy":"category","embeddable":true,"href":"https:\/\/www.europesays.com\/fr\/wp-json\/wp\/v2\/categories?post=182869"},{"taxonomy":"post_tag","embeddable":true,"href":"https:\/\/www.europesays.com\/fr\/wp-json\/wp\/v2\/tags?post=182869"}],"curies":[{"name":"wp","href":"https:\/\/api.w.org\/{rel}","templated":true}]}}