{"id":182885,"date":"2025-06-17T08:21:12","date_gmt":"2025-06-17T08:21:12","guid":{"rendered":"https:\/\/www.europesays.com\/fr\/182885\/"},"modified":"2025-06-17T08:21:12","modified_gmt":"2025-06-17T08:21:12","slug":"loire-les-gendarmes-alertent-sur-ces-vols-un-peu-particuliers-qui-font-des-ravages","status":"publish","type":"post","link":"https:\/\/www.europesays.com\/fr\/182885\/","title":{"rendered":"Loire. Les gendarmes alertent sur ces vols un peu particuliers qui font des ravages"},"content":{"rendered":"<p>            Par<br \/>\n        <strong><br \/>\n            <a href=\"https:\/\/actu.fr\/auteur\/redaction-saint-etienne\" title=\"Consulter tous les articles de R\u00e9daction Saint-\u00c9tienne\" rel=\"nofollow noopener\" target=\"_blank\">R\u00e9daction Saint-\u00c9tienne<\/a><br \/>\n        <\/strong><\/p>\n<p>        Publi\u00e9 le<\/p>\n<p>            17 juin 2025 \u00e0 6h38        <\/p>\n<p>La <a href=\"https:\/\/actu.fr\/tag\/gendarmerie\" rel=\"nofollow noopener\" target=\"_blank\">gendarmerie<\/a> alerte. Non pas sur les cambriolages des maisons ou les vols d\u2019accessoires de voitures\u2026 mais concernant sur les fruits vol\u00e9s\u2009!<\/p>\n<p class=\" wall-content\">\u00ab\u2009Le d\u00e9partement de la <a href=\"https:\/\/actu.fr\/auvergne-rhone-alpes\/loire_42\" rel=\"nofollow noopener\" target=\"_blank\">Loire<\/a> regorge de vergers de qualit\u00e9, et c\u2019est actuellement la pleine saison des <strong>cerises<\/strong>. Fruit d\u2019un travail exigeant et patient, ces r\u00e9coltes sont pr\u00e9cieuses pour nos arboriculteurs\u2009\u00bb, \u00e9crivent les gendarmes.<\/p>\n<p>Cueillir ou ramasser des fruits sans autorisation constitue un vol<\/p>\n<p class=\" wall-content\">Plusieurs exploitants ont r\u00e9cemment signal\u00e9 des vols importants directement dans leurs vergers.<\/p>\n<p class=\" wall-content\">\u00ab\u2009Cueillir ou ramasser des fruits sans autorisation constitue un vol, passible de sanctions p\u00e9nales. Derri\u00e8re chaque cerise vol\u00e9e, il y a un professionnel l\u00e9s\u00e9. Respectons les producteurs de la chambre d\u2019agriculture de la Loire, prot\u00e9geons leur travail\u2009!\u2009\u00bb<\/p>\n<p>Vous \u00eates t\u00e9moin de comportements suspects dans un verger\u2009? Appelez imm\u00e9diatement le 17.<\/p>\n<p>Vid\u00e9os : en ce moment sur Actu<\/p>\n<p class=\" wall-content\">Suivez toute l\u2019actualit\u00e9 de vos villes et m\u00e9dias favoris en vous inscrivant \u00e0 <a href=\"https:\/\/moncompte.actu.fr\" title=\"D\u00e9couvez Mon Actu\" rel=\"nofollow noopener\" data-trk=\"{&quot;cta&quot;:{&quot;action&quot;:&quot;https:\\\/\\\/moncompte.actu.fr&quot;,&quot;category&quot;:&quot;mon compte&quot;,&quot;from&quot;:&quot;article footer&quot;,&quot;name&quot;:&quot;Mon actu&quot;,&quot;type&quot;:&quot;cta&quot;}}\" target=\"_blank\">Mon Actu<\/a>.<\/p>\n","protected":false},"excerpt":{"rendered":"Par R\u00e9daction Saint-\u00c9tienne Publi\u00e9 le 17 juin 2025 \u00e0 6h38 La gendarmerie alerte. Non pas sur les cambriolages&hellip;\n","protected":false},"author":2,"featured_media":182886,"comment_status":"","ping_status":"","sticky":false,"template":"","format":"standard","meta":{"footnotes":""},"categories":[9653],"tags":[1111,11,327,2430,1777,674,118,1011,27,3381,12,25,4001],"class_list":{"0":"post-182885","1":"post","2":"type-post","3":"status-publish","4":"format-standard","5":"has-post-thumbnail","7":"category-saint-etienne","8":"tag-actu","9":"tag-actualites","10":"tag-agriculture","11":"tag-auvergne-rhone-alpes","12":"tag-eu","13":"tag-europe","14":"tag-faits-divers","15":"tag-fr","16":"tag-france","17":"tag-gendarmerie","18":"tag-news","19":"tag-republique-francaise","20":"tag-saint-etienne"},"share_on_mastodon":{"url":"https:\/\/pubeurope.com\/@fr\/114697737563890306","error":""},"_links":{"self":[{"href":"https:\/\/www.europesays.com\/fr\/wp-json\/wp\/v2\/posts\/182885","targetHints":{"allow":["GET"]}}],"collection":[{"href":"https:\/\/www.europesays.com\/fr\/wp-json\/wp\/v2\/posts"}],"about":[{"href":"https:\/\/www.europesays.com\/fr\/wp-json\/wp\/v2\/types\/post"}],"author":[{"embeddable":true,"href":"https:\/\/www.europesays.com\/fr\/wp-json\/wp\/v2\/users\/2"}],"replies":[{"embeddable":true,"href":"https:\/\/www.europesays.com\/fr\/wp-json\/wp\/v2\/comments?post=182885"}],"version-history":[{"count":0,"href":"https:\/\/www.europesays.com\/fr\/wp-json\/wp\/v2\/posts\/182885\/revisions"}],"wp:featuredmedia":[{"embeddable":true,"href":"https:\/\/www.europesays.com\/fr\/wp-json\/wp\/v2\/media\/182886"}],"wp:attachment":[{"href":"https:\/\/www.europesays.com\/fr\/wp-json\/wp\/v2\/media?parent=182885"}],"wp:term":[{"taxonomy":"category","embeddable":true,"href":"https:\/\/www.europesays.com\/fr\/wp-json\/wp\/v2\/categories?post=182885"},{"taxonomy":"post_tag","embeddable":true,"href":"https:\/\/www.europesays.com\/fr\/wp-json\/wp\/v2\/tags?post=182885"}],"curies":[{"name":"wp","href":"https:\/\/api.w.org\/{rel}","templated":true}]}}