{"id":182887,"date":"2025-06-17T08:22:10","date_gmt":"2025-06-17T08:22:10","guid":{"rendered":"https:\/\/www.europesays.com\/fr\/182887\/"},"modified":"2025-06-17T08:22:10","modified_gmt":"2025-06-17T08:22:10","slug":"le-chru-de-nancy-labellise-hopital-ambassadeur-du-don-dorganes","status":"publish","type":"post","link":"https:\/\/www.europesays.com\/fr\/182887\/","title":{"rendered":"Le CHRU de Nancy labellis\u00e9 \u00ab H\u00f4pital ambassadeur du don d\u2019organes \u00bb"},"content":{"rendered":"<p><strong>Une distinction nationale pour un engagement exemplaire en faveur du don d\u2019organes.<\/strong><\/p>\n<p><img loading=\"lazy\" decoding=\"async\" class=\"size-full wp-image-58413\" src=\"https:\/\/www.europesays.com\/fr\/wp-content\/uploads\/2025\/06\/Capture-decran-2022-06-16-151534-2.jpg\" alt=\"Don d'organes (unlimPhotos)\" width=\"1200\" height=\"741\"  \/>Don d\u2019organes (unlimPhotos)<\/p>\n<p>Le dimanche 22 juin 2025, le CHRU de Nancy recevra le label \u00ab H\u00f4pital ambassadeur du don d\u2019organes \u00bb, d\u00e9cern\u00e9 par le <strong>collectif Greffes+<\/strong>, qui regroupe les principales associations engag\u00e9es dans la cause du don d\u2019organes et de tissus.<br \/>Ce label vient reconna\u00eetre le r\u00f4le central jou\u00e9 par l\u2019\u00e9tablissement dans la promotion de la greffe en France, et son implication constante pour sensibiliser les citoyens, les soignants et les patients.<br \/>\u00c0 cette occasion, la Ville de Nancy se verra \u00e9galement attribuer le label \u00ab <strong>Ville ambassadrice du don d\u2019organes<\/strong> \u00bb, soulignant l\u2019engagement partag\u00e9 de l\u2019h\u00f4pital et de la municipalit\u00e9 dans cette cause de sant\u00e9 publique.<\/p>\n<p>Depuis mars 2025, le label \u00ab H\u00f4pital ambassadeur \u00bb permet aux \u00e9tablissements volontaires de rejoindre le r\u00e9seau national des ambassadeurs du don d\u2019organes, initi\u00e9 en 2023 pour les villes. <strong>Il s\u2019agit d\u2019un mouvement solidaire et f\u00e9d\u00e9rateur qui vise \u00e0 mieux informer, sensibiliser et inciter chacun \u00e0 prendre position sur le don d\u2019organes.<\/strong><\/p>\n<p>Un engagement concret au service de la greffe<br \/>\n<img loading=\"lazy\" decoding=\"async\" class=\"wp-image-80859 size-medium\" src=\"https:\/\/www.europesays.com\/fr\/wp-content\/uploads\/2025\/06\/CHRU-Nanc-don-organes-affiche-200x300.jpg\" alt=\"CHRU-Nanc-don-organes (affiche)\" width=\"200\" height=\"300\"  \/>CHRU-Nanc-don-organes (affiche)<\/p>\n<p>En 2024, le CHRU de Nancy a enregistr\u00e9 81 donneurs, r\u00e9alis\u00e9 46 pr\u00e9l\u00e8vements multi-organes et p<strong>ermis 365 greffes<\/strong> : 11 c\u0153urs, 40 corn\u00e9es, 213 pr\u00e9l\u00e8vements de moelle, de cellules souches et 101 reins. Ces chiffres t\u00e9moignent d\u2019une forte mobilisation des \u00e9quipes hospitali\u00e8res et de la population.<\/p>\n<p>Un geste vital : parler du don d\u2019organes<\/p>\n<p>En France, toute personne est pr\u00e9sum\u00e9e donneuse d\u2019organes sauf si elle a exprim\u00e9 son refus. Pourtant, chaque jour, 2 \u00e0 3 personnes d\u00e9c\u00e8dent faute de greffons disponibles. Le CHRU de Nancy, en arborant d\u00e9sormais fi\u00e8rement le ruban vert, symbole du don d\u2019organes, entend renforcer la sensibilisation aupr\u00e8s des professionnels, des usagers et du grand public, et s\u2019assurer que chaque donneur potentiel puisse concr\u00e9tiser son engagement.<br \/>Deux \u00e9v\u00e9nements pour sensibiliser \u00e0 Nancy<br \/>\u00c0 l\u2019occasion de la Journ\u00e9e mondiale du don d\u2019organes et de tissus, le CHRU de Nancy et ses partenaires organisent deux temps forts ouverts au public :<\/p>\n<p><strong>Mercredi 18 juin \u2013 Projection &amp; \u00e9changes<\/strong><br \/><strong>18h \u00e0 20h Mus\u00e9um-Aquarium de Nancy \u2013 Amphith\u00e9\u00e2tre Cuenot<\/strong><br \/>Une soir\u00e9e de sensibilisation avec la projection de deux courts m\u00e9trages suivie d\u2019\u00e9changes avec des professionnels, patients greff\u00e9s et associations.<\/p>\n<p><strong>Films projet\u00e9s :<\/strong><br \/>\u2013 Des vies offertes de Dominique Barraux (52 min)<br \/>\u2013 Comment j\u2019ai sauv\u00e9 des vies (9 min)<br \/>Entr\u00e9e libre \u2013 Inscription obligatoire : Formulaire en ligne<\/p>\n<p><strong>Dimanche 22 juin \u2013 Journ\u00e9e d\u2019information<\/strong><br \/><strong>10h \u00e0 17h, Place Nelson Mandela, Nancy<\/strong><\/p>\n<p>Une journ\u00e9e de rencontres et d\u2019\u00e9changes en pr\u00e9sence des professionnels du CHRU, de patients greff\u00e9s et des associations. Un temps pour s\u2019informer, poser des questions et s\u2019engager.<br \/>Cette journ\u00e9e verra \u00e9galement le CHRU de Nancy et la Ville de Nancy recevoir les labels \u00ab H\u00f4pital ambassadeur du don d\u2019organes \u00bb et \u00ab Ville ambassadrice du don d\u2019organes \u00bb \u00e0 10 h 30, en pr\u00e9sence du Pr Marc Debouverie, pr\u00e9sident de la Commission M\u00e9dicale d\u2019\u00c9tablissement du CHRU de Nancy et de Mathieu Klein, maire de la Ville de Nancy.<\/p>\n","protected":false},"excerpt":{"rendered":"Une distinction nationale pour un engagement exemplaire en faveur du don d\u2019organes. Don d\u2019organes (unlimPhotos) Le dimanche 22&hellip;\n","protected":false},"author":2,"featured_media":182888,"comment_status":"","ping_status":"","sticky":false,"template":"","format":"standard","meta":{"footnotes":""},"categories":[9635],"tags":[1111,11,12123,32096,1777,674,1011,27,775,1702,12,25],"class_list":{"0":"post-182887","1":"post","2":"type-post","3":"status-publish","4":"format-standard","5":"has-post-thumbnail","7":"category-nancy","8":"tag-actu","9":"tag-actualites","10":"tag-chru-nancy","11":"tag-don-dorganes","12":"tag-eu","13":"tag-europe","14":"tag-fr","15":"tag-france","16":"tag-grand-est","17":"tag-nancy","18":"tag-news","19":"tag-republique-francaise"},"share_on_mastodon":{"url":"https:\/\/pubeurope.com\/@fr\/114697741836173144","error":""},"_links":{"self":[{"href":"https:\/\/www.europesays.com\/fr\/wp-json\/wp\/v2\/posts\/182887","targetHints":{"allow":["GET"]}}],"collection":[{"href":"https:\/\/www.europesays.com\/fr\/wp-json\/wp\/v2\/posts"}],"about":[{"href":"https:\/\/www.europesays.com\/fr\/wp-json\/wp\/v2\/types\/post"}],"author":[{"embeddable":true,"href":"https:\/\/www.europesays.com\/fr\/wp-json\/wp\/v2\/users\/2"}],"replies":[{"embeddable":true,"href":"https:\/\/www.europesays.com\/fr\/wp-json\/wp\/v2\/comments?post=182887"}],"version-history":[{"count":0,"href":"https:\/\/www.europesays.com\/fr\/wp-json\/wp\/v2\/posts\/182887\/revisions"}],"wp:featuredmedia":[{"embeddable":true,"href":"https:\/\/www.europesays.com\/fr\/wp-json\/wp\/v2\/media\/182888"}],"wp:attachment":[{"href":"https:\/\/www.europesays.com\/fr\/wp-json\/wp\/v2\/media?parent=182887"}],"wp:term":[{"taxonomy":"category","embeddable":true,"href":"https:\/\/www.europesays.com\/fr\/wp-json\/wp\/v2\/categories?post=182887"},{"taxonomy":"post_tag","embeddable":true,"href":"https:\/\/www.europesays.com\/fr\/wp-json\/wp\/v2\/tags?post=182887"}],"curies":[{"name":"wp","href":"https:\/\/api.w.org\/{rel}","templated":true}]}}