{"id":182889,"date":"2025-06-17T08:23:12","date_gmt":"2025-06-17T08:23:12","guid":{"rendered":"https:\/\/www.europesays.com\/fr\/182889\/"},"modified":"2025-06-17T08:23:12","modified_gmt":"2025-06-17T08:23:12","slug":"la-video-ne-repond-pas-a-toutes-les-questions-lenquete-rouverte","status":"publish","type":"post","link":"https:\/\/www.europesays.com\/fr\/182889\/","title":{"rendered":"la vid\u00e9o ne r\u00e9pond pas \u00e0 toutes les questions, l\u2019enqu\u00eate rouverte"},"content":{"rendered":"<p>Ce sont deux silhouettes noires qui se t\u00e9lescopent. L\u2019une est perch\u00e9e sur une motocross, l\u2019autre braque dans sa direction un taser sur lequel est fix\u00e9e une lampe torche. Le choc est violent. L\u2019homme au taser, un gendarme, ne se rel\u00e8ve pas. Le motard chute, se remet, lui, sur ses pieds et s\u2019enfuit.<\/p>\n<p>La vid\u00e9o a \u00e9t\u00e9 enregistr\u00e9e par une cam\u00e9ra de surveillance, <a href=\"https:\/\/www.estrepublicain.fr\/faits-divers-justice\/2025\/05\/17\/un-motard-percute-un-gendarme-il-a-failli-prendre-une-vie-pour-un-feu-rouge-grille\" target=\"_blank\" rel=\"noopener\">le 16\u00a0mai&#8230;<\/a><\/p>\n","protected":false},"excerpt":{"rendered":"Ce sont deux silhouettes noires qui se t\u00e9lescopent. L\u2019une est perch\u00e9e sur une motocross, l\u2019autre braque dans sa&hellip;\n","protected":false},"author":2,"featured_media":182890,"comment_status":"","ping_status":"","sticky":false,"template":"","format":"standard","meta":{"footnotes":""},"categories":[9635],"tags":[1111,11,9848,271,272,1704,1777,674,274,1011,27,775,3457,1702,9847,12,3456,25],"class_list":{"0":"post-182889","1":"post","2":"type-post","3":"status-publish","4":"format-standard","5":"has-post-thumbnail","7":"category-nancy","8":"tag-actu","9":"tag-actualites","10":"tag-cc-moselle-et-madon-54b","11":"tag-crime","12":"tag-delit-et-contravention","13":"tag-edition-nancy-et-agglomeration","14":"tag-eu","15":"tag-europe","16":"tag-faits-divers-justice","17":"tag-fr","18":"tag-france","19":"tag-grand-est","20":"tag-meurthe-et-moselle","21":"tag-nancy","22":"tag-neuves-maisons","23":"tag-news","24":"tag-region-lorraine","25":"tag-republique-francaise"},"share_on_mastodon":{"url":"https:\/\/pubeurope.com\/@fr\/114697745415405460","error":""},"_links":{"self":[{"href":"https:\/\/www.europesays.com\/fr\/wp-json\/wp\/v2\/posts\/182889","targetHints":{"allow":["GET"]}}],"collection":[{"href":"https:\/\/www.europesays.com\/fr\/wp-json\/wp\/v2\/posts"}],"about":[{"href":"https:\/\/www.europesays.com\/fr\/wp-json\/wp\/v2\/types\/post"}],"author":[{"embeddable":true,"href":"https:\/\/www.europesays.com\/fr\/wp-json\/wp\/v2\/users\/2"}],"replies":[{"embeddable":true,"href":"https:\/\/www.europesays.com\/fr\/wp-json\/wp\/v2\/comments?post=182889"}],"version-history":[{"count":0,"href":"https:\/\/www.europesays.com\/fr\/wp-json\/wp\/v2\/posts\/182889\/revisions"}],"wp:featuredmedia":[{"embeddable":true,"href":"https:\/\/www.europesays.com\/fr\/wp-json\/wp\/v2\/media\/182890"}],"wp:attachment":[{"href":"https:\/\/www.europesays.com\/fr\/wp-json\/wp\/v2\/media?parent=182889"}],"wp:term":[{"taxonomy":"category","embeddable":true,"href":"https:\/\/www.europesays.com\/fr\/wp-json\/wp\/v2\/categories?post=182889"},{"taxonomy":"post_tag","embeddable":true,"href":"https:\/\/www.europesays.com\/fr\/wp-json\/wp\/v2\/tags?post=182889"}],"curies":[{"name":"wp","href":"https:\/\/api.w.org\/{rel}","templated":true}]}}