{"id":18289,"date":"2025-04-11T21:23:09","date_gmt":"2025-04-11T21:23:09","guid":{"rendered":"https:\/\/www.europesays.com\/fr\/18289\/"},"modified":"2025-04-11T21:23:09","modified_gmt":"2025-04-11T21:23:09","slug":"atp-monte-carlo-rick-macci-tous-ceux-qui-pensent-cela-a-propos-de-carlos-alcaraz-devraient-se-mettre-au-golf","status":"publish","type":"post","link":"https:\/\/www.europesays.com\/fr\/18289\/","title":{"rendered":"ATP &#8211; Monte Carlo > Rick Macci : \u00ab\u00a0Tous ceux qui pensent cela \u00e0 propos de Carlos Alcaraz devraient se mettre au golf\u00a0\u00bb"},"content":{"rendered":"<p>\u00c0 l\u2019instar d\u2019Andy Roddick, son ancien joueur, Rick Macci s\u2019est offusqu\u00e9 \u00e0 propos des certains propos qui circulent sur la toile concer\u00adnant un \u00e9ven\u00adtuel renvoi de Juan Carlos Ferrero de son poste d\u2019en\u00adtra\u00ee\u00adneur de Carlos Alcaraz.<\/p>\n<p>Pour le forma\u00adteur des soeurs Williams, c\u2019est tout simple\u00adment absurde.\u00a0<\/p>\n<blockquote class=\"twitter-tweet\">\n<p lang=\"en\" dir=\"ltr\">Was asked during a podcast about Carlos and a possible coaching change. Anybody in tennis that thinks that should take up Golf. Regarding grass it might look greener elsew\u00adhere but it also could be slip\u00adpery. By the way the Spanish Magician did ok at Wimbledon. <a href=\"https:\/\/twitter.com\/carlosalcaraz?ref_src=twsrc%5Etfw\" data-wpel-link=\"external\" target=\"_blank\" rel=\"nofollow external noopener\">@carlosalcaraz<\/a><\/p>\n<p>\u2014 Rick Macci (@RickMacci) <a href=\"https:\/\/twitter.com\/RickMacci\/status\/1910241069402382587?ref_src=twsrc%5Etfw\" data-wpel-link=\"external\" target=\"_blank\" rel=\"nofollow external noopener\">April 10,\u00a02025<\/a><\/p><\/blockquote>\n<p><strong>\u00ab\u202fLors d\u2019un podcast, il a \u00e9t\u00e9 ques\u00adtion de Carlos et d\u2019un \u00e9ven\u00adtuel chan\u00adge\u00adment d\u2019en\u00adtra\u00ee\u00adneur. Tous ceux qui pensent cela devraient se mettre au golf. L\u2019herbe peut sembler plus verte ailleurs, mais elle peut aussi \u00eatre glis\u00adsante. Au fait, le magi\u00adcien espa\u00adgnol s\u2019est bien d\u00e9brouill\u00e9 \u00e0 Wimbledon.\u202f\u00bb<\/strong><\/p>\n<p class=\"post-published-date\" style=\"color: silver; font-size: 75%; text-align: left;\">Publi\u00e9 le vendredi 11 avril 2025 \u00e0 13:33<\/p>\n<p><script async src=\"https:\/\/platform.twitter.com\/widgets.js\" charset=\"utf-8\"><\/script><\/p>\n","protected":false},"excerpt":{"rendered":"\u00c0 l\u2019instar d\u2019Andy Roddick, son ancien joueur, Rick Macci s\u2019est offusqu\u00e9 \u00e0 propos des certains propos qui circulent&hellip;\n","protected":false},"author":2,"featured_media":18290,"comment_status":"","ping_status":"","sticky":false,"template":"","format":"standard","meta":{"footnotes":""},"categories":[1415],"tags":[1744,7275,1011,27,2201,60,1467],"class_list":{"0":"post-18289","1":"post","2":"type-post","3":"status-publish","4":"format-standard","5":"has-post-thumbnail","7":"category-tennis","8":"tag-alcaraz","9":"tag-ferrero","10":"tag-fr","11":"tag-france","12":"tag-serena-williams","13":"tag-sports","14":"tag-tennis"},"share_on_mastodon":{"url":"https:\/\/pubeurope.com\/@fr\/114321437697776283","error":""},"_links":{"self":[{"href":"https:\/\/www.europesays.com\/fr\/wp-json\/wp\/v2\/posts\/18289","targetHints":{"allow":["GET"]}}],"collection":[{"href":"https:\/\/www.europesays.com\/fr\/wp-json\/wp\/v2\/posts"}],"about":[{"href":"https:\/\/www.europesays.com\/fr\/wp-json\/wp\/v2\/types\/post"}],"author":[{"embeddable":true,"href":"https:\/\/www.europesays.com\/fr\/wp-json\/wp\/v2\/users\/2"}],"replies":[{"embeddable":true,"href":"https:\/\/www.europesays.com\/fr\/wp-json\/wp\/v2\/comments?post=18289"}],"version-history":[{"count":0,"href":"https:\/\/www.europesays.com\/fr\/wp-json\/wp\/v2\/posts\/18289\/revisions"}],"wp:featuredmedia":[{"embeddable":true,"href":"https:\/\/www.europesays.com\/fr\/wp-json\/wp\/v2\/media\/18290"}],"wp:attachment":[{"href":"https:\/\/www.europesays.com\/fr\/wp-json\/wp\/v2\/media?parent=18289"}],"wp:term":[{"taxonomy":"category","embeddable":true,"href":"https:\/\/www.europesays.com\/fr\/wp-json\/wp\/v2\/categories?post=18289"},{"taxonomy":"post_tag","embeddable":true,"href":"https:\/\/www.europesays.com\/fr\/wp-json\/wp\/v2\/tags?post=18289"}],"curies":[{"name":"wp","href":"https:\/\/api.w.org\/{rel}","templated":true}]}}