{"id":182891,"date":"2025-06-17T08:25:12","date_gmt":"2025-06-17T08:25:12","guid":{"rendered":"https:\/\/www.europesays.com\/fr\/182891\/"},"modified":"2025-06-17T08:25:12","modified_gmt":"2025-06-17T08:25:12","slug":"a-quelle-heure-et-sur-quelle-chaine-regarder-la-seconde-demi-finale-du-top-14","status":"publish","type":"post","link":"https:\/\/www.europesays.com\/fr\/182891\/","title":{"rendered":"\u00e0 quelle heure et sur quelle cha\u00eene regarder la seconde demi-finale du Top 14"},"content":{"rendered":"<p>Ce samedi, \u00e0 Lyon, le RCT d\u00e9fie l\u2019Union Bordeaux-B\u00e8gles pour une place en finale du championnat de France.<\/p>\n<p class=\"fig-paragraph\"><a href=\"http:\/\/www.lefigaro.fr\/sports\/rugby\/coupe-d-europe\/c-est-un-premier-objectif-d-atteint-bordeaux-begles-une-jeune-union-qui-fait-force-20250525\" data-fig-type=\"Article\" data-gtm-custom-categorie=\"navigation\" data-gtm-custom-action=\"crossclick\" data-gtm-custom-label=\"Contextuel\" data-gtm-event=\"customEventSPE\" data-fig-domain=\"LEFIGARO\" target=\"_blank\" rel=\"noopener\">Tout frais vainqueur de la Champions Cup,<\/a>\u00a0l\u2019Union Bordeaux-B\u00e8gles\u00a0<a href=\"http:\/\/www.lefigaro.fr\/sports\/rugby\/top-14\/top-14-signaux-positifs-pour-les-retours-de-lucu-buros-et-falatea-ubb-20250616\" data-fig-type=\"NewsFlash\" data-gtm-custom-categorie=\"navigation\" data-gtm-custom-action=\"crossclick\" data-gtm-custom-label=\"Contextuel\" data-gtm-event=\"customEventSPE\" data-fig-domain=\"LEFIGARO\" target=\"_blank\" rel=\"noopener\">repart au combat<\/a>. Apr\u00e8s deux semaines sans match, 2e place de la saison r\u00e9guli\u00e8re oblige, les Girondins partent \u00e0 la conqu\u00eate de leur objectif d\u2019un retentissant doubl\u00e9.<\/p>\n<p class=\"fig-paragraph\">Pour se hisser en finale, Jalibert et ses co\u00e9quipiers devront \u00e9carter des\u00a0<a href=\"http:\/\/www.lefigaro.fr\/sports\/rugby\/top-14\/bayonne-et-toulon-la-ferveur-des-outsiders-a-l-assaut-des-ogres-du-top-14-20250615\" data-fig-type=\"Article\" data-gtm-custom-categorie=\"navigation\" data-gtm-custom-action=\"crossclick\" data-gtm-custom-label=\"Contextuel\" data-gtm-event=\"customEventSPE\" data-fig-domain=\"LEFIGARO\" target=\"_blank\" rel=\"noopener\">Toulonnais de retour \u00e0 ce niveau<\/a>\u00a0de la comp\u00e9tition apr\u00e8s huit ann\u00e9es de disette. Un v\u00e9ritable choc autant qu\u2019une opposition de styles entre\u00a0<a href=\"http:\/\/www.lefigaro.fr\/sports\/rugby\/coupe-d-europe\/champions-cup-damian-penaud-le-bordelais-a-l-insatiable-soif-de-records-20250525\" data-fig-type=\"Article\" data-gtm-custom-categorie=\"navigation\" data-gtm-custom-action=\"crossclick\" data-gtm-custom-label=\"Contextuel\" data-gtm-event=\"customEventSPE\" data-fig-domain=\"LEFIGARO\" target=\"_blank\" rel=\"noopener\">les voltigeurs de l\u2019UBB<\/a>\u00a0et\u00a0<a href=\"http:\/\/www.lefigaro.fr\/sports\/rugby\/top-14\/toulon-castres-arrete-de-jouer-tout-seul-quand-tuicuvu-recadre-sechement-serin-en-plein-match-20250615\" data-fig-type=\"NewsFlash\" data-gtm-custom-categorie=\"navigation\" data-gtm-custom-action=\"crossclick\" data-gtm-custom-label=\"Contextuel\" data-gtm-event=\"customEventSPE\" data-fig-domain=\"LEFIGARO\" target=\"_blank\" rel=\"noopener\">le f\u00e9roce pack varois<\/a>.<\/p>\n<p>O\u00f9 et quand voir UBB-RCT\u00a0?<\/p>\n<p class=\"fig-paragraph\">Le coup d\u2019envoi de cette demi-finale sera donn\u00e9 samedi 21 juin \u00e0 21h05 au Groupama Stadium de Lyon. Une rencontre \u00e0 suivre sur Canal + et en direct comment\u00e9 sur le site du Figaro.<\/p>\n<p class=\"fig-paragraph\"><strong>\u00c0 VOIR AUSSI \u2013 <\/strong>Randonn\u00e9e, animaux sauvages, beach soccer&#8230; Les Bleues du foot pr\u00e9parent l\u2019Euro 2025 au Pays basque<\/p>\n","protected":false},"excerpt":{"rendered":"Ce samedi, \u00e0 Lyon, le RCT d\u00e9fie l\u2019Union Bordeaux-B\u00e8gles pour une place en finale du championnat de France.&hellip;\n","protected":false},"author":2,"featured_media":182892,"comment_status":"","ping_status":"","sticky":false,"template":"","format":"standard","meta":{"footnotes":""},"categories":[9619],"tags":[1111,11,525,4590,1981,2313,814,1777,674,1011,27,955,12,4589,882,2311,25,1980,479,2259,478,2310,2312],"class_list":{"0":"post-182891","1":"post","2":"type-post","3":"status-publish","4":"format-standard","5":"has-post-thumbnail","7":"category-toulon","8":"tag-actu","9":"tag-actualites","10":"tag-calendrier","11":"tag-championnat-france","12":"tag-classement","13":"tag-clermont","14":"tag-direct","15":"tag-eu","16":"tag-europe","17":"tag-fr","18":"tag-france","19":"tag-match","20":"tag-news","21":"tag-phase-finale","22":"tag-provence-alpes-cote-dazur","23":"tag-racing","24":"tag-republique-francaise","25":"tag-resultats","26":"tag-rugby","27":"tag-score","28":"tag-top-14","29":"tag-toulon","30":"tag-toulouse"},"share_on_mastodon":{"url":"https:\/\/pubeurope.com\/@fr\/114697753303430800","error":""},"_links":{"self":[{"href":"https:\/\/www.europesays.com\/fr\/wp-json\/wp\/v2\/posts\/182891","targetHints":{"allow":["GET"]}}],"collection":[{"href":"https:\/\/www.europesays.com\/fr\/wp-json\/wp\/v2\/posts"}],"about":[{"href":"https:\/\/www.europesays.com\/fr\/wp-json\/wp\/v2\/types\/post"}],"author":[{"embeddable":true,"href":"https:\/\/www.europesays.com\/fr\/wp-json\/wp\/v2\/users\/2"}],"replies":[{"embeddable":true,"href":"https:\/\/www.europesays.com\/fr\/wp-json\/wp\/v2\/comments?post=182891"}],"version-history":[{"count":0,"href":"https:\/\/www.europesays.com\/fr\/wp-json\/wp\/v2\/posts\/182891\/revisions"}],"wp:featuredmedia":[{"embeddable":true,"href":"https:\/\/www.europesays.com\/fr\/wp-json\/wp\/v2\/media\/182892"}],"wp:attachment":[{"href":"https:\/\/www.europesays.com\/fr\/wp-json\/wp\/v2\/media?parent=182891"}],"wp:term":[{"taxonomy":"category","embeddable":true,"href":"https:\/\/www.europesays.com\/fr\/wp-json\/wp\/v2\/categories?post=182891"},{"taxonomy":"post_tag","embeddable":true,"href":"https:\/\/www.europesays.com\/fr\/wp-json\/wp\/v2\/tags?post=182891"}],"curies":[{"name":"wp","href":"https:\/\/api.w.org\/{rel}","templated":true}]}}