{"id":182897,"date":"2025-06-17T08:28:09","date_gmt":"2025-06-17T08:28:09","guid":{"rendered":"https:\/\/www.europesays.com\/fr\/182897\/"},"modified":"2025-06-17T08:28:09","modified_gmt":"2025-06-17T08:28:09","slug":"sacree-miss-normandie-2025-victoire-dupuis-est-originaire-de-rouen","status":"publish","type":"post","link":"https:\/\/www.europesays.com\/fr\/182897\/","title":{"rendered":"Sacr\u00e9e Miss Normandie 2025, Victoire Dupuis est originaire de Rouen\u00a0!"},"content":{"rendered":"<p>            Par<br \/>\n        <strong><br \/>\n            <a href=\"https:\/\/actu.fr\/auteur\/adrien-filoche\" title=\"Consulter tous les articles de Adrien Filoche\" rel=\"nofollow noopener\" target=\"_blank\">Adrien Filoche<\/a><br \/>\n        <\/strong><\/p>\n<p>        Publi\u00e9 le<\/p>\n<p>            17 juin 2025 \u00e0 9h55        <\/p>\n<p>Elles \u00e9taient <a href=\"https:\/\/actu.fr\/normandie\/rouen_76540\/ces-rouennaises-veulent-la-couronne-de-miss-normandie-et-casser-l-image-de-barbie_62710720.html\" rel=\"nofollow noopener\" target=\"_blank\">deux originaires de Rouen,<\/a> \u00e0 repr\u00e9senter la Seine-Maritime lors de l\u2019\u00e9lection de <strong>Miss Normandie 2025.<\/strong> Finalement, l\u2019une d\u2019entre elles, <strong>Victoire Dupuis<\/strong>, 19\u00a0ans, a \u00e9t\u00e9 couronn\u00e9e ce vendredi 13\u00a0juin au Z\u00e9nith de Caen dans le Calvados. \u00ab\u2009Je ne r\u00e9alise pas encore ce qu\u2019il se passe, je pense qu\u2019il va falloir que je dorme, que je me repose\u2009\u00bb, a-t-elle confi\u00e9, apr\u00e8s sa victoire. Elle succ\u00e8de ainsi \u00e0 Lucille Lecellier, Miss Normandie 2024.<\/p>\n<p>\u00ab\u2009Je veux garder les pieds sur terre\u2009\u00bb<\/p>\n<p class=\" wall-content\">La jeune femme de 19\u00a0ans, \u00e9tudiante en communication et marketing, a toujours v\u00e9cu \u00e0 Rouen. Interrog\u00e9e quelques jours avant son \u00e9lection par 76actu, elle racontait qu\u2019elle avait d\u00e9couvert un peu par hasard sur Instagram qu\u2019elle pouvait s\u2019inscrire au concours. <strong>Elle n\u2019a pas h\u00e9sit\u00e9 une seconde, et elle a bien fait.<\/strong><\/p>\n<blockquote class=\"ac-article-quote wall-content\">\n<p>Je suis spontan\u00e9e, je n&rsquo;ai pas envie de me prendre la t\u00eate. Je veux garder les pieds sur terre.<\/p>\n<p>    <strong>Victoire Dupuis,<\/strong><br \/>\n        Miss Normandie 2025    <\/p><\/blockquote>\n<p class=\" wall-content\">En d\u00e9cembre\u00a02025, Victoire Dupuis va donc repr\u00e9senter sa r\u00e9gion, la Normandie, en tentant d\u2019obtenir <strong>le titre de Miss France 2026.<\/strong><\/p>\n<p class=\" wall-content\">Elle pourrait ainsi devenir la deuxi\u00e8me Normande de ces derni\u00e8res ann\u00e9es \u00e0 d\u00e9crocher la couronne, apr\u00e8s la Caennaise Amandine Petit, Miss France 2021.<\/p>\n<p>Vid\u00e9os : en ce moment sur Actu<\/p>\n<p class=\" wall-content\">Suivez toute l\u2019actualit\u00e9 de vos villes et m\u00e9dias favoris en vous inscrivant \u00e0 <a href=\"https:\/\/moncompte.actu.fr\" title=\"D\u00e9couvez Mon Actu\" rel=\"nofollow noopener\" data-trk=\"{&quot;cta&quot;:{&quot;action&quot;:&quot;https:\\\/\\\/moncompte.actu.fr&quot;,&quot;category&quot;:&quot;mon compte&quot;,&quot;from&quot;:&quot;article footer&quot;,&quot;name&quot;:&quot;Mon actu&quot;,&quot;type&quot;:&quot;cta&quot;}}\" target=\"_blank\">Mon Actu<\/a>.<\/p>\n","protected":false},"excerpt":{"rendered":"Par Adrien Filoche Publi\u00e9 le 17 juin 2025 \u00e0 9h55 Elles \u00e9taient deux originaires de Rouen, \u00e0 repr\u00e9senter&hellip;\n","protected":false},"author":2,"featured_media":182898,"comment_status":"","ping_status":"","sticky":false,"template":"","format":"standard","meta":{"footnotes":""},"categories":[9587],"tags":[1111,11,1777,674,1011,27,3034,12,5161,25,9590,104],"class_list":{"0":"post-182897","1":"post","2":"type-post","3":"status-publish","4":"format-standard","5":"has-post-thumbnail","7":"category-rouen","8":"tag-actu","9":"tag-actualites","10":"tag-eu","11":"tag-europe","12":"tag-fr","13":"tag-france","14":"tag-miss-france","15":"tag-news","16":"tag-normandie","17":"tag-republique-francaise","18":"tag-rouen","19":"tag-societe"},"share_on_mastodon":{"url":"https:\/\/pubeurope.com\/@fr\/114697765224658515","error":""},"_links":{"self":[{"href":"https:\/\/www.europesays.com\/fr\/wp-json\/wp\/v2\/posts\/182897","targetHints":{"allow":["GET"]}}],"collection":[{"href":"https:\/\/www.europesays.com\/fr\/wp-json\/wp\/v2\/posts"}],"about":[{"href":"https:\/\/www.europesays.com\/fr\/wp-json\/wp\/v2\/types\/post"}],"author":[{"embeddable":true,"href":"https:\/\/www.europesays.com\/fr\/wp-json\/wp\/v2\/users\/2"}],"replies":[{"embeddable":true,"href":"https:\/\/www.europesays.com\/fr\/wp-json\/wp\/v2\/comments?post=182897"}],"version-history":[{"count":0,"href":"https:\/\/www.europesays.com\/fr\/wp-json\/wp\/v2\/posts\/182897\/revisions"}],"wp:featuredmedia":[{"embeddable":true,"href":"https:\/\/www.europesays.com\/fr\/wp-json\/wp\/v2\/media\/182898"}],"wp:attachment":[{"href":"https:\/\/www.europesays.com\/fr\/wp-json\/wp\/v2\/media?parent=182897"}],"wp:term":[{"taxonomy":"category","embeddable":true,"href":"https:\/\/www.europesays.com\/fr\/wp-json\/wp\/v2\/categories?post=182897"},{"taxonomy":"post_tag","embeddable":true,"href":"https:\/\/www.europesays.com\/fr\/wp-json\/wp\/v2\/tags?post=182897"}],"curies":[{"name":"wp","href":"https:\/\/api.w.org\/{rel}","templated":true}]}}