{"id":182901,"date":"2025-06-17T08:31:14","date_gmt":"2025-06-17T08:31:14","guid":{"rendered":"https:\/\/www.europesays.com\/fr\/182901\/"},"modified":"2025-06-17T08:31:14","modified_gmt":"2025-06-17T08:31:14","slug":"mc2-grenoble-encore-plus-de-spectacles-et-de-representations-en-2025-2026","status":"publish","type":"post","link":"https:\/\/www.europesays.com\/fr\/182901\/","title":{"rendered":"MC2 Grenoble : encore plus de spectacles et de repr\u00e9sentations en 2025-2026"},"content":{"rendered":"<p><strong>94 spectacles<\/strong> sont programm\u00e9s \u00e0 la <strong>MC2 <\/strong>pour la nouvelle <strong>saison 2025-2026<\/strong> qui d\u00e9marrera en septembre prochain. C&rsquo;est <strong>neuf de plus<\/strong> que la saison pass\u00e9e. Le nombre de <strong>repr\u00e9sentations<\/strong> augmente \u00e9galement avec environ <strong>250<\/strong>, contre 194 en 2024-2025. Les tarifs, eux, ne bougent pas. <\/p>\n<p>C&rsquo;est ce qu&rsquo;a annonc\u00e9 <a href=\"https:\/\/mesinfos.fr\/38000-grenoble\/avec-son-programme-2024-2025-la-mc2-veut-depasser-les-100-000-entrees-payantes-200081.html\" rel=\"noopener\" target=\"_blank\">Arnaud Meunier <\/a>lors de la pr\u00e9sentation publique du programme de la Maison de la culture grenobloise, jeudi 12 juin. Il s&rsquo;est \u00e9galement r\u00e9joui du fait que le cap des <strong>100 000 entr\u00e9es payantes<\/strong> annuelles a \u00e9t\u00e9 franchi (100 625 pr\u00e9cis\u00e9ment) cette ann\u00e9e. Un excellent r\u00e9sultat qui a sans doute confort\u00e9 la d\u00e9cision de le reconduire pour quatre ans au poste de directeur. <\/p>\n<p>MC2 de Grenoble : Shakespeare, un fil rouge de la saison 2025-2026 <img decoding=\"async\" alt=\"\" data-zoomable=\"\" height=\"1333\" loading=\"lazy\" src=\"https:\/\/www.europesays.com\/fr\/wp-content\/uploads\/2025\/06\/photo-makbeth-2526-c-martineznicolas-7.jpg\" title=\"\u00a9 Nicolas Martinez - Makbeth, par le Munstrum Th\u00e9atre, \u00e0 voir \u00e0 la MC2 de Grenoble les 11 et 12 mars 2026.\" width=\"2000\"\/> \u00a9 Nicolas Martinez &#8211; Makbeth, par le Munstrum Th\u00e9atre, \u00e0 voir \u00e0 la MC2 de Grenoble les 11 et 12 mars 2026. <\/p>\n<p>Parmi les nombreux temps forts de la programmation, on notera un <strong>fil rouge<\/strong> autour de <strong>Shakespeare<\/strong>. Ainsi, le <strong>Munstrum Th\u00e9\u00e2tre<\/strong>, grand adepte de l&rsquo;utilisation des masques en latex, interpr\u00e9tera une version revisit\u00e9e de Macbeth, intitul\u00e9e Makbeth (les 11 et 12 mars 2026). La compagnie Le Chat du d\u00e9sert pr\u00e9sentera la pi\u00e8ce de th\u00e9\u00e2tre intitul\u00e9e On n&rsquo;est pas assez nombreux pour jouer Shakespeare, du 27 au 31 janvier 2026. Trois interpr\u00e8tes pour incarner 64 personnages : jouer ou ne pas jouer, telle est la question ! <\/p>\n<p>Arnaud Meunier conseille \u00e9galement Mary Sidney alias Shakespeare, \u00ab\u00a0une conf\u00e9rence scientifique tr\u00e8s s\u00e9rieuse\u00a0\u00bb qui interroge sur la possibilit\u00e9 qu&rsquo;une contemporaine de Shakespeare soit l&rsquo;autrice des \u0153uvres attribu\u00e9es au c\u00e9l\u00e8bre dramaturge anglais. A voir du 22 au 24 avril 2026.<\/p>\n<p>Citons \u00e9galement une adaptation de Richard III par le metteur en sc\u00e8ne isra\u00e9lien, r\u00e9fugi\u00e9 en France, Itay Tiran. \u00ab\u00a0Ce spectacle a \u00e9t\u00e9 cr\u00e9\u00e9 un mois avant les attentats d&rsquo;octobre 2024\u00a0\u00bb, confie Arnaud Meunier, pr\u00e9cisant que le r\u00f4le-titre sera interpr\u00e9t\u00e9 par une actrice, Evgenia Dodina.<\/p>\n<p>Autre th\u00e9matique, celle des r\u00e9cits manquants. La MC2 a notamment choisi de produire l&rsquo;artiste \u00e9chirollois, <strong>Brahim Koutari<\/strong>, qui se produira sur la sc\u00e8ne de la MC2, sous la direction de Catherine Hargreaves dans la pi\u00e8ce \u00e9crite par Ad\u00e8le Gascuel : 24 place Beaumarchais. C&rsquo;est l&rsquo;adresse o\u00f9 il a grandi \u00e0 \u00c9chirolles. \u00ab\u00a0La pi\u00e8ce parle de comment on lutte contre l&rsquo;assignation d\u00e9finitive et le droit \u00e0 r\u00e9aliser ses r\u00eaves.\u00a0\u00bb La pcr\u00e9ation sera pr\u00e9sent\u00e9e du 7 au 16 octobre 2025 \u00e0 la MC2, mais \u00e9galement \u00e0 La Rampe \u00e0 \u00c9chirolles. <\/p>\n<p>Participer \u00e0 un bal avec la chor\u00e9graphe Blanca Li en portant un casque de r\u00e9alit\u00e9 virtuelle <img decoding=\"async\" alt=\"\" class=\"img-size-full\" data-zoomable=\"\" height=\"824\" loading=\"lazy\" src=\"https:\/\/www.europesays.com\/fr\/wp-content\/uploads\/2025\/06\/photo-lebaldeparis-2526-9.JPG\" title=\"\u00a9 Cie Blanca Li - Le Bal de Paris de Blanca Li, m\u00ealant r\u00e9alit\u00e9 virtuelle et danse, sera pr\u00e9sent\u00e9 du 19 mai au 7 juin 2026.\" width=\"1600\"\/> \u00a9 Cie Blanca Li &#8211; Le Bal de Paris de Blanca Li, m\u00ealant r\u00e9alit\u00e9 virtuelle et danse, sera pr\u00e9sent\u00e9 du 19 mai au 7 juin 2026. <\/p>\n<p>L&rsquo;innovation sera \u00e9galement de la partie cette ann\u00e9e, avec en particulier Le Bal de Paris de Blanca Li, du 19 mai au 7 juin 2026. \u00ab\u00a0Cela a \u00e9t\u00e9 jou\u00e9 dans toutes les grandes villes du monde et, en France, uniquement \u00e0 Paris.\u00a0\u00bb Le principe : les spectateurs, \u00e9quip\u00e9s d&rsquo;un <strong>casque de r\u00e9alit\u00e9 virtuelle<\/strong>, et guid\u00e9s par des danseurs, choisiront leur avatar avant de plonger dans un univers f\u00e9erique sous la houlette de la chor\u00e9graphe <strong>Blanca Li<\/strong>.<\/p>\n<p>La saison pass\u00e9e, le spectacle humoristique grand public, <a href=\"https:\/\/mesinfos.fr\/38000-grenoble\/les-gros-patinent-bien-a-la-mc2-de-grenoble-un-spectacle-hilarant-a-ne-pas-manquer-212617.html\" rel=\"noopener\" target=\"_blank\">Les gros patinent bien<\/a>, avec ses 10 repr\u00e9sentations, a particuli\u00e8rement bien fonctionn\u00e9, attirant 60 % de spectateurs qui n&rsquo;\u00e9taient ni des adh\u00e9rents, ni des abonn\u00e9s de la MC2. Cette saison, la MC2 esp\u00e8re faire aussi bien avec le classique du <strong>spectacle de clowns<\/strong> cr\u00e9\u00e9 il y a 30 ans, Slava&rsquo;s Snowshow, de Slava Polunin, qui sera pr\u00e9sent\u00e9 du 6 au 10 mai 2026. <\/p>\n<p>\u00ab\u00a0Plus d&rsquo;un tiers des artistes programm\u00e9s sont internationaux\u00a0\u00bb, annonce Arnaud Meunier, ajoutant que la MC2 s&rsquo;est jumel\u00e9e avec le centre Gabriel Mistral \u00e0 Santiago-de-Chile, \u00e9tablissement qui partage la m\u00eame surface b\u00e2tie gigantesque (2,2 ha). <\/p>\n<p><strong>Pratique<\/strong> <\/p>\n<p>L&rsquo;ouverture de la billetterie pour les places \u00e0 l&rsquo;unit\u00e9 est pr\u00e9vue samedi 21 juin 2025. Les abonnements sont ouverts depuis le 14 juin. Renseignements : <a href=\"https:\/\/www.mc2grenoble.fr\/\" rel=\"noopener\" target=\"_blank\">ici<\/a>.<\/p>\n","protected":false},"excerpt":{"rendered":"94 spectacles sont programm\u00e9s \u00e0 la MC2 pour la nouvelle saison 2025-2026 qui d\u00e9marrera en septembre prochain. C&rsquo;est&hellip;\n","protected":false},"author":2,"featured_media":182902,"comment_status":"","ping_status":"","sticky":false,"template":"","format":"standard","meta":{"footnotes":""},"categories":[9566],"tags":[1111,11,2430,1777,674,1011,27,2731,29510,12,25,32097],"class_list":{"0":"post-182901","1":"post","2":"type-post","3":"status-publish","4":"format-standard","5":"has-post-thumbnail","7":"category-grenoble","8":"tag-actu","9":"tag-actualites","10":"tag-auvergne-rhone-alpes","11":"tag-eu","12":"tag-europe","13":"tag-fr","14":"tag-france","15":"tag-grenoble","16":"tag-mc2","17":"tag-news","18":"tag-republique-francaise","19":"tag-saison-culturelle"},"share_on_mastodon":{"url":"https:\/\/pubeurope.com\/@fr\/114697776947971070","error":""},"_links":{"self":[{"href":"https:\/\/www.europesays.com\/fr\/wp-json\/wp\/v2\/posts\/182901","targetHints":{"allow":["GET"]}}],"collection":[{"href":"https:\/\/www.europesays.com\/fr\/wp-json\/wp\/v2\/posts"}],"about":[{"href":"https:\/\/www.europesays.com\/fr\/wp-json\/wp\/v2\/types\/post"}],"author":[{"embeddable":true,"href":"https:\/\/www.europesays.com\/fr\/wp-json\/wp\/v2\/users\/2"}],"replies":[{"embeddable":true,"href":"https:\/\/www.europesays.com\/fr\/wp-json\/wp\/v2\/comments?post=182901"}],"version-history":[{"count":0,"href":"https:\/\/www.europesays.com\/fr\/wp-json\/wp\/v2\/posts\/182901\/revisions"}],"wp:featuredmedia":[{"embeddable":true,"href":"https:\/\/www.europesays.com\/fr\/wp-json\/wp\/v2\/media\/182902"}],"wp:attachment":[{"href":"https:\/\/www.europesays.com\/fr\/wp-json\/wp\/v2\/media?parent=182901"}],"wp:term":[{"taxonomy":"category","embeddable":true,"href":"https:\/\/www.europesays.com\/fr\/wp-json\/wp\/v2\/categories?post=182901"},{"taxonomy":"post_tag","embeddable":true,"href":"https:\/\/www.europesays.com\/fr\/wp-json\/wp\/v2\/tags?post=182901"}],"curies":[{"name":"wp","href":"https:\/\/api.w.org\/{rel}","templated":true}]}}