{"id":182903,"date":"2025-06-17T08:32:09","date_gmt":"2025-06-17T08:32:09","guid":{"rendered":"https:\/\/www.europesays.com\/fr\/182903\/"},"modified":"2025-06-17T08:32:09","modified_gmt":"2025-06-17T08:32:09","slug":"un-temps-dechanges-entre-lyceens-et-residents-du-foyer-logement-de-cesson-sevigne","status":"publish","type":"post","link":"https:\/\/www.europesays.com\/fr\/182903\/","title":{"rendered":"Un temps d\u2019\u00e9changes entre lyc\u00e9ens et r\u00e9sidents du foyer logement de Cesson-S\u00e9vign\u00e9"},"content":{"rendered":"<p>Dans le cadre de ses missions de m\u00e9diation culturelle, le Pont des arts de Cesson-S\u00e9vign\u00e9 (Ille-et-Vilaine) m\u00e8ne des projets d\u2019actions culturelles autour des spectacles, aupr\u00e8s des scolaires et des r\u00e9sidences seniors.<\/p>\n<p>Cette ann\u00e9e, jeunes et s\u00e9niors avaient assist\u00e9 ensemble au spectacle Gis\u00e8le Halimi, une farouche libert\u00e9, le 29\u00a0novembre 2024, au Carr\u00e9 S\u00e9vign\u00e9. Par la suite, par petits groupes, les \u00e9l\u00e8ves ont interrog\u00e9 les r\u00e9sidents sur leur quotidien durant leur enfance, sur ce qui les a marqu\u00e9s. Ils ont recueilli leurs t\u00e9moignages et notamment leur regard sur les droits des femmes \u00e0 leur \u00e9poque, en \u00e9cho au combat de Gis\u00e8le Halimi, avocate et f\u00e9ministe.<\/p>\n<p>Apr\u00e8s quelques ateliers de retranscription des prises de notes, le projet Avoir 16\u00a0ans, a produit un recueil des paroles des r\u00e9sidents.<\/p>\n<p>\u00ab\u00a0Morceaux de vie\u00a0\u00bb<\/p>\n<p>Au travers de ces \u00e9changes, les lyc\u00e9ens ont pris conscience des diff\u00e9rences notables entre la vie des ann\u00e9es 1950 et celle d\u2019aujourd\u2019hui. Ils ont ainsi pu se rendre compte d\u2019\u00e9volutions majeures qui ont eu lieu par rapport \u00e0 leur quotidien de jeunes de 16\u00a0ans en 2024.<\/p>\n<p>\u00a0Ce carnet de paroles est le r\u00e9cit pr\u00e9cieux de morceaux de vie\u00a0, commente Gwena\u00eblle Delpal, l\u2019adjointe \u00e0 la culture, lors de la restitution.<\/p>\n<p>\u00c0 tour de r\u00f4le, les jeunes ont pr\u00e9sent\u00e9 des parcours de vie de leurs a\u00een\u00e9s qui les ont marqu\u00e9es ou partag\u00e9 des \u00a0histoires fortes en \u00e9motion\u00a0. L\u2019adjointe \u00e0 la culture a conclu la rencontre \u00a0en remerciant les r\u00e9sidents, les \u00e9l\u00e8ves et leurs enseignants, les animateurs, les aidants et les familles ainsi que le personnel du Pont des arts qui ont particip\u00e9 \u00e0 ce beau projet d\u2019\u00e9changes\u00a0.<\/p>\n<p>\u00a0<\/p>\n","protected":false},"excerpt":{"rendered":"Dans le cadre de ses missions de m\u00e9diation culturelle, le Pont des arts de Cesson-S\u00e9vign\u00e9 (Ille-et-Vilaine) m\u00e8ne des&hellip;\n","protected":false},"author":2,"featured_media":182904,"comment_status":"","ping_status":"","sticky":false,"template":"","format":"standard","meta":{"footnotes":""},"categories":[2821],"tags":[1111,11,829,4099,25078,1777,674,14267,1011,27,1908,15387,12,3086,584,25,4153,5426],"class_list":{"0":"post-182903","1":"post","2":"type-post","3":"status-publish","4":"format-standard","5":"has-post-thumbnail","7":"category-rennes","8":"tag-actu","9":"tag-actualites","10":"tag-bretagne","11":"tag-cesson-sevigne","12":"tag-echanges","13":"tag-eu","14":"tag-europe","15":"tag-foyer","16":"tag-fr","17":"tag-france","18":"tag-logement","19":"tag-lyceens","20":"tag-news","21":"tag-redon","22":"tag-rennes","23":"tag-republique-francaise","24":"tag-residents","25":"tag-temps"},"share_on_mastodon":{"url":"https:\/\/pubeurope.com\/@fr\/114697780816392476","error":""},"_links":{"self":[{"href":"https:\/\/www.europesays.com\/fr\/wp-json\/wp\/v2\/posts\/182903","targetHints":{"allow":["GET"]}}],"collection":[{"href":"https:\/\/www.europesays.com\/fr\/wp-json\/wp\/v2\/posts"}],"about":[{"href":"https:\/\/www.europesays.com\/fr\/wp-json\/wp\/v2\/types\/post"}],"author":[{"embeddable":true,"href":"https:\/\/www.europesays.com\/fr\/wp-json\/wp\/v2\/users\/2"}],"replies":[{"embeddable":true,"href":"https:\/\/www.europesays.com\/fr\/wp-json\/wp\/v2\/comments?post=182903"}],"version-history":[{"count":0,"href":"https:\/\/www.europesays.com\/fr\/wp-json\/wp\/v2\/posts\/182903\/revisions"}],"wp:featuredmedia":[{"embeddable":true,"href":"https:\/\/www.europesays.com\/fr\/wp-json\/wp\/v2\/media\/182904"}],"wp:attachment":[{"href":"https:\/\/www.europesays.com\/fr\/wp-json\/wp\/v2\/media?parent=182903"}],"wp:term":[{"taxonomy":"category","embeddable":true,"href":"https:\/\/www.europesays.com\/fr\/wp-json\/wp\/v2\/categories?post=182903"},{"taxonomy":"post_tag","embeddable":true,"href":"https:\/\/www.europesays.com\/fr\/wp-json\/wp\/v2\/tags?post=182903"}],"curies":[{"name":"wp","href":"https:\/\/api.w.org\/{rel}","templated":true}]}}