{"id":182907,"date":"2025-06-17T08:34:11","date_gmt":"2025-06-17T08:34:11","guid":{"rendered":"https:\/\/www.europesays.com\/fr\/182907\/"},"modified":"2025-06-17T08:34:11","modified_gmt":"2025-06-17T08:34:11","slug":"justice-le-tribunal-administratif-autorise-le-confinement-definitif-des-dechets-toxiques-a-stocamine","status":"publish","type":"post","link":"https:\/\/www.europesays.com\/fr\/182907\/","title":{"rendered":"Justice. Le tribunal administratif autorise le confinement d\u00e9finitif des d\u00e9chets toxiques \u00e0 Stocamine"},"content":{"rendered":"<p>Le tribunal administratif de Strasbourg a rejet\u00e9, ce mardi, les requ\u00eates de la Collectivit\u00e9 europ\u00e9enne d&rsquo;Alsace, d&rsquo;associations de protection de l&rsquo;environnement et de riverains, et autoris\u00e9 l\u2019enfouissement d\u00e9finitif des 42 000 tonnes de d\u00e9chets en fond de mine sur le site de Stocamine, \u00e0 Wittelsheim (Haut-Rhin)<\/p>\n<p>Le tribunal a jug\u00e9 que le d\u00e9stockage des 42 000 tonnes de d\u00e9chets toxiques (cyanure, arsenic, mercure&#8230;) entrepos\u00e9s dans cette ancienne mine de potasse, option d\u00e9fendue par les requ\u00e9rants, n&rsquo;\u00e9tait plus r\u00e9alisable dans des conditions acceptables de s\u00e9curit\u00e9 pour le personnel et de risques pour l&rsquo;environnement.<\/p>\n<p>En attendant l&rsquo;appel\u00a0?<\/p>\n<p>Le confinement d\u00e9finitif \u00ab constitue d\u00e9sormais, en l&rsquo;\u00e9tat des meilleures techniques disponibles, la mesure la plus susceptible de pr\u00e9server la ressource en eau et par suite le droit des g\u00e9n\u00e9rations futures \u00e0 satisfaire leurs propres besoins \u00bb, indique le tribunal administratif dans son jugement. Cette solution consiste \u00e0 construire des barri\u00e8res en b\u00e9ton autour des blocs contenant les d\u00e9chets et \u00e0 remblayer les puits y donnant acc\u00e8s de mani\u00e8re \u00e0 assurer une \u00e9tanch\u00e9it\u00e9. Ce jugement peut faire l&rsquo;objet d&rsquo;un appel devant la cour administrative d&rsquo;appel de Nancy dans un d\u00e9lai de deux mois. Il marque <a href=\"https:\/\/www.vosgesmatin.fr\/environnement\/2023\/11\/07\/la-justice-suspend-provisoirement-le-stockage-illimite-de-dechets-sur-le-site-de-stocamine\" target=\"_blank\" rel=\"nofollow noopener\">une nouvelle \u00e9tape dans le bras de fer<\/a> qui oppose depuis des ann\u00e9es d\u00e9fenseurs de l&rsquo;environnement et l&rsquo;\u00c9tat.<\/p>\n<p>Si l&rsquo;autorisation d&rsquo;entreposer ces d\u00e9chets toxiques \u00e9tait initialement temporaire, l&rsquo;\u00c9tat, par un arr\u00eat\u00e9 de la pr\u00e9fecture du Haut-Rhin du 28 septembre 2023, a prolong\u00e9 pour une dur\u00e9e illimit\u00e9e l&rsquo;autorisation de stockage. La soci\u00e9t\u00e9 des Mines de Potasse d&rsquo;Alsace (MDPA), gestionnaire du site et d\u00e9tenue \u00e0 100% par l&rsquo;\u00c9tat, a entam\u00e9 depuis un vaste chantier pour couler des barri\u00e8res de b\u00e9ton dans les galeries souterraines.<\/p>\n<p>D\u00e9gradation des galeries<\/p>\n<p>La d\u00e9cision de l&rsquo;\u00c9tat et les travaux qui ont suivi suscitent une certaine opposition en Alsace. Des \u00e9lus, des riverains et des associations redoutent que le maintien des d\u00e9chets en profondeur, m\u00eame sous le b\u00e9ton, ne pollue \u00e0 terme la nappe phr\u00e9atique d&rsquo;Alsace, qui alimente des millions de personnes. En cause : l&rsquo;\u00e9tat de la mine, trop d\u00e9grad\u00e9 selon eux pour emp\u00eacher une infiltration d&rsquo;eau qui finira, au contact des d\u00e9chets, par contaminer la nappe phr\u00e9atique, malgr\u00e9 la pr\u00e9sence des barri\u00e8res de b\u00e9ton. Mais le tribunal administratif a estim\u00e9 que les technologies robotiques envisag\u00e9es par les requ\u00e9rants ne pouvaient pas servir \u00e0 des op\u00e9rations complexes de d\u00e9stockage.<\/p>\n<p>Ecartant la possibilit\u00e9 de d\u00e9stockage, le tribunal a consid\u00e9r\u00e9 que le confinement d\u00e9finitif des d\u00e9chets toxiques constituait la mesure la plus susceptible de pr\u00e9server l&rsquo;environnement \u00e0 court, moyen et long termes. \u00c0 l&rsquo;audience le 15 mai, le rapporteur public Alexandre Therre s&rsquo;\u00e9tait prononc\u00e9 en faveur de la poursuite des travaux de confinement, estimant que la \u00ab d\u00e9gradation tr\u00e8s significative \u00bb des galeries, o\u00f9 \u00ab les toits s&rsquo;affaissent et les murs se rapprochent \u00bb, emp\u00eachait d&rsquo;extraire \u00ab en toute s\u00e9curit\u00e9 \u00bb les d\u00e9chets.<\/p>\n<p>Un raisonnement fustig\u00e9 par Fran\u00e7ois Zind, l&rsquo;avocat d&rsquo;Alsace Nature, qui estime \u00eatre mis devant \u00ab le fait accompli \u00bb et craint de voir les d\u00e9chets toxiques transmis \u00ab en h\u00e9ritage aux g\u00e9n\u00e9rations futures \u00bb Dans un rare communiqu\u00e9 transpartisan publi\u00e9 fin mai, neuf parlementaires alsaciens de tous bords avaient fait \u00e9tat d&rsquo;un \u00ab risque d\u00e9sormais certain d&rsquo;une inondation rapide de la mine qui provoquera une pollution irr\u00e9versible de la nappe phr\u00e9atique \u00bb. Ils ont r\u00e9clam\u00e9 l&rsquo;arr\u00eat des travaux de confinement et le d\u00e9marrage du d\u00e9stockage des d\u00e9chets, mais aucune suite n&rsquo;a \u00e9t\u00e9 donn\u00e9e \u00e0 cette initiative. Dans un rapport publi\u00e9 en d\u00e9cembre 2024, la Cour des comptes calculait que les retards successifs du chantier du confinement d\u00e9finitif avaient co\u00fbt\u00e9 \u00e0 l&rsquo;\u00c9tat 226 millions d&rsquo;euros suppl\u00e9mentaires depuis 2013.<\/p>\n<p class=\"note\"><strong><a href=\"https:\/\/www.lalsace.fr\/economie\/2025\/06\/17\/le-tribunal-administratif-de-strasbourg-autorise-le-confinement-des-dechets\" target=\"_blank\" rel=\"nofollow noopener\">&gt;&gt; Lire le dossier complet de L&rsquo;Alsace<\/a><\/strong><\/p>\n","protected":false},"excerpt":{"rendered":"Le tribunal administratif de Strasbourg a rejet\u00e9, ce mardi, les requ\u00eates de la Collectivit\u00e9 europ\u00e9enne d&rsquo;Alsace, d&rsquo;associations de&hellip;\n","protected":false},"author":2,"featured_media":182908,"comment_status":"","ping_status":"","sticky":false,"template":"","format":"standard","meta":{"footnotes":""},"categories":[2820],"tags":[1111,11,436,1777,674,274,107,1011,27,329,775,12,25,640],"class_list":{"0":"post-182907","1":"post","2":"type-post","3":"status-publish","4":"format-standard","5":"has-post-thumbnail","7":"category-strasbourg","8":"tag-actu","9":"tag-actualites","10":"tag-environnement","11":"tag-eu","12":"tag-europe","13":"tag-faits-divers-justice","14":"tag-fil-info","15":"tag-fr","16":"tag-france","17":"tag-france-monde","18":"tag-grand-est","19":"tag-news","20":"tag-republique-francaise","21":"tag-strasbourg"},"share_on_mastodon":{"url":"https:\/\/pubeurope.com\/@fr\/114697788931761417","error":""},"_links":{"self":[{"href":"https:\/\/www.europesays.com\/fr\/wp-json\/wp\/v2\/posts\/182907","targetHints":{"allow":["GET"]}}],"collection":[{"href":"https:\/\/www.europesays.com\/fr\/wp-json\/wp\/v2\/posts"}],"about":[{"href":"https:\/\/www.europesays.com\/fr\/wp-json\/wp\/v2\/types\/post"}],"author":[{"embeddable":true,"href":"https:\/\/www.europesays.com\/fr\/wp-json\/wp\/v2\/users\/2"}],"replies":[{"embeddable":true,"href":"https:\/\/www.europesays.com\/fr\/wp-json\/wp\/v2\/comments?post=182907"}],"version-history":[{"count":0,"href":"https:\/\/www.europesays.com\/fr\/wp-json\/wp\/v2\/posts\/182907\/revisions"}],"wp:featuredmedia":[{"embeddable":true,"href":"https:\/\/www.europesays.com\/fr\/wp-json\/wp\/v2\/media\/182908"}],"wp:attachment":[{"href":"https:\/\/www.europesays.com\/fr\/wp-json\/wp\/v2\/media?parent=182907"}],"wp:term":[{"taxonomy":"category","embeddable":true,"href":"https:\/\/www.europesays.com\/fr\/wp-json\/wp\/v2\/categories?post=182907"},{"taxonomy":"post_tag","embeddable":true,"href":"https:\/\/www.europesays.com\/fr\/wp-json\/wp\/v2\/tags?post=182907"}],"curies":[{"name":"wp","href":"https:\/\/api.w.org\/{rel}","templated":true}]}}