{"id":182929,"date":"2025-06-17T08:47:16","date_gmt":"2025-06-17T08:47:16","guid":{"rendered":"https:\/\/www.europesays.com\/fr\/182929\/"},"modified":"2025-06-17T08:47:16","modified_gmt":"2025-06-17T08:47:16","slug":"lom-presente-son-maillot-exterieur-2025-26","status":"publish","type":"post","link":"https:\/\/www.europesays.com\/fr\/182929\/","title":{"rendered":"l&rsquo;OM pr\u00e9sente son maillot ext\u00e9rieur 2025\/26"},"content":{"rendered":"<p>Quelques heures apr\u00e8s le lancement du maillot domicile, PUMA et l\u2019Olympique de Marseille ont d\u00e9voil\u00e9 aujourd\u2019hui le nouveau maillot ext\u00e9rieur pour la saison 2025\/2026. <\/p>\n<p>\u00ab\u00a0Le maillot ext\u00e9rieur, couleur bleu nuit, puise son inspiration dans les tribunes de l\u2019Orange V\u00e9lodrome. Ces milliers de feuilles qui composent les tifos spectaculaires, brandis \u00e0 l\u2019unisson par les supporters, sont \u00e9voqu\u00e9s par les lignes graphiques qui parcourent la tunique et viennent dessiner la mythique croix phoc\u00e9enne. Symbole fort de Marseille, elle est int\u00e9gr\u00e9e avec force et modernit\u00e9, rappelant \u00e0 la fois l\u2019histoire de la ville et son ADN conqu\u00e9rant\u00a0\u00bb. C&rsquo;est par ce smots que l&rsquo;OM et PUMA d\u00e9crivent le nouveau maillot ext\u00e9rieur pour la saison 2025\/2026 qui a \u00e9t\u00e9 d\u00e9voil\u00e9 aujourd&rsquo;hui, quelques heures apr\u00e8s <a href=\"https:\/\/maritima.fr\/actualites\/om\/marseille\/7611\/lom-presente-son-nouveau-maillot-domicile-202526\" target=\"_blank\" rel=\"noopener\">le lancement du maillot domicile<\/a>. Pour le club, \u00ab\u00a0cette nouvelle tunique incarne toute la puissance du peuple marseillais et de son chant mythique qui r\u00e9sonne dans tous les stades o\u00f9 l\u2019Olympique de Marseille \u00e9volue : \u00ab L\u2019Arm\u00e9e des Marseillais \u00bb\u00a0\u00bb.<\/p>\n<p>Le nouveau maillot ext\u00e9rieur de l\u2019Olympique de Marseille sera disponible d\u00e8s minuit le 18 juin sur boutique.om.fr, puis d\u00e8s l&rsquo;ouverture de l&rsquo;ensemble du r\u00e9seau des boutiques officielles du club, chez la majorit\u00e9 des revendeurs et sur puma.com.<\/p>\n<p>\u00c0 noter que pour donner vie \u00e0 sa campagne, PUMA et l\u2019OM ont invit\u00e9 plus de 50 membres du programme Peuple Bleu &amp; Blanc \u00e0 d\u00e9couvrir le maillot en avant-premi\u00e8re et \u00e0 participer au shooting photo officiel aux c\u00f4t\u00e9s des joueurs. \u00ab C\u2019\u00e9tait impossible de louper \u00e7a, c\u2019est un truc de fou ce qu\u2019on a v\u00e9cu aujourd\u2019hui, c\u2019est un r\u00eave \u00bb, a r\u00e9agi Jordan, supporter olympien venu depuis la fronti\u00e8re du Luxembourg sp\u00e9cialement pour l\u2019occasion.<\/p>\n<p>\u00a0<\/p>\n<p><img loading=\"lazy\" decoding=\"async\" src=\"https:\/\/ws.maritima.fr\/api\/images%2F1750149346638blob\" alt=\"\" width=\"560\" height=\"373\"\/><\/p>\n<p>cr\u00e9dit photos OM<\/p>\n<p>\u00a0<\/p>\n","protected":false},"excerpt":{"rendered":"Quelques heures apr\u00e8s le lancement du maillot domicile, PUMA et l\u2019Olympique de Marseille ont d\u00e9voil\u00e9 aujourd\u2019hui le nouveau&hellip;\n","protected":false},"author":2,"featured_media":182930,"comment_status":"","ping_status":"","sticky":false,"template":"","format":"standard","meta":{"footnotes":""},"categories":[2814],"tags":[1111,11,1777,674,1011,27,10274,884,12,149,882,25],"class_list":{"0":"post-182929","1":"post","2":"type-post","3":"status-publish","4":"format-standard","5":"has-post-thumbnail","7":"category-marseille","8":"tag-actu","9":"tag-actualites","10":"tag-eu","11":"tag-europe","12":"tag-fr","13":"tag-france","14":"tag-maillot","15":"tag-marseille","16":"tag-news","17":"tag-om","18":"tag-provence-alpes-cote-dazur","19":"tag-republique-francaise"},"share_on_mastodon":{"url":"https:\/\/pubeurope.com\/@fr\/114697840010331644","error":""},"_links":{"self":[{"href":"https:\/\/www.europesays.com\/fr\/wp-json\/wp\/v2\/posts\/182929","targetHints":{"allow":["GET"]}}],"collection":[{"href":"https:\/\/www.europesays.com\/fr\/wp-json\/wp\/v2\/posts"}],"about":[{"href":"https:\/\/www.europesays.com\/fr\/wp-json\/wp\/v2\/types\/post"}],"author":[{"embeddable":true,"href":"https:\/\/www.europesays.com\/fr\/wp-json\/wp\/v2\/users\/2"}],"replies":[{"embeddable":true,"href":"https:\/\/www.europesays.com\/fr\/wp-json\/wp\/v2\/comments?post=182929"}],"version-history":[{"count":0,"href":"https:\/\/www.europesays.com\/fr\/wp-json\/wp\/v2\/posts\/182929\/revisions"}],"wp:featuredmedia":[{"embeddable":true,"href":"https:\/\/www.europesays.com\/fr\/wp-json\/wp\/v2\/media\/182930"}],"wp:attachment":[{"href":"https:\/\/www.europesays.com\/fr\/wp-json\/wp\/v2\/media?parent=182929"}],"wp:term":[{"taxonomy":"category","embeddable":true,"href":"https:\/\/www.europesays.com\/fr\/wp-json\/wp\/v2\/categories?post=182929"},{"taxonomy":"post_tag","embeddable":true,"href":"https:\/\/www.europesays.com\/fr\/wp-json\/wp\/v2\/tags?post=182929"}],"curies":[{"name":"wp","href":"https:\/\/api.w.org\/{rel}","templated":true}]}}