{"id":182931,"date":"2025-06-17T08:48:18","date_gmt":"2025-06-17T08:48:18","guid":{"rendered":"https:\/\/www.europesays.com\/fr\/182931\/"},"modified":"2025-06-17T08:48:18","modified_gmt":"2025-06-17T08:48:18","slug":"toute-lactualite-de-ce-mardi-17-juin-2025-a-lyon","status":"publish","type":"post","link":"https:\/\/www.europesays.com\/fr\/182931\/","title":{"rendered":"Toute l&rsquo;actualit\u00e9 de ce mardi 17 juin 2025 \u00e0 Lyon"},"content":{"rendered":"<p>A la une de l\u2019info \u00e0 Lyon : le retour des fortes chaleurs \u00e0 Lyon, <strong>Laurent Marcangeli<\/strong>, <strong>ministre de l\u2019Action publique<\/strong> de passage \u00e0 Lyon et Rillieux, un nouveau patron pour le SDMIS du Rh\u00f4ne et de la M\u00e9tropole de Lyon, la r\u00e9habilitation de la Tour du CIRC, un nouveau pr\u00e9sident pour La Nef (banque \u00e9thique), un p\u00f4le de sant\u00e9 flambant neuf \u00e0 Saint-Fons\u2026<\/p>\n<p>ECOUTEZ LE 1\/4H LYONNAIS\u2026 Toute l\u2019actualit\u00e9 de ce mardi 17 juin 2025<\/p>\n<p>LE 1\/4H LYONNAIS | mardi 17 juin 2025<\/p>\n<p><strong><a href=\"https:\/\/meteofrance.com\/\" target=\"_blank\" rel=\"noreferrer noopener\">M\u00e9t\u00e9o<\/a><\/strong> : les temp\u00e9ratures atteindre <strong>35 \u00b0C<\/strong> pendant plusieurs jours cons\u00e9cutifs. Les temp\u00e9ratures minimales d\u00e9passeront les 20 \u00b0C d\u00e8s dimanche<\/p>\n<p><strong>Laurent Marcangeli<\/strong>, <strong>ministre de l\u2019Action publique<\/strong>, de la Fonction publique et de la Simplification, \u00e0 <strong>Rillieux-la-Pape<\/strong>, hier pour visiter le<strong> poste de police municipale<\/strong>. Et \u00e9voquer la loi visant une <strong>meilleure reconnaissance du m\u00e9tier.<\/strong>..10 000 postes seraient vacants en France\u00a0<\/p>\n<p>Un nouveau patron pour les <strong><a href=\"https:\/\/www.sdmis.fr\/\" target=\"_blank\" rel=\"noreferrer noopener\">pompiers du Rh\u00f4ne<\/a><\/strong> : <strong>Emmanuel Clavaud<\/strong> va rejoindre l\u2019<strong>\u00e9tat-major de la s\u00e9curit\u00e9 civile<\/strong> et de la gestion des crises, dont il prendra le commandement le 15 septembre. Le nom de son successeur a \u00e9t\u00e9 d\u00e9voil\u00e9 hier.\u00a0<\/p>\n<p>Les <strong>travaux de d\u00e9samiantage<\/strong> de l\u2019<strong>ancienne <a href=\"https:\/\/www.lyondemain.fr\/tour-circ-projet-impulsion\/\" target=\"_blank\" rel=\"noreferrer noopener\">tour du CIRC<\/a><\/strong> dans le 8\u00e8me arrondissement seront plus lourds que pr\u00e9vu. 6 M\u20ac contre 3 initialement pr\u00e9vus. Le promoteur doit trouver des recettes suppl\u00e9mentaires et fait une croix sur le <strong>projet des restaurant<\/strong> \u00e0 60 m\u00e8tres du sol<\/p>\n<p>Egalement dans l\u2019actualit\u00e9 de ce mardi 17 juin<\/p>\n<p><strong><a href=\"https:\/\/www.lanef.com\/\" target=\"_blank\" rel=\"noreferrer noopener\">La Nef<\/a><\/strong> se pr\u00e9sente comme la premi\u00e8re <strong>Banque \u00e9thique ind\u00e9pendante fran\u00e7aise<\/strong>. Bas\u00e9e \u00e0 <strong>Vaulx-en-Velin<\/strong>, elle finance des projets <strong>\u00e9cologiques, environnementaux, sociaux et culturels<\/strong>.\u00a0<\/p>\n<p>Notre invit\u00e9 : <strong>Ivan Chaleil<\/strong>, le nouveau pr\u00e9sident du directoire de <strong>La Nef<\/strong><\/p>\n<p>Un nouveau <strong><a href=\"https:\/\/urps-med-aura.fr\/annonces-medicales\/creation-dun-pole-de-sante-a-saint-fons-69190-en-mai-2025-avis-aux-medecins-generalistes-et-specialistes\/\" target=\"_blank\" rel=\"noreferrer noopener\">p\u00f4le de sant\u00e9<\/a><\/strong> dans le <strong>quartier de l\u2019Arsenal \u00e0 Saint-Fons<\/strong>. Une dizaine de professionnels de sant\u00e9 vont s\u2019installer dans les anciens locaux du bailleur social <strong>Lyon M\u00e9tropole Habitat<\/strong>. Objectif : rendre plus accessible la <strong>m\u00e9decine g\u00e9n\u00e9rale<\/strong> et proposer une <strong>offre de sant\u00e9 globale<\/strong> sur la commune<\/p>\n<p>Ecoutez aussi : <a href=\"https:\/\/www.lyondemain.fr\/envie-rhone-alpes-redressement-judiciaire\/\" target=\"_blank\" rel=\"noreferrer noopener\">Envie Rh\u00f4ne-Alpes : le pionnier du r\u00e9emploi victime de son succ\u00e8s<\/a><\/p>\n<p>Dans cette \u00e9dition, focus sur La Nef<\/p>\n<p><strong>La Nef<\/strong>, acteur historique de la <strong>finance \u00e9thique<\/strong> en France, tourne une page importante de son histoire avec l\u2019arriv\u00e9e d\u2019<strong>Ivan Chaleil<\/strong> \u00e0 la pr\u00e9sidence de son Directoire. Cette nomination marque une nouvelle \u00e9tape pour la <strong>banque \u00e9thique<\/strong>, r\u00e9solument engag\u00e9e dans un mod\u00e8le bancaire au service de l\u2019<strong>Economie Sociale et Solidaire<\/strong>.<\/p>\n<p>Ecoutez aussi : <a href=\"https:\/\/www.lyondemain.fr\/actualite-de-ce-lundi-16-juin-lyon-info-velorution-festival\/\" target=\"_blank\" rel=\"noreferrer noopener\">Toute l\u2019actualit\u00e9 de ce lundi 16 juin 2025 \u00e0 Lyon<\/a><\/p>\n<p><img fetchpriority=\"high\" decoding=\"async\" width=\"1200\" height=\"675\" src=\"https:\/\/www.europesays.com\/fr\/wp-content\/uploads\/2025\/06\/actualite-de-ce-mardi-17-juin-2025.jpg\" alt=\"actualit\u00e9 de ce mardi 17 juin 2025 info \u00e0 Lyon\" class=\"wp-image-250052\"  \/>Retrouvez aussi le Quart d\u2019Heure Lyonnais de Lyon Demain sur les antennes de Radio Pluriel (Lyon). Radio Salam (Lyon, Saint-Etienne et Bourg) et Radio Arm\u00e9nie (Lyon et Vienne)<br \/>\nPartager :<br \/>\nJ\u2019aime \u00e7a\u00a0:<\/p>\n<p>J\u2019aime chargement\u2026<\/p>\n<p><a class=\"sd-link-color\"\/><\/p>\n<p>\n\tArticles similaires\n<\/p>\n<p>\t\t\t\t<img decoding=\"async\" src=\"https:\/\/www.europesays.com\/fr\/wp-content\/uploads\/2025\/06\/1750150098_943_7866158698e17e8ed633c05e8f8e7fe5d9e057ad78661c4dc34e413abb6b9f19\" alt=\"G\u00e9rald Bouchon\"\/><\/p>\n<p>Pionnier des radios libres, passionn\u00e9 de radio, journaliste et dirigeant de m\u00e9dias \u00e9co-responsables..<\/p>\n","protected":false},"excerpt":{"rendered":"A la une de l\u2019info \u00e0 Lyon : le retour des fortes chaleurs \u00e0 Lyon, Laurent Marcangeli, ministre&hellip;\n","protected":false},"author":2,"featured_media":182932,"comment_status":"","ping_status":"","sticky":false,"template":"","format":"standard","meta":{"footnotes":""},"categories":[1889],"tags":[1111,11,21731,2430,32101,6698,32102,32103,1777,674,30282,1011,27,32104,32105,32106,2428,20325,2487,12,2872,1311,25,1340,32107,12592,71,32108,10965,32109,32110,32111],"class_list":{"0":"post-182931","1":"post","2":"type-post","3":"status-publish","4":"format-standard","5":"has-post-thumbnail","7":"category-lyon","8":"tag-actu","9":"tag-actualites","10":"tag-amiante","11":"tag-auvergne-rhone-alpes","12":"tag-banque-ethique","13":"tag-canicule","14":"tag-desamiantage","15":"tag-emmanuel-clavaud","16":"tag-eu","17":"tag-europe","18":"tag-fortes-chaleurs","19":"tag-fr","20":"tag-france","21":"tag-ivan-chaleil","22":"tag-la-nef","23":"tag-laurent-marcangeli","24":"tag-lyon","25":"tag-lyon-metropole-habitat","26":"tag-meteo","27":"tag-news","28":"tag-police-municipale","29":"tag-pompiers","30":"tag-republique-francaise","31":"tag-restaurant","32":"tag-rillieux","33":"tag-saint-fons","34":"tag-sante","35":"tag-sdmis","36":"tag-securite-civile","37":"tag-tetedoie","38":"tag-tour-du-circ","39":"tag-visite-ministerielle"},"share_on_mastodon":{"url":"https:\/\/pubeurope.com\/@fr\/114697843769489935","error":""},"_links":{"self":[{"href":"https:\/\/www.europesays.com\/fr\/wp-json\/wp\/v2\/posts\/182931","targetHints":{"allow":["GET"]}}],"collection":[{"href":"https:\/\/www.europesays.com\/fr\/wp-json\/wp\/v2\/posts"}],"about":[{"href":"https:\/\/www.europesays.com\/fr\/wp-json\/wp\/v2\/types\/post"}],"author":[{"embeddable":true,"href":"https:\/\/www.europesays.com\/fr\/wp-json\/wp\/v2\/users\/2"}],"replies":[{"embeddable":true,"href":"https:\/\/www.europesays.com\/fr\/wp-json\/wp\/v2\/comments?post=182931"}],"version-history":[{"count":0,"href":"https:\/\/www.europesays.com\/fr\/wp-json\/wp\/v2\/posts\/182931\/revisions"}],"wp:featuredmedia":[{"embeddable":true,"href":"https:\/\/www.europesays.com\/fr\/wp-json\/wp\/v2\/media\/182932"}],"wp:attachment":[{"href":"https:\/\/www.europesays.com\/fr\/wp-json\/wp\/v2\/media?parent=182931"}],"wp:term":[{"taxonomy":"category","embeddable":true,"href":"https:\/\/www.europesays.com\/fr\/wp-json\/wp\/v2\/categories?post=182931"},{"taxonomy":"post_tag","embeddable":true,"href":"https:\/\/www.europesays.com\/fr\/wp-json\/wp\/v2\/tags?post=182931"}],"curies":[{"name":"wp","href":"https:\/\/api.w.org\/{rel}","templated":true}]}}