{"id":182937,"date":"2025-06-17T08:51:15","date_gmt":"2025-06-17T08:51:15","guid":{"rendered":"https:\/\/www.europesays.com\/fr\/182937\/"},"modified":"2025-06-17T08:51:15","modified_gmt":"2025-06-17T08:51:15","slug":"une-vague-de-chaleur-en-vue-avec-plus-de-35c-voici-ce-que-montrent-nos-cartes","status":"publish","type":"post","link":"https:\/\/www.europesays.com\/fr\/182937\/","title":{"rendered":"une vague de chaleur en vue avec plus de 35\u00b0C ? Voici ce que montrent nos cartes"},"content":{"rendered":"<p>   <img decoding=\"async\" fetchpriority=\"high\" src=\"https:\/\/www.europesays.com\/fr\/wp-content\/uploads\/2025\/04\/anthony-kaczmarek.jpg\" alt=\"Anthony Kaczmarek\" width=\"40\" height=\"40\"\/>    <a class=\"nombre text-hv\" href=\"https:\/\/www.tameteo.com\/auteur\/anthony-kaczmarek\/\" title=\"Anthony Kaczmarek\" target=\"_blank\" rel=\"noopener\">Anthony Kaczmarek<\/a>         17\/06\/2025 07:14   5 min   <img decoding=\"async\" fetchpriority=\"high\" src=\"https:\/\/www.europesays.com\/fr\/wp-content\/uploads\/2025\/06\/dailymotion-x9lh62w_1024.jpg\"  width=\"768\" height=\"432\" id=\"x9lh62w\"\/><\/p>\n<p>Le <strong>thermom\u00e8tre<\/strong> va \u00e0 nouveau <strong>s&#8217;emballer dans les prochains jours en \u00cele-de-France<\/strong> : en ligne de mire, le seuil de forte chaleur puis de tr\u00e8s forte chaleur, avec des nuits de plus en plus difficiles \u00e0 supporter. <strong>Faut-il d\u00e9j\u00e0 \u00e9voquer un risque de canicule ?<\/strong> \u00c0 quoi s&rsquo;attendre en termes de temp\u00e9ratures dans les 7 prochains jours ? Voici ce que montrent nos cartes.<\/p>\n<p>Forte chaleur d\u00e8s ce mardi apr\u00e8s-midi ?<\/p>\n<p>Nous en avons peu parl\u00e9, mais <strong>l&rsquo;\u00cele-de-France est la seule r\u00e9gion de France o\u00f9 une vague de chaleur<\/strong> (au sens des seuils \u00e9tablis par M\u00e9t\u00e9o-France) <strong>a \u00e9t\u00e9 recens\u00e9e du 12 au 14 juin derniers<\/strong>. C&rsquo;est la vague de chaleur r\u00e9gionale <strong>la plus pr\u00e9coce<\/strong>, battant le record de celle qui avait d\u00e9but\u00e9 le 19 juin 2005. Pour la ville de Paris, la plus pr\u00e9coce \u00e9tait celle qui avait frapp\u00e9 en 2022, du 16 au 18 juin.<\/p>\n<p><img decoding=\"async\" fetchpriority=\"high\" src=\"https:\/\/www.europesays.com\/fr\/wp-content\/uploads\/2025\/06\/meteo-a-paris-et-en-ile-de-france-une-vague-de-chaleur-en-vue-avec-plus-de-35-c-voici-ce-que-montren.png\"  width=\"768\" height=\"432\" alt=\"Temp\u00e9ratures mardi apr\u00e8s-midi \u00cele-de-France\" title=\"Temp\u00e9ratures mardi apr\u00e8s-midi \u00cele-de-France\" data-image=\"zfziunqhh18o\"\/>Ce mardi apr\u00e8s-midi, les 30\u00b0C, seuil de forte chaleur, seront certainement atteints dans la capitale, 27 \u00e0 29\u00b0C sur le reste de la r\u00e9gion.<\/p>\n<p>Pour rappel, une <strong>vague de chaleur<\/strong> est appel\u00e9e ainsi lorsque <strong>l&rsquo;indicateur thermique journalier d\u00e9passe 23,4\u00b0C pendant 3 jours, avec au moins un jour \u00e0 plus de 25,3\u00b0C<\/strong>. Dans la capitale, du 12 au 14 juin derniers, ces valeurs ont atteint respectivement 24,4\u00b0C, 27,6\u00b0C et 24,3\u00b0, en faisant la moyenne des temp\u00e9ratures minimales et maximales.<\/p>\n<p>Cela va donc recommencer ! L&rsquo;anticyclone des A\u00e7ores s&rsquo;est install\u00e9 en France, et <strong>l&rsquo;\u00cele-de-France va pleinement profiter des hautes pressions jusqu&rsquo;\u00e0 ce week-end au moins<\/strong>. Ce <strong>mardi<\/strong>, le soleil s&rsquo;impose en force, sous un l\u00e9ger flux d&rsquo;Est et un vent peu sensible. <strong>Le seuil de forte chaleur pourrait d\u00e9j\u00e0 \u00eatre atteint cet apr\u00e8s-midi, avec 30\u00b0C pr\u00e9vus \u00e0 <\/strong><a href=\"https:\/\/www.tameteo.com\/meteo_Paris-Europe-France-Paris-LFPB-1-26048.html\" target=\"_blank\" data-mrf-recirculation=\"cuerpo_intext\" rel=\"noopener\"><strong>Paris<\/strong><\/a>, 27 \u00e0 29\u00b0C plus globalement sur la r\u00e9gion parisienne.<\/p>\n<p><a class=\"imagen \" href=\"https:\/\/www.tameteo.com\/actualites\/previsions\/canicule-confirmee-en-fin-de-semaine-des-pointes-a-40-c-attendues-en-france-consultez-nos-previsions-fortes-chaleurs.html\" title=\"La canicule se pr\u00e9cise en fin de semaine : jusqu&#039;\u00e0 40\u00b0C attendus en France, consultez nos pr\u00e9visions\" target=\"_blank\" rel=\"noopener\"><img decoding=\"async\" fetchpriority=\"high\" class=\" img-body non-editable \" src=\"https:\/\/www.europesays.com\/fr\/wp-content\/uploads\/2025\/06\/canicule-confirmee-en-fin-de-semaine-des-pointes-a-40-c-attendues-en-france-consultez-nos-previsions.png\"  width=\"320\" height=\"225\" alt=\"La canicule se pr\u00e9cise en fin de semaine : jusqu'\u00e0 40\u00b0C attendus en France, consultez nos pr\u00e9visions\"\/><\/a><\/p>\n<p>Demain, <strong>mercredi<\/strong>, les conditions seront sensiblement les m\u00eames : <strong>soleil et chaleur ou forte chaleur<\/strong>. Contrairement \u00e0 ce mardi o\u00f9 quelques cumulus de beau temps s&rsquo;inviteront dans le <strong>ciel<\/strong>, celui-ci sera <strong>tout bleu demain<\/strong>. Les temp\u00e9ratures \u00e9volueront peu, <strong>14 \u00e0 16\u00b0C au plus frais de la nuit, et 28 \u00e0 30\u00b0C dans l&rsquo;apr\u00e8s-midi<\/strong> (les valeurs les plus \u00e9lev\u00e9es toujours pour Paris, par effet urbain).<\/p>\n<p>Plus de 35\u00b0C : risque de canicule ce week-end<\/p>\n<p><strong>Jeudi, les conditions pourraient temporairement changer<\/strong>, \u00e0 la marge, le temps que l&rsquo;anticyclone se d\u00e9cale un peu vers le Nord. <strong>Le flux va ainsi s&rsquo;orienter \u00e0 l&rsquo;Est<\/strong> pour cette journ\u00e9e, <strong>une influence continentale et un vent plus sensible, jusqu&rsquo;\u00e0 40 km\/h en rafales<\/strong>, toujours sous un ciel tout bleu. C\u00f4t\u00e9 temp\u00e9ratures, pr\u00e9voyez <strong>14 \u00e0 17\u00b0C en fin de nuit, et peut-\u00eatre un degr\u00e9 de moins l&rsquo;apr\u00e8s-midi, 27 \u00e0 29\u00b0C<\/strong>.<\/p>\n<p><img decoding=\"async\" fetchpriority=\"high\" src=\"https:\/\/www.europesays.com\/fr\/wp-content\/uploads\/2025\/06\/1750150274_863_meteo-a-paris-et-en-ile-de-france-une-vague-de-chaleur-en-vue-avec-plus-de-35-c-voici-ce-que-montren.png\"  width=\"768\" height=\"432\" alt=\"Jeudi rafales de vent \u00cele-de-France\" title=\"Jeudi rafales de vent \u00cele-de-France\" data-image=\"5z8ktclf9l4u\"\/>Jeudi, un vent d&rsquo;Est soufflera sur la r\u00e9gion parisienne, jusqu&rsquo;\u00e0 40 km\/h en rafales, pouvant limiter la hausse des temp\u00e9ratures et rendant la chaleur plus acceptable.<\/p>\n<p><strong>Vendredi, ce vent d&rsquo;Est va cesser<\/strong>, les temp\u00e9ratures vont donc pouvoir repartir \u00e0 la hausse : autour de <strong>17-18\u00b0C en fin de nuit<\/strong>, et <strong>30 \u00e0 32\u00b0C dans l&rsquo;apr\u00e8s-midi<\/strong>, des valeurs qui marqueront sans doute <strong>officiellement le d\u00e9but de la vague de chaleur \u00e0 l&rsquo;\u00e9chelle de l&rsquo;<\/strong><a href=\"https:\/\/www.tameteo.com\/meteo-Europe-France-Ile+de+France-1-1-135-29.html\" target=\"_blank\" data-mrf-recirculation=\"cuerpo_intext\" rel=\"noopener\"><strong>\u00cele-de-France<\/strong><\/a>. Le tout, toujours sous le soleil et un ciel tout bleu.<\/p>\n<p><a class=\"imagen \" href=\"https:\/\/www.tameteo.com\/actualites\/previsions\/l-atmosphere-passe-en-mode-chaleur-extreme-au-dessus-de-l-espagne-y-a-t-il-des-chances-qu-elle-atteigne-la-france-previsions-meteo-canicule-temperatures-semaine.html\" title=\"L&#039;atmosph\u00e8re passe en mode &#039;chaleur extr\u00eame&#039; au-dessus de l&#039;Espagne : y a-t-il des chances qu&#039;elle atteigne la France ?\" target=\"_blank\" rel=\"noopener\"><img decoding=\"async\" fetchpriority=\"high\" class=\" img-body non-editable \" src=\"https:\/\/www.europesays.com\/fr\/wp-content\/uploads\/2025\/06\/l-atmosphere-passe-en-mode-chaleur-extreme-au-dessus-de-l-espagne-y-a-t-il-des-chances-qu-elle-attei.png\"  width=\"320\" height=\"225\" alt=\"L'atmosph\u00e8re passe en mode 'chaleur extr\u00eame' au-dessus de l'Espagne : y a-t-il des chances qu'elle atteigne la France ?\"\/><\/a><\/p>\n<p><strong>Entre samedi et mardi<\/strong>, l&rsquo;incertitude domine encore, mais une goutte froide au large du Portugal pourrait jouer le r\u00f4le de <strong>pompe \u00e0 chaleur<\/strong> : les temp\u00e9ratures s&rsquo;envoleraient alors, probablement autour de <strong>34\u00b0C samedi, et 37 \u00e0 38\u00b0C entre dimanche et mardi<\/strong>. Les <strong>nuits<\/strong> risquent d&rsquo;\u00eatre <strong>de plus en plus insupportables<\/strong>, avec pour Paris 19\u00b0C samedi, 21\u00b0C dimanche, et sans doute autour de 24\u00b0C ensuite.<\/p>\n<p><img decoding=\"async\" fetchpriority=\"high\" src=\"https:\/\/www.europesays.com\/fr\/wp-content\/uploads\/2025\/06\/1750150275_396_meteo-a-paris-et-en-ile-de-france-une-vague-de-chaleur-en-vue-avec-plus-de-35-c-voici-ce-que-montren.png\"  width=\"768\" height=\"432\" alt=\"Dimanche apr\u00e8s-midi temp\u00e9ratures\" title=\"Dimanche apr\u00e8s-midi temp\u00e9ratures\" data-image=\"twljmlyt2uvb\"\/>Dimanche, d\u00e8s 14h, le thermom\u00e8tre pourrait atteindre la barre des 35\u00b0C \u00e0 Paris, ce qui annonce peut-\u00eatre 37 ou 38\u00b0C autour de 18h.<\/p>\n<p>Ces <strong>pr\u00e9visions<\/strong> sont <strong>tr\u00e8s incertaines<\/strong>, certains mod\u00e8les voyant la chaleur \u00eatre balay\u00e9e d\u00e8s dimanche ou lundi par des orages. Mais <strong>la canicule menace d\u00e8s samedi sur la r\u00e9gion<\/strong> : il faudra surveiller le <strong>d\u00e9passement des seuils<\/strong>, qui pour Paris par exemple, sont de 21\u00b0C la nuit et 31\u00b0C en journ\u00e9e pendant 3 jours et 3 nuits cons\u00e9cutifs.<\/p>\n<p> Retrouvez les infos m\u00e9t\u00e9o en avant-premi\u00e8re sur notre <a href=\"https:\/\/www.whatsapp.com\/channel\/0029Vb5XCzJAjPXEPuVDMZ1H\" target=\"_blank\" rel=\"noopener\">canal WhatsApp<\/a> ! <\/p>\n","protected":false},"excerpt":{"rendered":"Anthony Kaczmarek 17\/06\/2025 07:14 5 min Le thermom\u00e8tre va \u00e0 nouveau s&#8217;emballer dans les prochains jours en \u00cele-de-France&hellip;\n","protected":false},"author":2,"featured_media":182938,"comment_status":"","ping_status":"","sticky":false,"template":"","format":"standard","meta":{"footnotes":""},"categories":[1592],"tags":[32114,1111,11,15121,6698,13208,1777,674,32113,1011,27,662,2487,12,32115,626,7917,25,4510,5572,32116,4904,32112,15637,4064],"class_list":{"0":"post-182937","1":"post","2":"type-post","3":"status-publish","4":"format-standard","5":"has-post-thumbnail","7":"category-ile-de-france","8":"tag-35-degres","9":"tag-actu","10":"tag-actualites","11":"tag-anticyclone","12":"tag-canicule","13":"tag-chaleur","14":"tag-eu","15":"tag-europe","16":"tag-forte-chaleur","17":"tag-fr","18":"tag-france","19":"tag-ile-de-france","20":"tag-meteo","21":"tag-news","22":"tag-nuits-tropicales","23":"tag-paris","24":"tag-previsions","25":"tag-republique-francaise","26":"tag-risque","27":"tag-semaine","28":"tag-seuils","29":"tag-soleil","30":"tag-temps-sec","31":"tag-vague-de-chaleur","32":"tag-week-end"},"share_on_mastodon":{"url":"https:\/\/pubeurope.com\/@fr\/114697855859707741","error":""},"_links":{"self":[{"href":"https:\/\/www.europesays.com\/fr\/wp-json\/wp\/v2\/posts\/182937","targetHints":{"allow":["GET"]}}],"collection":[{"href":"https:\/\/www.europesays.com\/fr\/wp-json\/wp\/v2\/posts"}],"about":[{"href":"https:\/\/www.europesays.com\/fr\/wp-json\/wp\/v2\/types\/post"}],"author":[{"embeddable":true,"href":"https:\/\/www.europesays.com\/fr\/wp-json\/wp\/v2\/users\/2"}],"replies":[{"embeddable":true,"href":"https:\/\/www.europesays.com\/fr\/wp-json\/wp\/v2\/comments?post=182937"}],"version-history":[{"count":0,"href":"https:\/\/www.europesays.com\/fr\/wp-json\/wp\/v2\/posts\/182937\/revisions"}],"wp:featuredmedia":[{"embeddable":true,"href":"https:\/\/www.europesays.com\/fr\/wp-json\/wp\/v2\/media\/182938"}],"wp:attachment":[{"href":"https:\/\/www.europesays.com\/fr\/wp-json\/wp\/v2\/media?parent=182937"}],"wp:term":[{"taxonomy":"category","embeddable":true,"href":"https:\/\/www.europesays.com\/fr\/wp-json\/wp\/v2\/categories?post=182937"},{"taxonomy":"post_tag","embeddable":true,"href":"https:\/\/www.europesays.com\/fr\/wp-json\/wp\/v2\/tags?post=182937"}],"curies":[{"name":"wp","href":"https:\/\/api.w.org\/{rel}","templated":true}]}}