{"id":182957,"date":"2025-06-17T09:01:09","date_gmt":"2025-06-17T09:01:09","guid":{"rendered":"https:\/\/www.europesays.com\/fr\/182957\/"},"modified":"2025-06-17T09:01:09","modified_gmt":"2025-06-17T09:01:09","slug":"quand-leurope-devient-un-terrain-de-stage-pour-les-eleves-corses","status":"publish","type":"post","link":"https:\/\/www.europesays.com\/fr\/182957\/","title":{"rendered":"quand l&rsquo;Europe devient un terrain de stage pour les \u00e9l\u00e8ves corses"},"content":{"rendered":"<p>Dossier complet\u00a0:<\/p>\n<p>1 &#8211; Erasmus +\u00a0: le saut dans l&rsquo;inconnu des lyc\u00e9ens et coll\u00e9giens de Porto-Vecchio<\/p>\n<p>2 &#8211; Erasmus +\u00a0: quand l&rsquo;Europe devient un terrain de stage<\/p>\n<p>Les programmes de mobilit\u00e9 \u00e0 l&rsquo;\u00e9tranger Erasmus + ne sont pas r\u00e9serv\u00e9s aux \u00e9l\u00e8ves scolaris\u00e9s en cursus g\u00e9n\u00e9ral. \u00c0 Porto-Vecchio, les \u00e9l\u00e8ves de Segpa et de terminale professionnelle participent \u00e9galement \u00e0 ces immersions pour enrichir leur parcours scolaire et personnel. C&rsquo;est le cas d&rsquo;Olivia, \u00e9l\u00e8ve de terminale en fili\u00e8re professionnelle\u00a0: \u00ab\u00a0J&rsquo;ai accept\u00e9 de participer \u00e0 une telle mobilit\u00e9 parce que c&rsquo;\u00e9tait une belle opportunit\u00e9 d&rsquo;enrichir mon exp\u00e9rience et d&rsquo;apprendre \u00e0 m&rsquo;adapter \u00e0 un nouvel environnement de travail.\u00a0\u00bb Ces voyages permettent de \u00ab\u00a0d\u00e9couvrir un autre milieu professionnel, d&rsquo;observer de nouvelles mani\u00e8res de travailler et d&rsquo;acqu\u00e9rir des comp\u00e9tences sp\u00e9cifiques\u00a0\u00bb, souligne H\u00e9l\u00e8ne Louis, responsable Segpa au coll\u00e8ge. En Belgique, D\u00e9lhia, \u00e9l\u00e8ve de troisi\u00e8me en Segpa, a exp\u00e9riment\u00e9 de nouveaux plateaux techniques &#8211; ateliers manuels &#8211; qui n&rsquo;existent pas dans le coll\u00e8ge Maria-de-Peretti. \u00ab\u00a0J&rsquo;ai pu d\u00e9couvrir des secteurs d&rsquo;activit\u00e9 et d\u00e9velopper des comp\u00e9tences comme l&rsquo;utilisation d&rsquo;outils ou la lecture de consignes de s\u00e9curit\u00e9.\u00a0\u00bb<\/p>\n<p>\u00ab\u00a0Une exp\u00e9rience de vie unique\u00a0\u00bb<\/p>\n<p>Cristiana, ancienne \u00e9l\u00e8ve en terminale ASSP, garde un tr\u00e8s bon souvenir de son voyage au Portugal. Lors d&rsquo;un stage de quatre semaines, la jeune fille a d\u00e9couvert le fonctionnement d&rsquo;un Ehpad\u00a0: \u00ab\u00a0Cette exp\u00e9rience m&rsquo;a appris \u00e0 maitriser le syst\u00e8me de soins d&rsquo;un autre pays et \u00e0 perfectionner mes m\u00e9thodes, indique-t-elle. C&rsquo;\u00e9tait une exp\u00e9rience de vie unique et enrichissante.\u00a0\u00bb Elle l&rsquo;assure\u00a0: \u00ab\u00a0Si j&rsquo;en avais l&rsquo;occasion, je repartirais imm\u00e9diatement.\u00a0\u00bb<\/p>\n<p>No\u00e9mie, une de ses camarades, a elle aussi appr\u00e9ci\u00e9 \u00ab\u00a0l&rsquo;ambiance d\u00e9tendue et familiale entre les patients et le personnel\u00a0\u00bb de la maison de repos li\u00e9geoise dans laquelle elle a effectu\u00e9 son stage. \u00ab\u00a0C&rsquo;\u00e9tait une opportunit\u00e9 pour gagner en exp\u00e9rience et am\u00e9liorer mes comp\u00e9tences, souligne-t-elle. Cela m&rsquo;a permis de prendre confiance en moi et de gagner en maturit\u00e9.\u00a0\u00bb<\/p>\n<p>Au-del\u00e0 du cadre professionnel, le d\u00e9veloppement personnel est aussi un axe majeur. \u00ab\u00a0Pour les \u00e9l\u00e8ves de Segpa, souvent confront\u00e9s \u00e0 des difficult\u00e9s scolaires et \u00e0 une certaine stigmatisation, cette ouverture est essentielle, indique Florent Castelli, professeur d&rsquo;\u00e9co-gestion et organisateur de mobilit\u00e9s pour les fili\u00e8res professionnelles. Erasmus + est un levier pour les valoriser, favoriser leur ouverture d&rsquo;esprit et pallier un acc\u00e8s parfois restreint \u00e0 la culture d\u00fb \u00e0 l&rsquo;insularit\u00e9.\u00a0\u00bb Si l&rsquo;adaptation ou la barri\u00e8re de la langue peuvent repr\u00e9senter des d\u00e9fis pour certains \u00e9l\u00e8ves, les mobilit\u00e9s professionnelles leur permettent de \u00ab\u00a0sortir de leur zone de confort et de gagner en autonomie\u00a0\u00bb.<\/p>\n","protected":false},"excerpt":{"rendered":"Dossier complet\u00a0: 1 &#8211; Erasmus +\u00a0: le saut dans l&rsquo;inconnu des lyc\u00e9ens et coll\u00e9giens de Porto-Vecchio 2 &#8211;&hellip;\n","protected":false},"author":2,"featured_media":182958,"comment_status":"","ping_status":"","sticky":false,"template":"","format":"standard","meta":{"footnotes":""},"categories":[1586],"tags":[17,11,6475,8273,1777,674,1011,27,1808,12,396,25,104,3866,3945],"class_list":{"0":"post-182957","1":"post","2":"type-post","3":"status-publish","4":"format-standard","5":"has-post-thumbnail","7":"category-europe","8":"tag-17","9":"tag-actualites","10":"tag-devient","11":"tag-erasmus","12":"tag-eu","13":"tag-europe","14":"tag-fr","15":"tag-france","16":"tag-leurope","17":"tag-news","18":"tag-quand","19":"tag-republique-francaise","20":"tag-societe","21":"tag-stage","22":"tag-terrain"},"share_on_mastodon":{"url":"https:\/\/pubeurope.com\/@fr\/114697895076839401","error":""},"_links":{"self":[{"href":"https:\/\/www.europesays.com\/fr\/wp-json\/wp\/v2\/posts\/182957","targetHints":{"allow":["GET"]}}],"collection":[{"href":"https:\/\/www.europesays.com\/fr\/wp-json\/wp\/v2\/posts"}],"about":[{"href":"https:\/\/www.europesays.com\/fr\/wp-json\/wp\/v2\/types\/post"}],"author":[{"embeddable":true,"href":"https:\/\/www.europesays.com\/fr\/wp-json\/wp\/v2\/users\/2"}],"replies":[{"embeddable":true,"href":"https:\/\/www.europesays.com\/fr\/wp-json\/wp\/v2\/comments?post=182957"}],"version-history":[{"count":0,"href":"https:\/\/www.europesays.com\/fr\/wp-json\/wp\/v2\/posts\/182957\/revisions"}],"wp:featuredmedia":[{"embeddable":true,"href":"https:\/\/www.europesays.com\/fr\/wp-json\/wp\/v2\/media\/182958"}],"wp:attachment":[{"href":"https:\/\/www.europesays.com\/fr\/wp-json\/wp\/v2\/media?parent=182957"}],"wp:term":[{"taxonomy":"category","embeddable":true,"href":"https:\/\/www.europesays.com\/fr\/wp-json\/wp\/v2\/categories?post=182957"},{"taxonomy":"post_tag","embeddable":true,"href":"https:\/\/www.europesays.com\/fr\/wp-json\/wp\/v2\/tags?post=182957"}],"curies":[{"name":"wp","href":"https:\/\/api.w.org\/{rel}","templated":true}]}}