{"id":182970,"date":"2025-06-17T09:09:12","date_gmt":"2025-06-17T09:09:12","guid":{"rendered":"https:\/\/www.europesays.com\/fr\/182970\/"},"modified":"2025-06-17T09:09:12","modified_gmt":"2025-06-17T09:09:12","slug":"atp-nishikori-est-bien-maudit","status":"publish","type":"post","link":"https:\/\/www.europesays.com\/fr\/182970\/","title":{"rendered":"ATP > Nishikori est bien \u00ab\u00a0maudit\u00a0\u00bb"},"content":{"rendered":"<p>Forfait \u00e0 Wimbledon apr\u00e8s Estoril, Rome, Gen\u00e8ve (abandon en match), et Roland\u2010Garros, Ke\u00ef Nishikori qui a 35 ans ne m\u00e9ri\u00adtait pas tout\u00a0\u00e7a.\u00a0<\/p>\n<p>Revenu \u00e0 un niveau accep\u00adtable en ayant remport\u00e9 un Challenger, en attei\u00adgnant aussi \u00e0 nouveau une finale ATP (Hong Kong), on pensait que le Japonais allait pouvoir r\u00e9aliser un baroud d\u2019hon\u00adneur de toute beaut\u00e9 en\u00a02025.<\/p>\n<blockquote class=\"twitter-tweet\">\n<p lang=\"fr\" dir=\"ltr\">OFFICIEL\u00a0: NISHIKORI FORFAIT POUR WIMBLEDON \u274c\ud83c\udfbe<\/p>\n<p>Le Japonais ne dispu\u00adtera pas le Grand Chelem londo\u00adnien, toujours g\u00ean\u00e9 physi\u00adque\u00adment \ud83c\uddef\ud83c\uddf5<\/p>\n<p>Triste fin de carri\u00e8re en vue\u202f? \ud83e\udd15\ud83d\udcac <a href=\"https:\/\/t.co\/LKqFPCqLzL\" data-wpel-link=\"external\" target=\"_blank\" rel=\"nofollow external noopener\">pic.twitter.com\/LKqFPCqLzL<\/a><\/p>\n<p>\u2014 Monde Du Tennis (@mondedutennis) <a href=\"https:\/\/twitter.com\/mondedutennis\/status\/1934624437506048010?ref_src=twsrc%5Etfw\" data-wpel-link=\"external\" target=\"_blank\" rel=\"nofollow external noopener\">June 16,\u00a02025<\/a><\/p><\/blockquote>\n<p>H\u00e9las les probl\u00e8mes sont de retour et on peut imaginer le \u00ab\u202fpire\u202f\u00bb ou alors un retour pour la saison sur dur aux Etats\u2010Unis. Il faut dire que c\u2019est sa surface pr\u00e9f\u00e9r\u00e9e, croi\u00adsons les doigts\u202f!\u00a0<\/p>\n<p class=\"post-published-date\" style=\"color: silver; font-size: 75%; text-align: left;\">Publi\u00e9 le mardi 17 juin 2025 \u00e0 09:41<\/p>\n<p><script async src=\"https:\/\/platform.twitter.com\/widgets.js\" charset=\"utf-8\"><\/script><\/p>\n","protected":false},"excerpt":{"rendered":"Forfait \u00e0 Wimbledon apr\u00e8s Estoril, Rome, Gen\u00e8ve (abandon en match), et Roland\u2010Garros, Ke\u00ef Nishikori qui a 35 ans&hellip;\n","protected":false},"author":2,"featured_media":182971,"comment_status":"","ping_status":"","sticky":false,"template":"","format":"standard","meta":{"footnotes":""},"categories":[1415],"tags":[1011,27,18615,60,1467],"class_list":{"0":"post-182970","1":"post","2":"type-post","3":"status-publish","4":"format-standard","5":"has-post-thumbnail","7":"category-tennis","8":"tag-fr","9":"tag-france","10":"tag-nishikori","11":"tag-sports","12":"tag-tennis"},"share_on_mastodon":{"url":"https:\/\/pubeurope.com\/@fr\/114697926418571953","error":""},"_links":{"self":[{"href":"https:\/\/www.europesays.com\/fr\/wp-json\/wp\/v2\/posts\/182970","targetHints":{"allow":["GET"]}}],"collection":[{"href":"https:\/\/www.europesays.com\/fr\/wp-json\/wp\/v2\/posts"}],"about":[{"href":"https:\/\/www.europesays.com\/fr\/wp-json\/wp\/v2\/types\/post"}],"author":[{"embeddable":true,"href":"https:\/\/www.europesays.com\/fr\/wp-json\/wp\/v2\/users\/2"}],"replies":[{"embeddable":true,"href":"https:\/\/www.europesays.com\/fr\/wp-json\/wp\/v2\/comments?post=182970"}],"version-history":[{"count":0,"href":"https:\/\/www.europesays.com\/fr\/wp-json\/wp\/v2\/posts\/182970\/revisions"}],"wp:featuredmedia":[{"embeddable":true,"href":"https:\/\/www.europesays.com\/fr\/wp-json\/wp\/v2\/media\/182971"}],"wp:attachment":[{"href":"https:\/\/www.europesays.com\/fr\/wp-json\/wp\/v2\/media?parent=182970"}],"wp:term":[{"taxonomy":"category","embeddable":true,"href":"https:\/\/www.europesays.com\/fr\/wp-json\/wp\/v2\/categories?post=182970"},{"taxonomy":"post_tag","embeddable":true,"href":"https:\/\/www.europesays.com\/fr\/wp-json\/wp\/v2\/tags?post=182970"}],"curies":[{"name":"wp","href":"https:\/\/api.w.org\/{rel}","templated":true}]}}