{"id":182979,"date":"2025-06-17T09:15:10","date_gmt":"2025-06-17T09:15:10","guid":{"rendered":"https:\/\/www.europesays.com\/fr\/182979\/"},"modified":"2025-06-17T09:15:10","modified_gmt":"2025-06-17T09:15:10","slug":"prince-louis-ces-cinq-mots-de-charles-iii-au-balcon-de-buckingham-qui-ont-tout-change","status":"publish","type":"post","link":"https:\/\/www.europesays.com\/fr\/182979\/","title":{"rendered":"Prince Louis : ces cinq mots de Charles III au balcon de Buckingham qui ont tout chang\u00e9"},"content":{"rendered":"<p>Chaque mois de juin, Trooping the Colour transforme Londres en<br \/>\nv\u00e9ritable th\u00e9\u00e2tre royal pour c\u00e9l\u00e9brer l&rsquo;anniversaire officiel du<br \/>\nsouverain. Cette c\u00e9r\u00e9monie militaire, riche en traditions, se<br \/>\nconclut toujours par l\u2019apparition tr\u00e8s attendue de la famille<br \/>\nroyale au balcon de Buckingham Palace.<\/p>\n<p>Et cette ann\u00e9e encore, un petit prince a vol\u00e9 la vedette :<br \/>\n<strong>Louis<\/strong>. Du haut de ses sept ans, le fils de William<br \/>\net <a href=\"https:\/\/www.closermag.fr\/royautes\/kate-middleton-cet-ordre-ferme-en-quatre-mots-donne-au-prince-louis-au-balcon-de-buckingham-3555283\" target=\"_blank\" rel=\"noopener\"><br \/>\nKate<\/a> s\u2019est fait remarquer, attirant l\u2019attention des<br \/>\nobservateurs par son comportement malicieux et son look qui d\u00e9roge<br \/>\n(l\u00e9g\u00e8rement) aux codes royaux.<\/p>\n<p>Le petit prince brise une tradition<\/p>\n<p>Le prince Louis a, une nouvelle fois, attir\u00e9 l\u2019attention lors<br \/>\ndes c\u00e9l\u00e9brations officielles. Pr\u00e9sent aux c\u00e9l\u00e9brations de Trooping<br \/>\nthe Colour ce samedi 14 juin, le <a href=\"https:\/\/www.closermag.fr\/royautes\/prince-louis-ce-moment-special-vecu-au-balcon-de-buckingham-ni-avec-kate-ni-avec-william-3555479\" target=\"_blank\" rel=\"noopener\"><br \/>\nprince Louis<\/a> a une fois de plus attir\u00e9 les regards. Aux c\u00f4t\u00e9s<br \/>\nde ses parents et de ses fr\u00e8res et s\u0153urs, il est apparu dans une<br \/>\ntenue qui d\u00e9roge aux traditions royales. Tandis que Charlotte<br \/>\nportait une robe turquoise assortie \u00e0 celle de Kate, Louis arborait<br \/>\nun <strong>costume bleu marine<\/strong> et une cravate rouge. Une<br \/>\ntenue identique \u00e0 celle de son grand fr\u00e8re George.<\/p>\n<p>Un d\u00e9tail vestimentaire en apparence anodin, mais qui marque une<br \/>\n<strong>petite entorse au protocole<\/strong>. D\u2019apr\u00e8s les usages en<br \/>\nvigueur dans les cercles royaux et aristocratiques britanniques,<br \/>\nles gar\u00e7ons de moins de huit ans sont g\u00e9n\u00e9ralement habill\u00e9s en<br \/>\n<strong>short<\/strong> lors des apparitions officielles. Une<br \/>\ntradition \u00e0 laquelle Louis, \u00e2g\u00e9 de sept ans, s\u2019\u00e9tait jusque-l\u00e0<br \/>\ntoujours conform\u00e9.<\/p>\n<p>Tendre \u00e9change entre le prince Louis et<br \/>\nle roi Charles III<\/p>\n<p>Un expert en lecture labiale a r\u00e9v\u00e9l\u00e9 un moment complice entre<br \/>\nle <a href=\"https:\/\/www.closermag.fr\/royautes\/charles-iii-surprend-sophie-de-wessex-son-geste-respectueux-tourne-au-faux-pas-vestimentaire-3555074\" target=\"_blank\" rel=\"noopener\"><br \/>\nroi Charles III<\/a> et son petit-fils, le prince Louis, lors du<br \/>\ntraditionnel d\u00e9fil\u00e9 du <strong>Trooping the Colour<\/strong>. Le<br \/>\nsouverain s\u2019est install\u00e9 en premi\u00e8re ligne pour c\u00e9l\u00e9brer son<br \/>\nanniversaire officiel, entour\u00e9 de toute la famille royale. Cette<br \/>\nann\u00e9e, l\u2019\u00e9v\u00e9nement a pris une tournure plus symbolique encore. Les<br \/>\nRed Arrows ont survol\u00e9 le palais avec un vol respectueux de<br \/>\nl\u2019environnement. Un hommage a \u00e9galement \u00e9t\u00e9 rendu aux victimes du<br \/>\ndrame a\u00e9rien survenu r\u00e9cemment en Inde.<\/p>\n<p data-start=\"597\" data-end=\"992\">Mais c\u2019est un \u00e9change tendre sur<br \/>\nle balcon avec le plus jeune fils du prince William et de la<br \/>\nprincesse Kate qui a retenu l\u2019attention. L\u2019experte Nicola Hickling,<br \/>\nsp\u00e9cialis\u00e9e dans la lecture labiale, a observ\u00e9 un moment pr\u00e9cis o\u00f9<br \/>\nles avions rouges passaient au-dessus de Buckingham. Le roi aurait<br \/>\nalors donn\u00e9 une petite tape sur l\u2019\u00e9paule de Louis en lui disant :<br \/>\n\u00ab\u00a0<strong>Oh, c\u2019est ton avion pr\u00e9f\u00e9r\u00e9 !<\/strong>\u00ab\u00a0. Un<br \/>\nmoment d&rsquo;\u00e9change tendre entre le petit-fils et le grand-p\u00e8re !<\/p>\n","protected":false},"excerpt":{"rendered":"Chaque mois de juin, Trooping the Colour transforme Londres en v\u00e9ritable th\u00e9\u00e2tre royal pour c\u00e9l\u00e9brer l&rsquo;anniversaire officiel du&hellip;\n","protected":false},"author":2,"featured_media":182980,"comment_status":"","ping_status":"","sticky":false,"template":"","format":"standard","meta":{"footnotes":""},"categories":[1359],"tags":[548,58,59,1011,27,973,7529],"class_list":{"0":"post-182979","1":"post","2":"type-post","3":"status-publish","4":"format-standard","5":"has-post-thumbnail","7":"category-people","8":"tag-article-simple","9":"tag-divertissement","10":"tag-entertainment","11":"tag-fr","12":"tag-france","13":"tag-people","14":"tag-prince-louis"},"share_on_mastodon":{"url":"https:\/\/pubeurope.com\/@fr\/114697949958694349","error":""},"_links":{"self":[{"href":"https:\/\/www.europesays.com\/fr\/wp-json\/wp\/v2\/posts\/182979","targetHints":{"allow":["GET"]}}],"collection":[{"href":"https:\/\/www.europesays.com\/fr\/wp-json\/wp\/v2\/posts"}],"about":[{"href":"https:\/\/www.europesays.com\/fr\/wp-json\/wp\/v2\/types\/post"}],"author":[{"embeddable":true,"href":"https:\/\/www.europesays.com\/fr\/wp-json\/wp\/v2\/users\/2"}],"replies":[{"embeddable":true,"href":"https:\/\/www.europesays.com\/fr\/wp-json\/wp\/v2\/comments?post=182979"}],"version-history":[{"count":0,"href":"https:\/\/www.europesays.com\/fr\/wp-json\/wp\/v2\/posts\/182979\/revisions"}],"wp:featuredmedia":[{"embeddable":true,"href":"https:\/\/www.europesays.com\/fr\/wp-json\/wp\/v2\/media\/182980"}],"wp:attachment":[{"href":"https:\/\/www.europesays.com\/fr\/wp-json\/wp\/v2\/media?parent=182979"}],"wp:term":[{"taxonomy":"category","embeddable":true,"href":"https:\/\/www.europesays.com\/fr\/wp-json\/wp\/v2\/categories?post=182979"},{"taxonomy":"post_tag","embeddable":true,"href":"https:\/\/www.europesays.com\/fr\/wp-json\/wp\/v2\/tags?post=182979"}],"curies":[{"name":"wp","href":"https:\/\/api.w.org\/{rel}","templated":true}]}}