{"id":182981,"date":"2025-06-17T09:16:25","date_gmt":"2025-06-17T09:16:25","guid":{"rendered":"https:\/\/www.europesays.com\/fr\/182981\/"},"modified":"2025-06-17T09:16:25","modified_gmt":"2025-06-17T09:16:25","slug":"des-tresors-enfouis-de-francoise-michaely-a-decouvrir-a-saint-agreve","status":"publish","type":"post","link":"https:\/\/www.europesays.com\/fr\/182981\/","title":{"rendered":"Des \u00ab tr\u00e9sors enfouis \u00bb de Fran\u00e7oise Micha\u00ebly \u00e0 d\u00e9couvrir \u00e0 Saint-Agr\u00e8ve"},"content":{"rendered":"<p>\t\t\t\t\t\t\t\t\t\t\t\t\t\t\t\t\t\t\t\t\t\t\t\t\t\t\t\t\t\t\t\t\t\t\t\t\t\t\t\t\t\t\t\t\t\t\t\t\t\t\t\t\t\t\t\t\t\t\t\t\t\t\t<a href=\"https:\/\/www.lacommere43.fr\/component\/banners\/click\/1745.html\" target=\"_blank\" title=\"Tence Carrefour Market livraison domicile mars 2025\" rel=\"noopener\"><br \/>\n\t\t\t\t\t\t\t<img decoding=\"async\" src=\"https:\/\/www.europesays.com\/fr\/wp-content\/uploads\/2025\/04\/Livraison__Domiciecarr_.jpg\" alt=\"Tence Carrefour Market livraison domicile mars 2025\"\/><br \/>\n\t\t\t\t\t\t<\/a><\/p>\n<p><strong>Le centre socioculturel de Saint-Agr\u00e8ve \u00ab\u00a0l&rsquo;Odyss\u00e9e\u00a0\u00bb propose une exposition de peintures intitul\u00e9e \u00ab\u00a0tr\u00e9sors enfouis\u00a0\u00bb de Fran\u00e7oise Micha\u00ebly, visible du 17 au 27 juin, avec un vernissage vendredi 20 juin \u00e0 18 heures, en pr\u00e9sence de l&rsquo;artist<\/strong>e.<\/p>\n<p>A noter que s&rsquo;il est possible de venir voir l&rsquo;exposition sur les heures d&rsquo;ouverture de la structure, elle sera \u00e9galement exceptionnellement ouverte le samedi 21 et le dimanche 22 juin apr\u00e8s-midi.<\/p>\n<p><strong>Une invitation au voyage<\/strong><\/p>\n<p>\u201cTr\u00e9sors enfouis\u201d vous invite au voyage&#8230; \u00ab\u00a0Un voyage pour d\u00e9couvrir les petits tr\u00e9sors que la vie nous donne \u00e0 contempler et qui trop souvent se d\u00e9robent \u00e0 notre regard ! Pour un peu que l\u2019on y pr\u00eate attention, le quotidien peut en \u00eatre chang\u00e9 et notre vision du monde revisit\u00e9e&#8230; C\u2019est cela que je vous propose : laissez vous embarquer, et pr\u00eatez l\u2019oreille de vos c\u0153urs.\u00a0\u00bb<\/p>\n<p><strong>A propos de l&rsquo;artiste<\/strong><\/p>\n<p>Fran\u00e7oise Micha\u00ebly est n\u00e9e en 1969 \u00e0 Chamali\u00e8res, historienne de l\u2019art de formation, elle nourrit depuis son enfance une passion pour la cr\u00e9ation artistique. C\u2019est dans son univers familial qu\u2019elle d\u00e9couvre le monde de l\u2019art \u00e0 travers les \u0153uvres sculpt\u00e9es de son grand-p\u00e8re et les longues s\u00e9ances de dessin avec son papa. Elle apprend tr\u00e8s jeune \u00e0 regarder le monde qui l\u2019entoure afin d\u2019y d\u00e9couvrir le bon, le bien le beau.. et s&rsquo;\u00e9vader un peu d\u2019un univers sombre et anxiog\u00e8ne que le monde des adultes lui propose. Alors, elle regarde la nature, les fleurs et leurs couleurs, le bleu du ciel si profond des vacances dans le sud! Elle aime la chaleur du soleil et l&rsquo;\u00e9tendue bleue de la mer m\u00e9diterran\u00e9e \u00e0 perte de vue&#8230; Elle garde tout&#8230;les senteurs de la garrigue, le chant des cigales, le flux et le reflux des vagues&#8230;le vol d\u2019un papillon Tous ses sens sont en \u00e9veil, et elle aime go\u00fbter le monde qui l\u2019entoure, elle cherche et trouve sans tarder la trace du Cr\u00e9ateur. La petite fille a grandi.. Folon, Magritte, Dali accompagnent les murs de son adolescence, elle d\u00e9couvre avec eux; une mani\u00e8re d\u2019exprimer ses sentiments de mani\u00e8re symbolique et sans le savoir apprend un vocabulaire cr\u00e9atif. Alors la femme adulte a r\u00e9uni ses tr\u00e9sors enfouis et s\u2019est d\u00e9cid\u00e9e \u00e0 exprimer par la forme et les couleurs ce qui l\u2019habitait int\u00e9rieurement depuis si longtemps.<\/p>\n<p>Pour tous renseignements 04-75-30-26-60<\/p>\n","protected":false},"excerpt":{"rendered":"Le centre socioculturel de Saint-Agr\u00e8ve \u00ab\u00a0l&rsquo;Odyss\u00e9e\u00a0\u00bb propose une exposition de peintures intitul\u00e9e \u00ab\u00a0tr\u00e9sors enfouis\u00a0\u00bb de Fran\u00e7oise Micha\u00ebly, visible&hellip;\n","protected":false},"author":2,"featured_media":182982,"comment_status":"","ping_status":"","sticky":false,"template":"","format":"standard","meta":{"footnotes":""},"categories":[1358],"tags":[2281,1348,1384,1385,1386,58,59,2282,1011,27,2280,2284,2285,2283],"class_list":{"0":"post-182981","1":"post","2":"type-post","3":"status-publish","4":"format-standard","5":"has-post-thumbnail","7":"category-arts-et-design","8":"tag-actualite-43","9":"tag-arts","10":"tag-arts-and-design","11":"tag-arts-et-design","12":"tag-design","13":"tag-divertissement","14":"tag-entertainment","15":"tag-faits-divers-auvergne","16":"tag-fr","17":"tag-france","18":"tag-information-haute-loire","19":"tag-infos-43","20":"tag-journal-haute-loire","21":"tag-la-commere-43"},"share_on_mastodon":{"url":"https:\/\/pubeurope.com\/@fr\/114697953928069254","error":""},"_links":{"self":[{"href":"https:\/\/www.europesays.com\/fr\/wp-json\/wp\/v2\/posts\/182981","targetHints":{"allow":["GET"]}}],"collection":[{"href":"https:\/\/www.europesays.com\/fr\/wp-json\/wp\/v2\/posts"}],"about":[{"href":"https:\/\/www.europesays.com\/fr\/wp-json\/wp\/v2\/types\/post"}],"author":[{"embeddable":true,"href":"https:\/\/www.europesays.com\/fr\/wp-json\/wp\/v2\/users\/2"}],"replies":[{"embeddable":true,"href":"https:\/\/www.europesays.com\/fr\/wp-json\/wp\/v2\/comments?post=182981"}],"version-history":[{"count":0,"href":"https:\/\/www.europesays.com\/fr\/wp-json\/wp\/v2\/posts\/182981\/revisions"}],"wp:featuredmedia":[{"embeddable":true,"href":"https:\/\/www.europesays.com\/fr\/wp-json\/wp\/v2\/media\/182982"}],"wp:attachment":[{"href":"https:\/\/www.europesays.com\/fr\/wp-json\/wp\/v2\/media?parent=182981"}],"wp:term":[{"taxonomy":"category","embeddable":true,"href":"https:\/\/www.europesays.com\/fr\/wp-json\/wp\/v2\/categories?post=182981"},{"taxonomy":"post_tag","embeddable":true,"href":"https:\/\/www.europesays.com\/fr\/wp-json\/wp\/v2\/tags?post=182981"}],"curies":[{"name":"wp","href":"https:\/\/api.w.org\/{rel}","templated":true}]}}