{"id":182983,"date":"2025-06-17T09:17:11","date_gmt":"2025-06-17T09:17:11","guid":{"rendered":"https:\/\/www.europesays.com\/fr\/182983\/"},"modified":"2025-06-17T09:17:11","modified_gmt":"2025-06-17T09:17:11","slug":"the-empyrean-onyx-storm-ou-et-quand-sort-le-livre","status":"publish","type":"post","link":"https:\/\/www.europesays.com\/fr\/182983\/","title":{"rendered":"\u00ab\u00a0The Empyrean &#8211; Onyx Storm\u00a0\u00bb : o\u00f9 et quand sort le livre ?"},"content":{"rendered":"<p>Le roman de Rebecca Yarros est attendu en librairies \u00e0 partir du 18 juin 2025 et continue l\u2019histoire \u00e9pique de Violet Sorrengail.<\/p>\n<p>Le long chemin de Violet Sorrengail continue ! Avec The Empyrean \u2013 Onyx Storm, <a href=\"https:\/\/www.fnac.com\/Rebecca-Yarros\/ia3038577\" target=\"_blank\" rel=\"noreferrer noopener\">Rebecca Yarros<\/a> poursuit sa grande fresque de fantasy dans un livre particuli\u00e8rement attendu et important. <a href=\"https:\/\/leclaireur.fnac.com\/article\/484409-the-empyrean-de-rebecca-yarros-le-tome-2-arrive-bientot\/\" target=\"_blank\" rel=\"noreferrer noopener\">Un an apr\u00e8s la sortie du second volume<\/a>, le ph\u00e9nom\u00e8ne publi\u00e9 aux \u00e9ditions Hugo New Romance est de retour en librairies ce 18 juin 2025.<\/p>\n<p>La s\u00e9rie compl\u00e8te <a href=\"https:\/\/www.fnac.com\/Rebecca-Yarros\/ia3038577\" target=\"_blank\" rel=\"noreferrer noopener\">The Empyrean<\/a> est pr\u00e9vue en cinq tomes d\u2019apr\u00e8s l\u2019autrice, mais Rebecca Yarros a indiqu\u00e9 prendre une pause dans l\u2019\u00e9criture pour quelques temps avant de poursuivre cette grande fresque de romantasy. La suite de The Empyrean n\u2019est donc pas pour tout de suite, rendant ce troisi\u00e8me <a href=\"https:\/\/www.fnac.com\/livre.asp\" target=\"_blank\" rel=\"noreferrer noopener\">livre<\/a> exceptionnel a plus d\u2019un titre. Les fans de la saga, avant le quatri\u00e8me tome, pourraient peut-\u00eatre bien \u00e9galement d\u00e9couvrir The Empyrean diff\u00e9remment, puisqu\u2019une adaptation en s\u00e9rie TV est en cours de cr\u00e9ation du c\u00f4t\u00e9 de Prime Video, par la boite de production de l\u2019acteur Michael B. Jordan.<\/p>\n<blockquote class=\"instagram-media\" data-instgrm-captioned=\"\" data-instgrm-permalink=\"https:\/\/www.instagram.com\/reel\/DKjbk5lsKqp\/?utm_source=ig_embed&amp;utm_campaign=loading\" data-instgrm-version=\"14\" style=\" background:#FFF; border:0; border-radius:3px; box-shadow:0 0 1px 0 rgba(0,0,0,0.5),0 1px 10px 0 rgba(0,0,0,0.15); margin: 1px; max-width:540px; min-width:326px; padding:0; width:99.375%; width:-webkit-calc(100% - 2px); width:calc(100% - 2px);\"\/>\n<p>O\u00f9 en est l\u2019histoire et que veut dire Onyx Storm ?<\/p>\n<p>Dans ce troisi\u00e8me volet, Violet poursuit son apprentissage \u00e0 l\u2019Academie de la Guerre de Basgiath alors que les conflits approchent et que la tension n\u2019a jamais \u00e9t\u00e9 aussi \u00e9lev\u00e9e. La Navarre a besoin d\u2019aide et Violet se lance dans une grande qu\u00eate \u00e0 la recherche d\u2019alli\u00e9s, quitte \u00e0 s\u2019aventurer dans des territoires inconnus.<\/p>\n<p>Si The Empyrean est un large r\u00e9cit d\u2019aventure aux proportions importantes, la saga est \u00e9galement une <a href=\"https:\/\/leclaireur.fnac.com\/article\/432133-la-romantasy-cest-quoi-ce-nouveau-genre-litteraire\/\" target=\"_blank\" rel=\"noreferrer noopener\">romantasy<\/a>, et l\u2019aspect romantique demeure une part essentielle de l\u2019histoire, alors que Violet tente de prot\u00e9ger ceux qu\u2019elle aime dont \u00ab\u00a0lui\u00a0\u00bb \u2014 l\u2019identit\u00e9 de la personne \u00e9tant une cl\u00e9 importante de l\u2019intrigue.<\/p>\n<p><strong class=\"small\">En stock<\/strong><\/p>\n<p>        Acheter sur Fnac.com<\/p>\n<p>Entre les dragons, les affrontements, les secrets d\u00e9voil\u00e9s et le r\u00e9cit initiatique (et sentimental) de Violet, The Empyrean \u2013 Onyx Storm est probablement le livre de la saga le plus d\u00e9terminant ! La temp\u00eate approche, les bases sont d\u00e9sormais pos\u00e9es et Rebecca Yarros peut aller plus loin dans les enjeux qu\u2019elle souhaite d\u00e9velopper.<\/p>\n<p>Le sous-titre du roman, Onyx Storm, est \u00e9galement une part du myst\u00e8re et plusieurs lecteurs se questionnent sur sa signification. Le mot \u00e9voque donc une temp\u00eate \u00e0 venir et les d\u00e9couvertes de Violet pourraient mettre en p\u00e9ril bien plus de choses qu\u2019elle ne croit. The Empyrean \u2013 Tome 3 : Onyx Storm est \u00e0 d\u00e9couvrir en librairies d\u00e8s le 18 juin 2028.<\/p>\n<p>        <script async src=\"\/\/www.instagram.com\/embed.js\"><\/script><\/p>\n","protected":false},"excerpt":{"rendered":"Le roman de Rebecca Yarros est attendu en librairies \u00e0 partir du 18 juin 2025 et continue l\u2019histoire&hellip;\n","protected":false},"author":2,"featured_media":182984,"comment_status":"","ping_status":"","sticky":false,"template":"","format":"standard","meta":{"footnotes":""},"categories":[1357],"tags":[1379,58,32117,59,1011,27,1380,32118,3686],"class_list":{"0":"post-182983","1":"post","2":"type-post","3":"status-publish","4":"format-standard","5":"has-post-thumbnail","7":"category-livres","8":"tag-books","9":"tag-divertissement","10":"tag-dragons","11":"tag-entertainment","12":"tag-fr","13":"tag-france","14":"tag-livres","15":"tag-romantasy","16":"tag-sortie"},"share_on_mastodon":{"url":"https:\/\/pubeurope.com\/@fr\/114697957903677047","error":""},"_links":{"self":[{"href":"https:\/\/www.europesays.com\/fr\/wp-json\/wp\/v2\/posts\/182983","targetHints":{"allow":["GET"]}}],"collection":[{"href":"https:\/\/www.europesays.com\/fr\/wp-json\/wp\/v2\/posts"}],"about":[{"href":"https:\/\/www.europesays.com\/fr\/wp-json\/wp\/v2\/types\/post"}],"author":[{"embeddable":true,"href":"https:\/\/www.europesays.com\/fr\/wp-json\/wp\/v2\/users\/2"}],"replies":[{"embeddable":true,"href":"https:\/\/www.europesays.com\/fr\/wp-json\/wp\/v2\/comments?post=182983"}],"version-history":[{"count":0,"href":"https:\/\/www.europesays.com\/fr\/wp-json\/wp\/v2\/posts\/182983\/revisions"}],"wp:featuredmedia":[{"embeddable":true,"href":"https:\/\/www.europesays.com\/fr\/wp-json\/wp\/v2\/media\/182984"}],"wp:attachment":[{"href":"https:\/\/www.europesays.com\/fr\/wp-json\/wp\/v2\/media?parent=182983"}],"wp:term":[{"taxonomy":"category","embeddable":true,"href":"https:\/\/www.europesays.com\/fr\/wp-json\/wp\/v2\/categories?post=182983"},{"taxonomy":"post_tag","embeddable":true,"href":"https:\/\/www.europesays.com\/fr\/wp-json\/wp\/v2\/tags?post=182983"}],"curies":[{"name":"wp","href":"https:\/\/api.w.org\/{rel}","templated":true}]}}