{"id":182991,"date":"2025-06-17T09:21:08","date_gmt":"2025-06-17T09:21:08","guid":{"rendered":"https:\/\/www.europesays.com\/fr\/182991\/"},"modified":"2025-06-17T09:21:08","modified_gmt":"2025-06-17T09:21:08","slug":"alexandre-cobigo-de-la-ligue-contre-le-cancer-on-est-en-face-dune-epidemie-de-cancer-de-la-peau-en-france","status":"publish","type":"post","link":"https:\/\/www.europesays.com\/fr\/182991\/","title":{"rendered":"Alexandre Cobigo, de la Ligue contre le cancer\u00a0: \u00ab\u00a0On est en face d&rsquo;une \u00e9pid\u00e9mie de cancer de la peau en France\u00a0\u00bb"},"content":{"rendered":"<p class=\"PopSlotParagraph qg-tx2 qg-xtra-lh svelte-1r0pyek\">La Ligue contre le cancer a lanc\u00e9 lundi une campagne de pr\u00e9vention intitul\u00e9e\u00a0\u00ab\u00a0on n&rsquo;est pas des saucisses\u00a0\u00bb,\u00a0appelant \u00e0 ne pas \u00ab\u00a0griller\u00a0\u00bb sa peau au soleil cet \u00e9t\u00e9. Huit cancers de la peau sur dix sont dus aux rayons ultraviolets.\u00a0\u00ab\u00a0Griller au soleil, c&rsquo;est 80.000 cancers de la peau et 2.000 d\u00e9c\u00e8s par an. On n&rsquo;est pas des saucisses\u00a0\u00bb, souligne la Ligue contre le cancer, en rappelant que les cancers de la peau font partie des \u00ab\u00a040% de cancers \u00e9vitables car un changement de comportement permettrait d&rsquo;en limiter l&rsquo;incidence\u00a0\u00bb.<\/p>\n<p class=\"PopSlotParagraph qg-tx2 qg-xtra-lh svelte-1r0pyek\">Il y a de plus en plus de cancers de la peau \u00e0 cause du soleil. \u00ab\u00a0On est vraiment en face d&rsquo;une \u00e9pid\u00e9mie de cancer de la peau en France et elle est principalement li\u00e9e au vieillissement de la population mais aussi au fait qu&rsquo;on s&rsquo;expose de plus en plus au soleil\u00a0\u00bb, explique ce mardi sur France Inter Alexandre Cobigo, responsable pr\u00e9vention pour la Ligue contre le cancer.<\/p>\n<p> \u00ab\u00a0Pendant les vacances, il y a des grosses prises de risques\u00a0\u00bb<\/p>\n<p class=\"PopSlotParagraph qg-tx2 qg-xtra-lh svelte-1r0pyek\">Alexandre Cobigo\u00a0alerte notamment sur les comportements adopt\u00e9s lors des vacances\u00a0: \u00ab\u00a0Il y a une prise de conscience, les gens connaissent bien les risques, mais pendant les vacances notamment, il y a des grosses prises de risques.\u00a0\u00bb\u00a0S&rsquo;enduire de cr\u00e8me sur la plage n&rsquo;est pas la bonne solution, ni\u00a0pr\u00e9parer sa peau avec quelques s\u00e9ances dans une cabine de bronzage. \u00ab\u00a0Aujourd&rsquo;hui, quand on veut se prot\u00e9ger de soleil, la premi\u00e8re chose \u00e0 faire, c&rsquo;est de rester \u00e0 l&rsquo;ombre et de ne pas s&rsquo;exposer entre midi et 16h, entre 10h et 14h quand on est entre les tropiques.\u00a0Il y a aussi le fait de porter des v\u00eatements amples, un chapeau, des lunettes\u00a0\u00bb, indique Alexandre Cobigo.<\/p>\n<p class=\"PopSlotParagraph qg-tx2 qg-xtra-lh svelte-1r0pyek\">\u00ab\u00a0Aujourd&rsquo;hui, en France, il y a une valorisation du bronzage. Le bronzage est associ\u00e9 au fait d&rsquo;\u00eatre en bonne sant\u00e9, au fait de montrer qu&rsquo;on est parti en vacances. Donc, il y a un enjeu de normes sociales. Et cette campagne est l\u00e0 aussi un petit peu pour bousculer et dire, &lsquo;regardez, cette norme sociale, elle n&rsquo;est pas normale, elle nous met en danger collectivement&rsquo;.\u00a0\u00bb<\/p>\n","protected":false},"excerpt":{"rendered":"La Ligue contre le cancer a lanc\u00e9 lundi une campagne de pr\u00e9vention intitul\u00e9e\u00a0\u00ab\u00a0on n&rsquo;est pas des saucisses\u00a0\u00bb,\u00a0appelant \u00e0&hellip;\n","protected":false},"author":2,"featured_media":182992,"comment_status":"","ping_status":"","sticky":false,"template":"","format":"standard","meta":{"footnotes":""},"categories":[10],"tags":[1011,27,72,71],"class_list":{"0":"post-182991","1":"post","2":"type-post","3":"status-publish","4":"format-standard","5":"has-post-thumbnail","7":"category-sante","8":"tag-fr","9":"tag-france","10":"tag-health","11":"tag-sante"},"share_on_mastodon":{"url":"","error":""},"_links":{"self":[{"href":"https:\/\/www.europesays.com\/fr\/wp-json\/wp\/v2\/posts\/182991","targetHints":{"allow":["GET"]}}],"collection":[{"href":"https:\/\/www.europesays.com\/fr\/wp-json\/wp\/v2\/posts"}],"about":[{"href":"https:\/\/www.europesays.com\/fr\/wp-json\/wp\/v2\/types\/post"}],"author":[{"embeddable":true,"href":"https:\/\/www.europesays.com\/fr\/wp-json\/wp\/v2\/users\/2"}],"replies":[{"embeddable":true,"href":"https:\/\/www.europesays.com\/fr\/wp-json\/wp\/v2\/comments?post=182991"}],"version-history":[{"count":0,"href":"https:\/\/www.europesays.com\/fr\/wp-json\/wp\/v2\/posts\/182991\/revisions"}],"wp:featuredmedia":[{"embeddable":true,"href":"https:\/\/www.europesays.com\/fr\/wp-json\/wp\/v2\/media\/182992"}],"wp:attachment":[{"href":"https:\/\/www.europesays.com\/fr\/wp-json\/wp\/v2\/media?parent=182991"}],"wp:term":[{"taxonomy":"category","embeddable":true,"href":"https:\/\/www.europesays.com\/fr\/wp-json\/wp\/v2\/categories?post=182991"},{"taxonomy":"post_tag","embeddable":true,"href":"https:\/\/www.europesays.com\/fr\/wp-json\/wp\/v2\/tags?post=182991"}],"curies":[{"name":"wp","href":"https:\/\/api.w.org\/{rel}","templated":true}]}}