{"id":182993,"date":"2025-06-17T09:22:08","date_gmt":"2025-06-17T09:22:08","guid":{"rendered":"https:\/\/www.europesays.com\/fr\/182993\/"},"modified":"2025-06-17T09:22:08","modified_gmt":"2025-06-17T09:22:08","slug":"om-le-club-devoile-le-nouveau-maillot-exterieur-pour-la-saison-2025-2026","status":"publish","type":"post","link":"https:\/\/www.europesays.com\/fr\/182993\/","title":{"rendered":"OM. Le club d\u00e9voile le nouveau maillot ext\u00e9rieur pour la saison 2025-2026"},"content":{"rendered":"<p>L&rsquo;OM a beau rappeler au niveau de chacune de ses strates que le mot \u00ab\u00a0continuit\u00e9\u00a0\u00bb sera le fil rouge des prochaines saisons, le club a choisi de rompre quelque peu avec ses vieilles habitudes. Car pour la premi\u00e8re fois depuis cinq ans, les Olympiens vont jouer en noir, ou tout du moins dans un bleu tr\u00e8s fonc\u00e9 selon les premi\u00e8res images.<\/p>\n<p>L&rsquo;Olympique a d\u00e9voil\u00e9 ce mardi sa tenue ext\u00e9rieure pour la saison 2025-2026, avec des notes plus futuristes que <a href=\"https:\/\/www.laprovence.com\/article\/om\/5057635020935914\/om-jul-devoile-sur-scene-le-maillot-domicile-de-la-saison-2025-2026\" target=\"_blank\" rel=\"noopener\">le tr\u00e8s classique maillot domicile<\/a>. Il se veut en revanche aussi repr\u00e9sentatif du club et surtout de la ville avec une croix d&rsquo;azur qui barre le torse d&rsquo;Adrien Rabiot, <a href=\"https:\/\/www.laprovence.com\/article\/om\/5357575545571614\/mercato-om-quentin-merlin-un-avenir-en-question\" target=\"_blank\" rel=\"noopener\">Quentin Merlin<\/a> ou encore Amir Murillo dans un clip post\u00e9 par le club.<\/p>\n<blockquote class=\"twitter-tweet\"><p>&#13;<\/p>\n<p>Dans toutes les villes, \u2070tous les stades, \u2070tu verras toujours un maillot, un drapeau, une \u00e9charpe lev\u00e9e aux couleurs de l\u2019OM. \ud83d\udc99\u2070\u2070\ud835\uddd6&rsquo;\ud835\uddf2\ud835\ude00\ud835\ude01 \ud835\uddfb\ud835\uddfc\ud835\ude02\ud835\ude00, \ud835\uddf9&rsquo;\ud835\uddee\ud835\uddff\ud835\uddfa\ud835\uddf2\u0301\ud835\uddf2 \ud835\uddf1\ud835\uddf2\ud835\ude00 \ud835\udde0\ud835\uddee\ud835\uddff\ud835\ude00\ud835\uddf2\ud835\uddf6\ud835\uddf9\ud835\uddf9\ud835\uddee\ud835\uddf6\ud835\ude00. \u2694\ufe0f <a href=\"https:\/\/t.co\/DggFDB8Rrj\" target=\"_blank\">pic.twitter.com\/DggFDB8Rrj<\/a><\/p>\n<p>&#13;<br \/>\n\u2014 Olympique de Marseille (@OM_Officiel) <a href=\"https:\/\/twitter.com\/OM_Officiel\/status\/1934872170380816810?ref_src=twsrc%5Etfw\" target=\"_blank\" rel=\"noopener\">June 17, 2025<\/a><\/p><\/blockquote>\n<p>Apr\u00e8s une tunique \u00ab\u00a0home\u00a0\u00bb annonc\u00e9e dans une campagne de communication ax\u00e9e <a href=\"https:\/\/www.laprovence.com\/article\/om\/1381867644529315\/om-puma-presente-le-nouveau-maillot-domicile-a-la-marseillaise-au-bistrot-plage-de-marseille\" target=\"_blank\" rel=\"noopener\">sur le savoir-vivre \u00e0 la marseillaise<\/a>, la deuxi\u00e8me tenue met l&rsquo;accent sur \u00ab\u00a0l&rsquo;arm\u00e9e des Marseillais\u00a0\u00bb, partout dans tous les stades. Et pour l&rsquo;occasion, le club et son \u00e9quipementier Puma ont invit\u00e9\u00a0<\/p>\n<p>50 supporters, membres du programme \u00ab\u00a0Peuple Bleu&amp;Blanc\u00a0\u00bb, \u00e0 d\u00e9couvrir le maillot en avant-premi\u00e8re et participer au shooting photo officiel aux c\u00f4t\u00e9s des joueurs.<\/p>\n<p>\u00ab\u00a0C&rsquo;est un truc de fou ce qu&rsquo;on a v\u00e9cu, c&rsquo;est un r\u00eave\u00a0\u00bb a l\u00e2ch\u00e9 Jordan, supporter olympien venu depuis la fronti\u00e8re du Luxembourg dans un communiqu\u00e9 d\u00e9livr\u00e9 par l&rsquo;OM.<\/p>\n<p>Le maillot sera mis en vente \u00e0 partir de minuit sur la boutique en ligne <a href=\"https:\/\/boutique.om.fr\/\" target=\"_blank\" rel=\"noopener\">boutique.om.fr<\/a> ce 18 juin et d\u00e8s l&rsquo;ouverture des magasins physiques et revendeurs officiels \u00e0 partir de ce mercredi.<\/p>\n<p><script async src=\"https:\/\/platform.twitter.com\/widgets.js\" charset=\"utf-8\"><\/script><\/p>\n","protected":false},"excerpt":{"rendered":"L&rsquo;OM a beau rappeler au niveau de chacune de ses strates que le mot \u00ab\u00a0continuit\u00e9\u00a0\u00bb sera le fil&hellip;\n","protected":false},"author":2,"featured_media":182994,"comment_status":"","ping_status":"","sticky":false,"template":"","format":"standard","meta":{"footnotes":""},"categories":[9],"tags":[17,5244,851,4815,1011,27,10274,4565,149,471,60],"class_list":{"0":"post-182993","1":"post","2":"type-post","3":"status-publish","4":"format-standard","5":"has-post-thumbnail","7":"category-sports","8":"tag-17","9":"tag-club","10":"tag-devoile","11":"tag-exterieur","12":"tag-fr","13":"tag-france","14":"tag-maillot","15":"tag-nouveau","16":"tag-om","17":"tag-pour","18":"tag-sports"},"share_on_mastodon":{"url":"https:\/\/pubeurope.com\/@fr\/114697977583987176","error":""},"_links":{"self":[{"href":"https:\/\/www.europesays.com\/fr\/wp-json\/wp\/v2\/posts\/182993","targetHints":{"allow":["GET"]}}],"collection":[{"href":"https:\/\/www.europesays.com\/fr\/wp-json\/wp\/v2\/posts"}],"about":[{"href":"https:\/\/www.europesays.com\/fr\/wp-json\/wp\/v2\/types\/post"}],"author":[{"embeddable":true,"href":"https:\/\/www.europesays.com\/fr\/wp-json\/wp\/v2\/users\/2"}],"replies":[{"embeddable":true,"href":"https:\/\/www.europesays.com\/fr\/wp-json\/wp\/v2\/comments?post=182993"}],"version-history":[{"count":0,"href":"https:\/\/www.europesays.com\/fr\/wp-json\/wp\/v2\/posts\/182993\/revisions"}],"wp:featuredmedia":[{"embeddable":true,"href":"https:\/\/www.europesays.com\/fr\/wp-json\/wp\/v2\/media\/182994"}],"wp:attachment":[{"href":"https:\/\/www.europesays.com\/fr\/wp-json\/wp\/v2\/media?parent=182993"}],"wp:term":[{"taxonomy":"category","embeddable":true,"href":"https:\/\/www.europesays.com\/fr\/wp-json\/wp\/v2\/categories?post=182993"},{"taxonomy":"post_tag","embeddable":true,"href":"https:\/\/www.europesays.com\/fr\/wp-json\/wp\/v2\/tags?post=182993"}],"curies":[{"name":"wp","href":"https:\/\/api.w.org\/{rel}","templated":true}]}}