{"id":182997,"date":"2025-06-17T09:24:09","date_gmt":"2025-06-17T09:24:09","guid":{"rendered":"https:\/\/www.europesays.com\/fr\/182997\/"},"modified":"2025-06-17T09:24:09","modified_gmt":"2025-06-17T09:24:09","slug":"la-decouverte-que-les-chercheurs-navaient-pas-vue-venir","status":"publish","type":"post","link":"https:\/\/www.europesays.com\/fr\/182997\/","title":{"rendered":"La d\u00e9couverte que les chercheurs n\u2019avaient pas vue venir"},"content":{"rendered":"<p style=\"text-align: left;\"><strong>Sur la calotte glaciaire du<br \/>\nGroenland, des chercheurs ont fait une d\u00e9couverte \u00e9tonnante : des<br \/>\nvirus g\u00e9ants qui cohabitent avec une abondance d\u2019algues. C\u2019est la<br \/>\npremi\u00e8re fois que ces micro-organismes, dont nous connaissons<br \/>\nencore peu de choses, sont trouv\u00e9s dans un tel habitat. Cette<br \/>\nd\u00e9couverte suscite des questions sur leur r\u00f4le potentiel dans la<br \/>\nr\u00e9gulation de la fonte des glaces et ouvre de nouvelles<br \/>\nperspectives sur la compr\u00e9hension des \u00e9cosyst\u00e8mes<br \/>\npolaires.<\/strong><\/p>\n<p>Un effet b\u00e9n\u00e9fique sur la glace<\/p>\n<p style=\"text-align: left;\">Les virus g\u00e9ants, bien que non<br \/>\nvisibles \u00e0 l\u2019\u0153il nu, se distinguent par leur taille exceptionnelle<br \/>\npar rapport aux virus traditionnels. Ils peuvent atteindre<br \/>\n<strong>jusqu\u2019\u00e0 2,5 microm\u00e8tres<\/strong>, soit 125 fois la taille<br \/>\ndes virus communs, et poss\u00e8dent des g\u00e9nomes massifs contenant<br \/>\n<strong>environ 2,5 millions de paires de bases<\/strong>.<\/p>\n<p style=\"text-align: left;\">Pr\u00e9c\u00e9demment d\u00e9couverts dans divers<br \/>\n<a href=\"https:\/\/sciencepost.fr\/etranges-virus-geants-decouverts\/\" target=\"_blank\" rel=\"noopener nofollow\">environnements<\/a>, y compris les<br \/>\noc\u00e9ans, les sols et m\u00eame le corps humain, ces virus g\u00e9ants ont \u00e0<br \/>\npr\u00e9sent \u00e9t\u00e9 d\u00e9tect\u00e9s <strong>pour la premi\u00e8re fois<\/strong> dans la<br \/>\nglace et la neige en surface du Groenland, des environnements<br \/>\nriches en microalgues.<\/p>\n<p style=\"text-align: left;\">Dans le cadre de ces travaux, une<br \/>\n\u00e9quipe de chercheurs dirig\u00e9e par Laura Perini, du D\u00e9partement des<br \/>\nsciences de l\u2019environnement de l\u2019Universit\u00e9 d\u2019Aarhus, a pr\u00e9lev\u00e9 des<br \/>\n\u00e9chantillons dans divers habitats de neige et de glace du Groenland<br \/>\navant d\u2019y analyser l\u2019ADN et l\u2019ARN pr\u00e9sent pour d\u00e9tecter la pr\u00e9sence<br \/>\nde virus g\u00e9ants actifs. Les r\u00e9sultats ont montr\u00e9 que ces virus sont<br \/>\nbel et bien vivants et <strong>actifs dans la glace<\/strong>.<\/p>\n<p style=\"text-align: left;\">Leur fonctionnement reste encore<br \/>\nlargement m\u00e9connu. N\u00e9anmoins, les biologistes soup\u00e7onnent que ces<br \/>\nagents puissent jouer un r\u00f4le crucial dans la <strong>r\u00e9gulation de<br \/>\nla prolif\u00e9ration des algues<\/strong>, et par cons\u00e9quent, dans la<br \/>\n<strong>pr\u00e9servation de la calotte glaciaire<\/strong>.<\/p>\n<p style=\"text-align: left;\">En effet, au printemps, les algues<br \/>\narctiques prolif\u00e8rent et assombrissent de vastes \u00e9tendues de glace,<br \/>\nr\u00e9duisant ainsi sa capacit\u00e9 \u00e0 refl\u00e9ter la lumi\u00e8re du soleil et<br \/>\nacc\u00e9l\u00e9rant la fonte. Les virus g\u00e9ants pourraient alors agir comme<br \/>\nun <strong>r\u00e9gulateur naturel des algues, limitant leur<br \/>\nprolif\u00e9ration et pr\u00e9servant ainsi la glace<\/strong>.<\/p>\n<p><img loading=\"lazy\" data-lazyloaded=\"1\" decoding=\"async\" class=\"size-full wp-image-287026\" src=\"https:\/\/www.europesays.com\/fr\/wp-content\/uploads\/2025\/06\/giant-viruses-on-greenland-ice-sheet-l.webp.webp\" alt=\"virus g\u00e9ant Groenland\" width=\"1200\" height=\"678\"  data-\/><br \/>\nCe n\u2019est pas de l\u2019eau sale. Il s\u2019agit en r\u00e9alit\u00e9 d\u2019un \u00e9chantillon<br \/>\nregorgeant de micro-organismes, notamment d\u2019algues et de virus<br \/>\ng\u00e9ants. Cr\u00e9dits : Laura PeriniEncore beaucoup d\u2019interrogations<\/p>\n<p style=\"text-align: left;\">Cependant, malgr\u00e9 l\u2019enthousiasme<br \/>\nsuscit\u00e9 par cette d\u00e9couverte, de nombreuses questions restent sans<br \/>\nr\u00e9ponse. On ignore encore quelles esp\u00e8ces sont infect\u00e9es par ces<br \/>\nvirus g\u00e9ants et dans quelle mesure ils sont sp\u00e9cifiques \u00e0 leur<br \/>\nh\u00f4te. Les chercheurs esp\u00e8rent que des \u00e9tudes plus approfondies leur<br \/>\npermettront de mieux comprendre ces virus et leur impact sur les<br \/>\n\u00e9cosyst\u00e8mes glaciaires.<\/p>\n<p><strong>Une nouvelle perspective pour la science du<br \/>\nclimat<\/strong><\/p>\n<p>Au-del\u00e0 de leur r\u00f4le potentiel dans la r\u00e9gulation des algues,<br \/>\nles virus g\u00e9ants pourraient \u00e9galement contribuer \u00e0 enrichir notre<br \/>\ncompr\u00e9hension des m\u00e9canismes climatiques. En effet, leur<br \/>\ninteraction avec les algues et d\u2019autres micro-organismes pr\u00e9sents<br \/>\ndans la glace pourrait influencer le cycle du carbone et la<br \/>\nlib\u00e9ration de gaz \u00e0 effet de serre emprisonn\u00e9s dans les calottes<br \/>\nglaciaires. Ces d\u00e9couvertes ouvrent ainsi des pistes fascinantes<br \/>\npour explorer le lien entre les \u00e9cosyst\u00e8mes microbiens polaires et<br \/>\nl\u2019\u00e9volution du climat, mettant en lumi\u00e8re l\u2019importance cruciale de<br \/>\nces entit\u00e9s invisibles dans des processus globaux.<\/p>\n<p style=\"text-align: left;\">Les d\u00e9tails de l\u2019\u00e9tude sont publi\u00e9s<br \/>\ndans la revue <a href=\"https:\/\/microbiomejournal.biomedcentral.com\/articles\/10.1186\/s40168-024-01796-y\" target=\"_blank\" rel=\"noopener nofollow\">Microbiome<\/a>.<\/p>\n","protected":false},"excerpt":{"rendered":"Sur la calotte glaciaire du Groenland, des chercheurs ont fait une d\u00e9couverte \u00e9tonnante : des virus g\u00e9ants qui&hellip;\n","protected":false},"author":2,"featured_media":182998,"comment_status":"","ping_status":"","sticky":false,"template":"","format":"standard","meta":{"footnotes":""},"categories":[7],"tags":[1011,27,43,40,41,39,42,44],"class_list":{"0":"post-182997","1":"post","2":"type-post","3":"status-publish","4":"format-standard","5":"has-post-thumbnail","7":"category-sciences-et-technologies","8":"tag-fr","9":"tag-france","10":"tag-science","11":"tag-science-and-technology","12":"tag-sciences","13":"tag-sciences-et-technologies","14":"tag-technologies","15":"tag-technology"},"share_on_mastodon":{"url":"https:\/\/pubeurope.com\/@fr\/114697985315335110","error":""},"_links":{"self":[{"href":"https:\/\/www.europesays.com\/fr\/wp-json\/wp\/v2\/posts\/182997","targetHints":{"allow":["GET"]}}],"collection":[{"href":"https:\/\/www.europesays.com\/fr\/wp-json\/wp\/v2\/posts"}],"about":[{"href":"https:\/\/www.europesays.com\/fr\/wp-json\/wp\/v2\/types\/post"}],"author":[{"embeddable":true,"href":"https:\/\/www.europesays.com\/fr\/wp-json\/wp\/v2\/users\/2"}],"replies":[{"embeddable":true,"href":"https:\/\/www.europesays.com\/fr\/wp-json\/wp\/v2\/comments?post=182997"}],"version-history":[{"count":0,"href":"https:\/\/www.europesays.com\/fr\/wp-json\/wp\/v2\/posts\/182997\/revisions"}],"wp:featuredmedia":[{"embeddable":true,"href":"https:\/\/www.europesays.com\/fr\/wp-json\/wp\/v2\/media\/182998"}],"wp:attachment":[{"href":"https:\/\/www.europesays.com\/fr\/wp-json\/wp\/v2\/media?parent=182997"}],"wp:term":[{"taxonomy":"category","embeddable":true,"href":"https:\/\/www.europesays.com\/fr\/wp-json\/wp\/v2\/categories?post=182997"},{"taxonomy":"post_tag","embeddable":true,"href":"https:\/\/www.europesays.com\/fr\/wp-json\/wp\/v2\/tags?post=182997"}],"curies":[{"name":"wp","href":"https:\/\/api.w.org\/{rel}","templated":true}]}}