{"id":183001,"date":"2025-06-17T09:27:09","date_gmt":"2025-06-17T09:27:09","guid":{"rendered":"https:\/\/www.europesays.com\/fr\/183001\/"},"modified":"2025-06-17T09:27:09","modified_gmt":"2025-06-17T09:27:09","slug":"ce-ras-le-bol-fiscal-de-la-jeune-generation-de-contribuables","status":"publish","type":"post","link":"https:\/\/www.europesays.com\/fr\/183001\/","title":{"rendered":"ce ras-le-bol fiscal de la jeune g\u00e9n\u00e9ration de contribuables"},"content":{"rendered":"<p><strong>ENQU\u00caTE &#8211;<\/strong> Il est jeune, dipl\u00f4m\u00e9, actif, et il paie. Beaucoup. Trop, selon lui. Sur les r\u00e9seaux sociaux, \u00ab\u00a0Nicolas\u00a0\u00bb, un personnage imaginaire devenu un m\u00e8me, incarne la lassitude fiscale d\u2019une g\u00e9n\u00e9ration d\u2019actifs qui s\u2019estime sacrifi\u00e9e pour financer la gabegie de l\u2019\u00c9tat.<\/p>\n<p class=\"fig-paragraph\">Le projet de spectacle \u00e0\u00a0<a href=\"http:\/\/www.lefigaro.fr\/culture\/le-spectacle-pour-le-14-juillet-a-rouen-n-aboutira-pas-selon-son-createur-thomas-jolly-20250520\" data-fig-type=\"NewsFlash\" data-gtm-custom-categorie=\"navigation\" data-gtm-custom-action=\"crossclick\" data-gtm-custom-label=\"Contextuel\" data-gtm-event=\"customEventSPE\" data-fig-domain=\"LEFIGARO\" target=\"_blank\" rel=\"noopener\">11\u00a0millions d\u2019euros de Thomas Jolly \u00e0 Rouen<\/a>, \u00e0 l\u2019occasion du 14 Juillet\u00a0? \u00ab\u00a0C\u2019est Nicolas qui paie.\u00a0\u00bb Le saut en parachute de la pr\u00e9sidente de l\u2019Assembl\u00e9e nationale, aux c\u00f4t\u00e9s des militaires du 3e r\u00e9giment de parachutistes d\u2019infanterie de marine\u00a0? \u00ab\u00a0C\u2019est Nicolas qui paie.\u00a0\u00bb Des distributeurs de cr\u00e8me solaire gratuite \u00e0 Ouistreham\u00a0? \u00ab\u00a0C\u2019est Nicolas qui paie.\u00a0\u00bb D\u00e9cid\u00e9ment, Nicolas est g\u00e9n\u00e9reux. Pourtant, ce Fran\u00e7ais altruiste, le c\u0153ur sur la main, n\u2019existe pas.<\/p>\n<p class=\"fig-paragraph\">Sur les r\u00e9seaux sociaux comme\u00a0X, \u00ab\u00a0Nicolas\u00a0\u00bb est utilis\u00e9 par des internautes pour d\u00e9signer, de fa\u00e7on ironique, les contribuables qui paient, par leurs imp\u00f4ts, toutes les d\u00e9penses, m\u00eame les plus fantaisistes, des pouvoirs publics. Plus pr\u00e9cis\u00e9ment, \u00ab\u00a0Nicolas\u00a0\u00bb repr\u00e9sente un trentenaire pressur\u00e9 par le fisc pour financer \u00e0 la fois les retraites, les aides sociales, sans oublier, selon certains internautes, les d\u00e9penses li\u00e9es \u00e0 une immigration jug\u00e9e \u00ab\u00a0incontr\u00f4l\u00e9e\u00a0\u00bb\u2026<\/p>\n<p class=\"fig-premium-paywall__infos\">\n        Cet article est r\u00e9serv\u00e9 aux abonn\u00e9s.        Il vous reste 91% \u00e0 d\u00e9couvrir.\n    <\/p>\n<p>                <img  data- alt=\"Le Figaro\" class=\"fig-img--complete fig-img\"\/><\/p>\n<p class=\"fig-premium-paywall__title\">Vente Flash<\/p>\n<p class=\"fig-premium-paywall__subtitle\">3,99\u20ac par mois pendant 12 mois. Sans engagement.<\/p>\n<p class=\"fig-premium-paywall__connect\">\n                D\u00e9j\u00e0 abonn\u00e9\u00a0?                <a class=\"fig-premium-paywall__connect-link\" href=\"https:\/\/connect.lefigaro.fr\/login?client=horizon_web&amp;type=main&amp;redirect_uri=https%3A%2F%2Fwww.lefigaro.fr%2Fconjoncture%2Felle-paie-pour-tout-le-monde-et-n-a-rien-en-retour-ce-ras-le-bol-fiscal-de-la-jeune-generation-de-contribuables-20250616\" data-js-gtm=\"{&quot;customCategorie&quot;: &quot;conversion&quot;, &quot;customAction&quot;: &quot;before_Landing_Connexion_paywall_auto&quot;, &quot;customLabel&quot;: &quot;bGVmaWdhcm8uZnJfXzFmMDQyYTQxLTQzNTItNmEwNC1hMWNlLTU3NDg1ZTg0M2M1M19fQXJ0aWNsZQ==_\u00ab\u00a0Elle paie pour tout le monde et n\u2019a rien en retour\u00a0\u00bb\u00a0: ce ras-le-bol fiscal de la jeune g\u00e9n\u00e9ration de contribuables_481&quot;, &quot;customIDSPE&quot;: &quot;bGVmaWdhcm8uZnJfXzFmMDQyYTQxLTQzNTItNmEwNC1hMWNlLTU3NDg1ZTg0M2M1M19fQXJ0aWNsZQ==&quot;, &quot;event&quot;: &quot;customEventSPE&quot;}\" target=\"_blank\" rel=\"noopener\"><br \/>\n                    Connectez-vous<br \/>\n                <\/a>\n            <\/p>\n","protected":false},"excerpt":{"rendered":"ENQU\u00caTE &#8211; Il est jeune, dipl\u00f4m\u00e9, actif, et il paie. Beaucoup. Trop, selon lui. Sur les r\u00e9seaux sociaux,&hellip;\n","protected":false},"author":2,"featured_media":183002,"comment_status":"","ping_status":"","sticky":false,"template":"","format":"standard","meta":{"footnotes":""},"categories":[4],"tags":[339,11,18489,340,343,32119,345,350,130,344,352,349,33,341,313,1011,27,346,342,353,3133,351,347,12,348,25,354],"class_list":{"0":"post-183001","1":"post","2":"type-post","3":"status-publish","4":"format-standard","5":"has-post-thumbnail","7":"category-france","8":"tag-actualite-economique","9":"tag-actualites","10":"tag-aides-sociales","11":"tag-bourse","12":"tag-cac-40","13":"tag-charges-sociales","14":"tag-chef-dentreprise","15":"tag-concurrence","16":"tag-consommation","17":"tag-creation-dentreprise","18":"tag-crise","19":"tag-delocalisations","20":"tag-economie","21":"tag-emploi","22":"tag-entreprises","23":"tag-fr","24":"tag-france","25":"tag-grands-patrons","26":"tag-impots","27":"tag-licenciements","28":"tag-meme","29":"tag-monopole","30":"tag-multinationales","31":"tag-news","32":"tag-privatisation","33":"tag-republique-francaise","34":"tag-unio"},"share_on_mastodon":{"url":"https:\/\/pubeurope.com\/@fr\/114697997101955491","error":""},"_links":{"self":[{"href":"https:\/\/www.europesays.com\/fr\/wp-json\/wp\/v2\/posts\/183001","targetHints":{"allow":["GET"]}}],"collection":[{"href":"https:\/\/www.europesays.com\/fr\/wp-json\/wp\/v2\/posts"}],"about":[{"href":"https:\/\/www.europesays.com\/fr\/wp-json\/wp\/v2\/types\/post"}],"author":[{"embeddable":true,"href":"https:\/\/www.europesays.com\/fr\/wp-json\/wp\/v2\/users\/2"}],"replies":[{"embeddable":true,"href":"https:\/\/www.europesays.com\/fr\/wp-json\/wp\/v2\/comments?post=183001"}],"version-history":[{"count":0,"href":"https:\/\/www.europesays.com\/fr\/wp-json\/wp\/v2\/posts\/183001\/revisions"}],"wp:featuredmedia":[{"embeddable":true,"href":"https:\/\/www.europesays.com\/fr\/wp-json\/wp\/v2\/media\/183002"}],"wp:attachment":[{"href":"https:\/\/www.europesays.com\/fr\/wp-json\/wp\/v2\/media?parent=183001"}],"wp:term":[{"taxonomy":"category","embeddable":true,"href":"https:\/\/www.europesays.com\/fr\/wp-json\/wp\/v2\/categories?post=183001"},{"taxonomy":"post_tag","embeddable":true,"href":"https:\/\/www.europesays.com\/fr\/wp-json\/wp\/v2\/tags?post=183001"}],"curies":[{"name":"wp","href":"https:\/\/api.w.org\/{rel}","templated":true}]}}