{"id":183005,"date":"2025-06-17T09:29:18","date_gmt":"2025-06-17T09:29:18","guid":{"rendered":"https:\/\/www.europesays.com\/fr\/183005\/"},"modified":"2025-06-17T09:29:18","modified_gmt":"2025-06-17T09:29:18","slug":"rochetaillee-un-vide-greniers-sous-la-pluie","status":"publish","type":"post","link":"https:\/\/www.europesays.com\/fr\/183005\/","title":{"rendered":"Rochetaill\u00e9e. Un vide-greniers sous la pluie"},"content":{"rendered":"<p>Organis\u00e9 chaque ann\u00e9e par l\u2019\u00c9chauguette du village de Rochetaill\u00e9e, le vide-greniers propose une centaine d\u2019emplacements, sur la place de la Mairie et le parking des Echeneaux. Misant sur le beau temps du mois de juin, les organisateurs avaient pr\u00e9vu un vide-greniers \u00e0 ciel ouvert. Mais c\u2019\u00e9tait sans compter l\u2019\u00e9pisode de pluie battante survenu autour de 11 heures. \u00c0 la mi-journ\u00e9e, beaucoup avaient pli\u00e9 bagage, mais les \u00e9claircies de l\u2019apr\u00e8s-midi ont profit\u00e9 aux plus pers\u00e9v\u00e9rants.<\/p>\n","protected":false},"excerpt":{"rendered":"Organis\u00e9 chaque ann\u00e9e par l\u2019\u00c9chauguette du village de Rochetaill\u00e9e, le vide-greniers propose une centaine d\u2019emplacements, sur la place&hellip;\n","protected":false},"author":2,"featured_media":30227,"comment_status":"","ping_status":"","sticky":false,"template":"","format":"standard","meta":{"footnotes":""},"categories":[9653],"tags":[1111,11,2430,5738,11679,1687,7539,1777,674,1011,27,12,25,32120,4001,9664,3365],"class_list":{"0":"post-183005","1":"post","2":"type-post","3":"status-publish","4":"format-standard","5":"has-post-thumbnail","7":"category-saint-etienne","8":"tag-actu","9":"tag-actualites","10":"tag-auvergne-rhone-alpes","11":"tag-bourses","12":"tag-brocantes","13":"tag-culture-loisirs","14":"tag-edition-loire-sud","15":"tag-eu","16":"tag-europe","17":"tag-fr","18":"tag-france","19":"tag-news","20":"tag-republique-francaise","21":"tag-rochetaillee","22":"tag-saint-etienne","23":"tag-saint-etienne-bassin","24":"tag-vide-greniers"},"share_on_mastodon":{"url":"https:\/\/pubeurope.com\/@fr\/114698004967008319","error":""},"_links":{"self":[{"href":"https:\/\/www.europesays.com\/fr\/wp-json\/wp\/v2\/posts\/183005","targetHints":{"allow":["GET"]}}],"collection":[{"href":"https:\/\/www.europesays.com\/fr\/wp-json\/wp\/v2\/posts"}],"about":[{"href":"https:\/\/www.europesays.com\/fr\/wp-json\/wp\/v2\/types\/post"}],"author":[{"embeddable":true,"href":"https:\/\/www.europesays.com\/fr\/wp-json\/wp\/v2\/users\/2"}],"replies":[{"embeddable":true,"href":"https:\/\/www.europesays.com\/fr\/wp-json\/wp\/v2\/comments?post=183005"}],"version-history":[{"count":0,"href":"https:\/\/www.europesays.com\/fr\/wp-json\/wp\/v2\/posts\/183005\/revisions"}],"wp:featuredmedia":[{"embeddable":true,"href":"https:\/\/www.europesays.com\/fr\/wp-json\/wp\/v2\/media\/30227"}],"wp:attachment":[{"href":"https:\/\/www.europesays.com\/fr\/wp-json\/wp\/v2\/media?parent=183005"}],"wp:term":[{"taxonomy":"category","embeddable":true,"href":"https:\/\/www.europesays.com\/fr\/wp-json\/wp\/v2\/categories?post=183005"},{"taxonomy":"post_tag","embeddable":true,"href":"https:\/\/www.europesays.com\/fr\/wp-json\/wp\/v2\/tags?post=183005"}],"curies":[{"name":"wp","href":"https:\/\/api.w.org\/{rel}","templated":true}]}}