{"id":183008,"date":"2025-06-17T09:31:10","date_gmt":"2025-06-17T09:31:10","guid":{"rendered":"https:\/\/www.europesays.com\/fr\/183008\/"},"modified":"2025-06-17T09:31:10","modified_gmt":"2025-06-17T09:31:10","slug":"ivre-et-en-possession-dheroine-il-insulte-les-policiers","status":"publish","type":"post","link":"https:\/\/www.europesays.com\/fr\/183008\/","title":{"rendered":"ivre et en possession d\u2019h\u00e9ro\u00efne, il insulte les policiers"},"content":{"rendered":"<p>Pas moins de 1,40\u00a0g\/l et en possession de 42\u00a0g d\u2019h\u00e9ro\u00efne. \u00c2g\u00e9 de 37 ans, cet habitant de Neuves-Maisons \u00e9tait venu rendre visite \u00e0 sa petite amie, samedi 14\u00a0juin \u00e0 Nancy.<\/p>\n<p>Peu apr\u00e8s minuit, la police intervenait au domicile de cette Nanc\u00e9ienne de 38 ans dans le cadre de violences conjugales. Des cris avaient \u00e9t\u00e9 entendus. \u00c0 l\u2019arriv\u00e9e de la patrouille devant la porte du logement suspect, la victime en larmes affiche un h\u00e9matome au niveau de l\u2019\u0153il et indique aux policiers que l\u2019individu qui d\u00e9ambule torse nu chez elle, refuse de quitter les lieux.<\/p>\n<p>Invit\u00e9 \u00e0 sortir par la police, le trentenaire alcoolis\u00e9 insulte les fonctionnaires, d\u00e9coche un coup de poing \u00e0 l\u2019un d\u2019eux et se rebelle. Plac\u00e9 en garde \u00e0 vue, le N\u00e9odomien devait \u00eatre jug\u00e9 lundi en comparution imm\u00e9diate.<\/p>\n","protected":false},"excerpt":{"rendered":"Pas moins de 1,40\u00a0g\/l et en possession de 42\u00a0g d\u2019h\u00e9ro\u00efne. \u00c2g\u00e9 de 37 ans, cet habitant de Neuves-Maisons&hellip;\n","protected":false},"author":2,"featured_media":183009,"comment_status":"","ping_status":"","sticky":false,"template":"","format":"standard","meta":{"footnotes":""},"categories":[9635],"tags":[1111,11,271,272,1704,1777,674,274,1011,27,775,3457,1702,1703,12,25],"class_list":{"0":"post-183008","1":"post","2":"type-post","3":"status-publish","4":"format-standard","5":"has-post-thumbnail","7":"category-nancy","8":"tag-actu","9":"tag-actualites","10":"tag-crime","11":"tag-delit-et-contravention","12":"tag-edition-nancy-et-agglomeration","13":"tag-eu","14":"tag-europe","15":"tag-faits-divers-justice","16":"tag-fr","17":"tag-france","18":"tag-grand-est","19":"tag-meurthe-et-moselle","20":"tag-nancy","21":"tag-nancy-ville-54b","22":"tag-news","23":"tag-republique-francaise"},"share_on_mastodon":{"url":"https:\/\/pubeurope.com\/@fr\/114698012823342412","error":""},"_links":{"self":[{"href":"https:\/\/www.europesays.com\/fr\/wp-json\/wp\/v2\/posts\/183008","targetHints":{"allow":["GET"]}}],"collection":[{"href":"https:\/\/www.europesays.com\/fr\/wp-json\/wp\/v2\/posts"}],"about":[{"href":"https:\/\/www.europesays.com\/fr\/wp-json\/wp\/v2\/types\/post"}],"author":[{"embeddable":true,"href":"https:\/\/www.europesays.com\/fr\/wp-json\/wp\/v2\/users\/2"}],"replies":[{"embeddable":true,"href":"https:\/\/www.europesays.com\/fr\/wp-json\/wp\/v2\/comments?post=183008"}],"version-history":[{"count":0,"href":"https:\/\/www.europesays.com\/fr\/wp-json\/wp\/v2\/posts\/183008\/revisions"}],"wp:featuredmedia":[{"embeddable":true,"href":"https:\/\/www.europesays.com\/fr\/wp-json\/wp\/v2\/media\/183009"}],"wp:attachment":[{"href":"https:\/\/www.europesays.com\/fr\/wp-json\/wp\/v2\/media?parent=183008"}],"wp:term":[{"taxonomy":"category","embeddable":true,"href":"https:\/\/www.europesays.com\/fr\/wp-json\/wp\/v2\/categories?post=183008"},{"taxonomy":"post_tag","embeddable":true,"href":"https:\/\/www.europesays.com\/fr\/wp-json\/wp\/v2\/tags?post=183008"}],"curies":[{"name":"wp","href":"https:\/\/api.w.org\/{rel}","templated":true}]}}