{"id":183011,"date":"2025-06-17T09:33:10","date_gmt":"2025-06-17T09:33:10","guid":{"rendered":"https:\/\/www.europesays.com\/fr\/183011\/"},"modified":"2025-06-17T09:33:10","modified_gmt":"2025-06-17T09:33:10","slug":"a-la-garde-les-lucioles-un-projet-au-service-des-enfants","status":"publish","type":"post","link":"https:\/\/www.europesays.com\/fr\/183011\/","title":{"rendered":"\u00c0 La Garde, Les Lucioles, un projet au service des enfants"},"content":{"rendered":"<p>                    <img loading=\"lazy\" decoding=\"async\" src=\"https:\/\/www.europesays.com\/fr\/wp-content\/uploads\/2025\/06\/816069c3d9c7cd8bac0a3b62609696.jpg\" class=\"img-responsive post-image\" width=\"680\" height=\"510\" alt=\"\u00c0 La Garde, Les Lucioles,\" title=\"\u00c0 La Garde, Les Lucioles, un projet au service des enfants\"\/><\/p>\n<p><strong>H\u00e9l\u00e8ne Arnaud-Bill, <\/strong> maire de La Garde, accompagn\u00e9e de Jean-Louis Masson, pr\u00e9sident du D\u00e9partement et de nombreux \u00e9lus, a visit\u00e9 le chantier de la future cr\u00e8che \u00ab\u00a0Les Lucioles\u00a0\u00bb.<br class=\"texte\"\/><br \/>\nUne s\u00e9quence pour faire le point sur un projet ambitieux et novateur qui marque un tournant dans la mani\u00e8re de concevoir des structures d\u2019accueil pour les tout-petits. Dans un souci constant de modernit\u00e9 et d\u2019\u00e9cologie, la Ville innove avec un b\u00e2timent qui met en avant les mat\u00e9riaux biosourc\u00e9s de production fran\u00e7aise. Le montant des travaux s\u2019\u00e9l\u00e8ve \u00e0 2 632 531\u20ac HT, financ\u00e9s par des subventions de divers acteurs institutionnels.<\/p>\n<p>CADRE LUMINEUX<\/p>\n<p>Comme l\u2019a soulign\u00e9 la premi\u00e8re magistrate\u00a0: \u00ab\u00a0 La Garde innove avec un b\u00e2timent totalement con\u00e7u en bois. Cette future structure est \u00e0 la pointe des constructions fonctionnelles nouvelle g\u00e9n\u00e9ration o\u00f9 environnement rime avec bien-\u00eatre. Implant\u00e9e face au futur parc urbain, cette cr\u00e8che \u00e9co-responsable est con\u00e7ue pour s\u2019int\u00e9grer harmonieusement dans son environnement naturel. Elle combine des \u00e9l\u00e9ments architecturaux innovants tels que des panneaux photovolta\u00efques, une pompe \u00e0 chaleur par g\u00e9othermie, une VMC double flux, la r\u00e9cup\u00e9ration des eaux de pluie et une recyclerie pour favoriser la gestion des ressources\u00a0\u00bb.<br class=\"autobr\"\/><br \/>\nD\u2019une superficie de 560 m\u00b2, le lieu b\u00e9n\u00e9ficie d\u2019un \u00e9clairage naturel tout en \u00e9tant prot\u00e9g\u00e9 des rayons directs du soleil. Les espaces de repos, essentiels pour le bien-\u00eatre des enfants, sont \u00e9quip\u00e9s de petites ouvertures pour une a\u00e9ration douce. Les grandes baies vitr\u00e9es sont prot\u00e9g\u00e9es par de larges d\u00e9bords de toiture, permettant \u00e0 l\u2019int\u00e9rieur de profiter d\u2019une lumi\u00e8re douce tout au long de la journ\u00e9e, sans surchauffe.<br class=\"autobr\"\/><br \/>\n\u00ab\u00a0L\u2019agencement du b\u00e2timent a \u00e9t\u00e9 pens\u00e9 pour garantir une s\u00e9curit\u00e9 maximale et pr\u00e9server la tranquillit\u00e9 des enfants. Il n\u2019y a ainsi aucune vue directe depuis l\u2019espace public, ce qui permet de maintenir un environnement calme et serein. Le patio central, qui fait le lien entre les diff\u00e9rents espaces, cr\u00e9e un v\u00e9ritable lieu de vie o\u00f9 la lumi\u00e8re et la v\u00e9g\u00e9tation se m\u00ealent pour offrir un cadre propice \u00e0 l\u2019\u00e9veil\u00a0\u00bb, reprend H\u00e9l\u00e8ne Arnaud-Bill.<\/p>\n<p>\u00c9PANOUISSEMENT<\/p>\n<p>La cr\u00e8che a \u00e9t\u00e9 con\u00e7ue pour r\u00e9pondre aux besoins d\u2019\u00e9panouissement et d\u2019\u00e9veil des tout-petits. Chaque d\u00e9tail, du sol au mobilier, a \u00e9t\u00e9 pens\u00e9 pour cr\u00e9er un cadre doux et harmonieux. La cr\u00e8che encourage la sensibilisation \u00e0 la protection de l\u2019environnement, tout en favorisant l\u2019imagination, la cr\u00e9ativit\u00e9, l\u2019expression personnelle, l\u2019exploration libre, et en tenant compte du rythme de chaque enfant. Les enfants y seront invit\u00e9s \u00e0 participer activement, tout en b\u00e9n\u00e9ficiant d\u2019un espace stimulant pour la d\u00e9couverte sensorielle. Les locaux seront un lieu de d\u00e9veloppement et d\u2019\u00e9panouissement, o\u00f9 les petits Gard\u00e9ens pourront grandir sereinement.<\/p>\n<p>Des financements solides <\/p>\n<p>R\u00e9gion Sud\u00a0: 700 000\u20ac<br class=\"autobr\"\/><br \/>\nCAF\u00a0: 402 000\u20ac<br class=\"autobr\"\/><br \/>\nD\u00e9partement du Var\u00a0: 350 000\u20ac<br class=\"autobr\"\/><br \/>\nL\u2019\u00c9tat via la DSIL\u00a0: 299 999, 95\u20ac<\/p>\n<p>Photo de Une \u00a9PRESSE AGENCE<\/p>\n","protected":false},"excerpt":{"rendered":"H\u00e9l\u00e8ne Arnaud-Bill, maire de La Garde, accompagn\u00e9e de Jean-Louis Masson, pr\u00e9sident du D\u00e9partement et de nombreux \u00e9lus, a&hellip;\n","protected":false},"author":2,"featured_media":183012,"comment_status":"","ping_status":"","sticky":false,"template":"","format":"standard","meta":{"footnotes":""},"categories":[9619],"tags":[1111,11,2408,1777,674,1011,27,12,882,25,2310],"class_list":{"0":"post-183011","1":"post","2":"type-post","3":"status-publish","4":"format-standard","5":"has-post-thumbnail","7":"category-toulon","8":"tag-actu","9":"tag-actualites","10":"tag-appels-d","11":"tag-eu","12":"tag-europe","13":"tag-fr","14":"tag-france","15":"tag-news","16":"tag-provence-alpes-cote-dazur","17":"tag-republique-francaise","18":"tag-toulon"},"share_on_mastodon":{"url":"https:\/\/pubeurope.com\/@fr\/114698020758888994","error":""},"_links":{"self":[{"href":"https:\/\/www.europesays.com\/fr\/wp-json\/wp\/v2\/posts\/183011","targetHints":{"allow":["GET"]}}],"collection":[{"href":"https:\/\/www.europesays.com\/fr\/wp-json\/wp\/v2\/posts"}],"about":[{"href":"https:\/\/www.europesays.com\/fr\/wp-json\/wp\/v2\/types\/post"}],"author":[{"embeddable":true,"href":"https:\/\/www.europesays.com\/fr\/wp-json\/wp\/v2\/users\/2"}],"replies":[{"embeddable":true,"href":"https:\/\/www.europesays.com\/fr\/wp-json\/wp\/v2\/comments?post=183011"}],"version-history":[{"count":0,"href":"https:\/\/www.europesays.com\/fr\/wp-json\/wp\/v2\/posts\/183011\/revisions"}],"wp:featuredmedia":[{"embeddable":true,"href":"https:\/\/www.europesays.com\/fr\/wp-json\/wp\/v2\/media\/183012"}],"wp:attachment":[{"href":"https:\/\/www.europesays.com\/fr\/wp-json\/wp\/v2\/media?parent=183011"}],"wp:term":[{"taxonomy":"category","embeddable":true,"href":"https:\/\/www.europesays.com\/fr\/wp-json\/wp\/v2\/categories?post=183011"},{"taxonomy":"post_tag","embeddable":true,"href":"https:\/\/www.europesays.com\/fr\/wp-json\/wp\/v2\/tags?post=183011"}],"curies":[{"name":"wp","href":"https:\/\/api.w.org\/{rel}","templated":true}]}}