{"id":183013,"date":"2025-06-17T09:34:09","date_gmt":"2025-06-17T09:34:09","guid":{"rendered":"https:\/\/www.europesays.com\/fr\/183013\/"},"modified":"2025-06-17T09:34:09","modified_gmt":"2025-06-17T09:34:09","slug":"le-sms-de-jefferson-poirot-a-un-joueur-de-toulon-avant-la-demi-finale-de-top-14","status":"publish","type":"post","link":"https:\/\/www.europesays.com\/fr\/183013\/","title":{"rendered":"Le SMS de Jefferson Poirot \u00e0 un joueur de Toulon avant la demi-finale de Top 14"},"content":{"rendered":"<p>            Par<br \/>\n        <strong><br \/>\n            <a href=\"https:\/\/actu.fr\/auteur\/thomas-corbet-actu-fr\" title=\"Consulter tous les articles de Thomas Corbet\" target=\"_blank\" rel=\"noopener\">Thomas Corbet<\/a><br \/>\n        <\/strong><\/p>\n<p>        Publi\u00e9 le<\/p>\n<p>            17 juin 2025 \u00e0 10h30        <\/p>\n<p>L\u2019heure des <strong>retrouvailles avec le RCT<\/strong> approche (samedi 21 juin \u00e0 21h05) alors que la seconde demi-finale de la saison se profile pour <a href=\"https:\/\/actu.fr\/rugby\/equipe\/bordeaux-begles_64dd31517b8c09c4fec880dd\/\" target=\"_blank\" rel=\"noopener\">Bordeaux-B\u00e8gles<\/a> en Top 14, pour laquelle les Girondins ne s\u2019estiment <a href=\"https:\/\/actu.fr\/nouvelle-aquitaine\/bordeaux_33063\/en-top-14-on-est-toujours-des-puceaux-pourquoi-bordeaux-begles-refuse-le-statut-de-favori_62779919.html\" target=\"_blank\" rel=\"noopener\">pas favoris<\/a>. Avant ce rendez-vous crucial, le pilier de l\u2019UBB <a href=\"https:\/\/actu.fr\/rugby\/joueur\/poirot_64e096197b8c09c4fed02e1e\/\" target=\"_blank\" rel=\"noopener\">Jefferson Poirot<\/a> a envoy\u00e9 un <strong>SMS \u00e0 un joueur de Toulon<\/strong> afin de prendre rendez-vous.\u00a0<\/p>\n<p>Jefferson Poirot a pris rendez-vous avec Toulon par SMS<\/p>\n<p class=\" wall-content\">\u00ab\u00a0Le rugby, c\u2019est l\u2019histoire d\u2019un ballon avec des copains autour et quand il n\u2019y a plus de ballon, il reste les copains\u00a0\u00bb, disait Jean-Pierre Rives. Pour ne pas contredire l\u2019ancien flanker, et bien que Jefferson Poirot et <a href=\"https:\/\/actu.fr\/rugby\/joueur\/serin_64ea343edf93c276aa33ff58\/\" target=\"_blank\" rel=\"noopener\">Baptiste Serin<\/a> doivent d\u00e9sormais se battre pour le m\u00eame ballon, les deux joueurs restent manifestement tr\u00e8s proches.<\/p>\n<p class=\" wall-content\">Pas \u00e9tonnant donc que le pilier bordelais ait envoy\u00e9 un SMS \u00e0 son pote avant son barrage contre Castres. Pour lui souhaiter bonne chance, mais aussi pour lui donner rendez-vous.<\/p>\n<p class=\" wall-content\">\u00ab\u00a0Je lui ai souhait\u00e9 le meilleur avant le barrage. Et pour tout vous dire, je lui ai envoy\u00e9 \u00ab\u00a0m\u00eame si tu seras probablement l\u2019adversaire le plus difficile \u00e0 battre en demie, je te souhaite un bon barrage et \u00e0 la semaine prochaine\u00a0\u00bb\u00a0\u00bb, a expliqu\u00e9 le r\u00e9cent vainqueur de la Champions Cup.<\/p>\n<p>Une amiti\u00e9 qui dure<\/p>\n<p class=\" wall-content\">Baptiste Serin et Jefferson Poirot, c\u2019est une histoire qui dure depuis que le pilier n\u00e9 en r\u00e9gion parisienne a rejoint l\u2019UBB en 2012, club o\u00f9 les deux hommes se sont c\u00f4toy\u00e9s jusqu\u2019en 2019 quand le demi de m\u00eal\u00e9e \u00e0 rejoint Toulon. Un choix qui l\u2019a d\u2019ailleurs priv\u00e9 de l\u2019essor d\u00e9finitive de l\u2019\u00e9quipe de Yannick Bru.<\/p>\n<p class=\" wall-content\">\u00ab\u00a0Ce qui est bien avec Baptiste, c\u2019est qu\u2019il est surtout tr\u00e8s content pour nous. C\u2019est quelqu\u2019un qui est hyper joyeux, qui t\u2019encourage, m\u00eame si beaucoup de joueurs pourraient se dire \u00ab\u00a0si j\u2019\u00e9tais rest\u00e9\u00a0\u00bb ou autre\u2026 Mais lui, il n\u2019y a pas du tout de \u00e7a.\u00a0Pour lui, c\u2019est son chemin, c\u2019est une autre histoire. Je ne le sens pas envieux, mais content pour nous\u00a0\u00bb, sourit Jefferson Poirot.<\/p>\n<p>Vid\u00e9os : en ce moment sur Actu<\/p>\n<p class=\" wall-content\">\u00ab\u00a0\u00c0 titre personnel, si on sort du contexte du match, je suis tr\u00e8s content pour lui et pour les saisons qu\u2019il r\u00e9alise. Je trouve que \u00e7a r\u00e9compense vraiment ce qu\u2019il fait depuis qu\u2019il est arriv\u00e9 \u00e0 Toulon. Si on peut sortir un peu du contexte du match, je suis content pour lui\u00a0\u00bb, termine le pilier.<\/p>\n<p class=\" wall-content\">Suivez toute l\u2019actualit\u00e9 de vos villes et m\u00e9dias favoris en vous inscrivant \u00e0 <a href=\"https:\/\/moncompte.actu.fr\" title=\"D\u00e9couvez Mon Actu\" rel=\"nofollow noopener\" data-trk=\"{&quot;cta&quot;:{&quot;action&quot;:&quot;https:\\\/\\\/moncompte.actu.fr&quot;,&quot;category&quot;:&quot;mon compte&quot;,&quot;from&quot;:&quot;article footer&quot;,&quot;name&quot;:&quot;Mon actu&quot;,&quot;type&quot;:&quot;cta&quot;}}\" target=\"_blank\">Mon Actu<\/a>.<\/p>\n","protected":false},"excerpt":{"rendered":"Par Thomas Corbet Publi\u00e9 le 17 juin 2025 \u00e0 10h30 L\u2019heure des retrouvailles avec le RCT approche (samedi&hellip;\n","protected":false},"author":2,"featured_media":183014,"comment_status":"","ping_status":"","sticky":false,"template":"","format":"standard","meta":{"footnotes":""},"categories":[9619],"tags":[1111,11,4920,1777,674,1011,27,12,882,6717,25,479,60,478,2310,4435],"class_list":{"0":"post-183013","1":"post","2":"type-post","3":"status-publish","4":"format-standard","5":"has-post-thumbnail","7":"category-toulon","8":"tag-actu","9":"tag-actualites","10":"tag-baptiste-serin","11":"tag-eu","12":"tag-europe","13":"tag-fr","14":"tag-france","15":"tag-news","16":"tag-provence-alpes-cote-dazur","17":"tag-rct-rugby-club-toulonnais","18":"tag-republique-francaise","19":"tag-rugby","20":"tag-sports","21":"tag-top-14","22":"tag-toulon","23":"tag-ubb-union-bordeaux-begles"},"share_on_mastodon":{"url":"https:\/\/pubeurope.com\/@fr\/114698024594252623","error":""},"_links":{"self":[{"href":"https:\/\/www.europesays.com\/fr\/wp-json\/wp\/v2\/posts\/183013","targetHints":{"allow":["GET"]}}],"collection":[{"href":"https:\/\/www.europesays.com\/fr\/wp-json\/wp\/v2\/posts"}],"about":[{"href":"https:\/\/www.europesays.com\/fr\/wp-json\/wp\/v2\/types\/post"}],"author":[{"embeddable":true,"href":"https:\/\/www.europesays.com\/fr\/wp-json\/wp\/v2\/users\/2"}],"replies":[{"embeddable":true,"href":"https:\/\/www.europesays.com\/fr\/wp-json\/wp\/v2\/comments?post=183013"}],"version-history":[{"count":0,"href":"https:\/\/www.europesays.com\/fr\/wp-json\/wp\/v2\/posts\/183013\/revisions"}],"wp:featuredmedia":[{"embeddable":true,"href":"https:\/\/www.europesays.com\/fr\/wp-json\/wp\/v2\/media\/183014"}],"wp:attachment":[{"href":"https:\/\/www.europesays.com\/fr\/wp-json\/wp\/v2\/media?parent=183013"}],"wp:term":[{"taxonomy":"category","embeddable":true,"href":"https:\/\/www.europesays.com\/fr\/wp-json\/wp\/v2\/categories?post=183013"},{"taxonomy":"post_tag","embeddable":true,"href":"https:\/\/www.europesays.com\/fr\/wp-json\/wp\/v2\/tags?post=183013"}],"curies":[{"name":"wp","href":"https:\/\/api.w.org\/{rel}","templated":true}]}}