{"id":183022,"date":"2025-06-17T09:41:08","date_gmt":"2025-06-17T09:41:08","guid":{"rendered":"https:\/\/www.europesays.com\/fr\/183022\/"},"modified":"2025-06-17T09:41:08","modified_gmt":"2025-06-17T09:41:08","slug":"la-canicule-arrive-voici-ou-les-temperatures-seront-les-plus-elevees","status":"publish","type":"post","link":"https:\/\/www.europesays.com\/fr\/183022\/","title":{"rendered":"la canicule arrive, voici o\u00f9 les temp\u00e9ratures seront les plus \u00e9lev\u00e9es"},"content":{"rendered":"<p>            Par<br \/>\n        <strong><br \/>\n            <a href=\"https:\/\/actu.fr\/auteur\/redaction-grenoble\" title=\"Consulter tous les articles de R\u00e9daction Grenoble\" rel=\"nofollow noopener\" target=\"_blank\">R\u00e9daction Grenoble<\/a><br \/>\n        <\/strong><\/p>\n<p>        Publi\u00e9 le<\/p>\n<p>            17 juin 2025 \u00e0 10h32        <\/p>\n<p>Le mot n\u2019a pas encore \u00e9t\u00e9 officiellement prononc\u00e9, malgr\u00e9 <a href=\"https:\/\/actu.fr\/auvergne-rhone-alpes\/grenoble_38185\/isere-un-gros-pic-de-chaleur-arrive-l-alerte-canicule-activee-les-secteurs-concernes_62761102.html\" rel=\"nofollow noopener\" target=\"_blank\">des alertes<\/a> et les premi\u00e8res grosses chaleurs de l\u2019\u00e9t\u00e9 de ce d\u00e9but du mois de juin, mais cette fois-ci, cela a de tr\u00e8s fortes chances d\u2019arriver.<\/p>\n<p class=\" wall-content\">Plusieurs mod\u00e8les pr\u00e9visionnels m\u00e9t\u00e9orologiques annoncent une <strong>premier \u00e9pisode de canicule<\/strong> pour l\u2019<a href=\"https:\/\/actu.fr\/auvergne-rhone-alpes\/isere_38\" rel=\"nofollow noopener\" target=\"_blank\">Is\u00e8re<\/a> d\u2019ici la fin de semaine. Voici o\u00f9 le mercure devrait le plus grimper.<\/p>\n<p>Jusqu\u2019\u00e0 35\u00b0C \u00e0 Grenoble d\u00e8s samedi<\/p>\n<p class=\" wall-content\">Si les temp\u00e9ratures devraient augmenter progressivement d\u00e8s ce mardi 17 juin \u2013 avec <strong>jusqu\u2019\u00e0 29\u00b0C \u00e0 Grenoble ou Vienne<\/strong> -, le pic est attendu pour entre vendredi 20 et samedi 21 juin, pile \u00e0 temps pour la <a href=\"https:\/\/actu.fr\/auvergne-rhone-alpes\/grenoble_38185\/fete-de-la-musique-2025-a-grenoble-cinq-concerts-gratuits-selectionnes-pour-vous_62764366.html\" rel=\"nofollow noopener\" target=\"_blank\">F\u00eate de la musique<\/a>.<\/p>\n<p class=\" wall-content\">\u00ab\u00a0Les temp\u00e9ratures <strong>d\u00e9passeront certainement 35\u00b0C<\/strong> \u00e0 partir de vendredi ou samedi, et au moins jusqu\u2019au mercredi 25 ou jeudi 26 juin\u00a0\u00bb, pr\u00e9vient <a href=\"https:\/\/www.facebook.com\/meteocentreisere\" rel=\"nofollow noopener\" target=\"_blank\">M\u00e9t\u00e9o Centre-Is\u00e8re<\/a>. Les pr\u00e9visions de <a href=\"https:\/\/meteofrance.com\/previsions-meteo-france\/isere\/38\" rel=\"nofollow noopener\" target=\"_blank\">M\u00e9t\u00e9o France<\/a> annoncent \u00e9galement 35\u00b0C \u00e0 Grenoble d\u00e8s le samedi, avec au-dessous des 30\u00b0C en plaine pour le week-end.<\/p>\n<p>Pic de chaleur, vague de chaleur ou canicule ?<\/p>\n<p>M\u00e9t\u00e9o France parle d&rsquo;un pic de chaleur lorsque \u00ab\u00a0les temp\u00e9ratures sont nettement sup\u00e9rieures aux normales de saison\u00a0\u00bb pendant 24 \u00e0 48h. Le terme vague de chaleur est utilis\u00e9 quand le mercure plus \u00e9lev\u00e9 sur les normales de saison pendant plusieurs jours \u00e0 l&rsquo;\u00e9chelle nationale. <br \/>On parle de canicule \u00e0 l&rsquo;\u00e9chelle d&rsquo;un d\u00e9partement lorsque les temp\u00e9ratures sont \u00ab\u00a0\u00e9lev\u00e9es de jour, comme de nuit sur une p\u00e9riode prolong\u00e9e (au moins 3 jours)\u00a0\u00bb, avec des risques sanitaires pour les personnes fragiles. C&rsquo;est ce qui pourrait se produire d\u00e8s le week-end du 21 juin en Is\u00e8re.<\/p>\n<p>Vid\u00e9os : en ce moment sur Actu<\/p>\n<p class=\" wall-content\">Les <strong>temp\u00e9ratures nocturnes<\/strong> devraient elles aussi rester \u00e9lev\u00e9es. \u00ab\u00a0Les nuits seront difficiles en villes avec des temp\u00e9ratures minimales souvent <strong>sup\u00e9rieures \u00e0 20\u00b0C<\/strong>\u00ab\u00a0, continue M\u00e9t\u00e9o Centre-Is\u00e8re. Et c\u2019est vers le bassin lyonnais (<a href=\"https:\/\/actu.fr\/auvergne-rhone-alpes\/villefontaine_38553\" rel=\"nofollow noopener\" target=\"_blank\">Villefontaine<\/a>, Bourgoin-Jallieu) que les nuits devraient \u00eatre les plus chaudes, avec <strong>25\u00b0C<\/strong> dans la nuit de dimanche \u00e0 lundi.<\/p>\n<p>Des \u00e9pisodes fortes chaleurs de plus en plus t\u00f4t<\/p>\n<p class=\" wall-content\">Ce n\u2019est pas le premier coup de chaud de l\u2019ann\u00e9e, comme le rappelle M\u00e9t\u00e9o France. Le pic de chaleur de d\u00e9but juin \u00ab\u00a0notable par son intensit\u00e9\u00a0\u00bb n\u2019est pas pour autant \u00ab\u00a0in\u00e9dit\u00a0\u00bb.\u00a0<\/p>\n<blockquote class=\"ac-article-quote wall-content\">\n<p>Sous l\u2019effet du changement climatique, on observe des \u00e9v\u00e9nements de forte chaleur de plus en plus t\u00f4t dans la saison, d\u00e8s la mi-juin \u00e0 l\u2019\u00e9chelle nationale (comme en 2005 ou en 2022) et aussi de plus en plus tard dans la saison, apr\u00e8s le 15 ao\u00fbt (depuis 2001).<\/p>\n<p>    <strong>M\u00e9t\u00e9o France<\/strong>\n            <\/p><\/blockquote>\n<p class=\" wall-content\">Le service de m\u00e9t\u00e9orologie public indique \u00e9galement que \u00ab\u00a0la vague de chaleur la plus pr\u00e9coce a commenc\u00e9 le 15 juin 2022. La temp\u00e9rature la plus \u00e9lev\u00e9e mesur\u00e9e en France a \u00e9t\u00e9 atteinte fin juin, le 28 juin 2019 avec 46 \u00b0C \u00e0 Verargues (H\u00e9rault).\u00a0\u00bb\u00a0<\/p>\n<p class=\" wall-content\">Suivez toute l\u2019actualit\u00e9 de vos villes et m\u00e9dias favoris en vous inscrivant \u00e0 <a href=\"https:\/\/moncompte.actu.fr\" title=\"D\u00e9couvez Mon Actu\" rel=\"nofollow noopener\" data-trk=\"{&quot;cta&quot;:{&quot;action&quot;:&quot;https:\\\/\\\/moncompte.actu.fr&quot;,&quot;category&quot;:&quot;mon compte&quot;,&quot;from&quot;:&quot;article footer&quot;,&quot;name&quot;:&quot;Mon actu&quot;,&quot;type&quot;:&quot;cta&quot;}}\" target=\"_blank\">Mon Actu<\/a>.<\/p>\n","protected":false},"excerpt":{"rendered":"Par R\u00e9daction Grenoble Publi\u00e9 le 17 juin 2025 \u00e0 10h32 Le mot n\u2019a pas encore \u00e9t\u00e9 officiellement prononc\u00e9,&hellip;\n","protected":false},"author":2,"featured_media":183023,"comment_status":"","ping_status":"","sticky":false,"template":"","format":"standard","meta":{"footnotes":""},"categories":[9566],"tags":[1111,11,2430,6698,1777,674,1011,27,2731,2487,2357,12,25,15637],"class_list":{"0":"post-183022","1":"post","2":"type-post","3":"status-publish","4":"format-standard","5":"has-post-thumbnail","7":"category-grenoble","8":"tag-actu","9":"tag-actualites","10":"tag-auvergne-rhone-alpes","11":"tag-canicule","12":"tag-eu","13":"tag-europe","14":"tag-fr","15":"tag-france","16":"tag-grenoble","17":"tag-meteo","18":"tag-meteo-france","19":"tag-news","20":"tag-republique-francaise","21":"tag-vague-de-chaleur"},"share_on_mastodon":{"url":"https:\/\/pubeurope.com\/@fr\/114698052263367835","error":""},"_links":{"self":[{"href":"https:\/\/www.europesays.com\/fr\/wp-json\/wp\/v2\/posts\/183022","targetHints":{"allow":["GET"]}}],"collection":[{"href":"https:\/\/www.europesays.com\/fr\/wp-json\/wp\/v2\/posts"}],"about":[{"href":"https:\/\/www.europesays.com\/fr\/wp-json\/wp\/v2\/types\/post"}],"author":[{"embeddable":true,"href":"https:\/\/www.europesays.com\/fr\/wp-json\/wp\/v2\/users\/2"}],"replies":[{"embeddable":true,"href":"https:\/\/www.europesays.com\/fr\/wp-json\/wp\/v2\/comments?post=183022"}],"version-history":[{"count":0,"href":"https:\/\/www.europesays.com\/fr\/wp-json\/wp\/v2\/posts\/183022\/revisions"}],"wp:featuredmedia":[{"embeddable":true,"href":"https:\/\/www.europesays.com\/fr\/wp-json\/wp\/v2\/media\/183023"}],"wp:attachment":[{"href":"https:\/\/www.europesays.com\/fr\/wp-json\/wp\/v2\/media?parent=183022"}],"wp:term":[{"taxonomy":"category","embeddable":true,"href":"https:\/\/www.europesays.com\/fr\/wp-json\/wp\/v2\/categories?post=183022"},{"taxonomy":"post_tag","embeddable":true,"href":"https:\/\/www.europesays.com\/fr\/wp-json\/wp\/v2\/tags?post=183022"}],"curies":[{"name":"wp","href":"https:\/\/api.w.org\/{rel}","templated":true}]}}