{"id":183035,"date":"2025-06-17T09:48:16","date_gmt":"2025-06-17T09:48:16","guid":{"rendered":"https:\/\/www.europesays.com\/fr\/183035\/"},"modified":"2025-06-17T09:48:16","modified_gmt":"2025-06-17T09:48:16","slug":"la-ville-de-nantes-se-dote-dune-graineterie-pour-produire-des-propres-vegetaux","status":"publish","type":"post","link":"https:\/\/www.europesays.com\/fr\/183035\/","title":{"rendered":"La ville de Nantes se dote d\u2019une graineterie pour produire des propres v\u00e9g\u00e9taux"},"content":{"rendered":"<p>Il suffit de se balader dans la ville pour le voir. <a href=\"https:\/\/nantes.maville.com\/actu\/actudet_-un-horizon-tres-nature-pour-l-ile-de-nantes-les-ilots-de-chaleur-laisse-beton-_52716-6561164_actu.Htm\" target=\"_self\" rel=\"noopener\">La nature y a de plus en plus sa place.<\/a> Le futur parc-archipel, place de la Petite-Hollande, les jardins de l\u2019Estuaire entre le quartier R\u00e9publique et le quai des Antilles, la cr\u00e9ation d\u2019un petit jardin face \u00e0 l\u2019h\u00f4tel de ville \u00e0 la place d\u2019un parking\u2026 <strong>\u00ab\u00a0Jusqu\u2019ici, on achetait nos graines \u00e0 des semenciers. Vu la forte demande, ils sont tr\u00e8s sollicit\u00e9s et sont oblig\u00e9s de fonctionner \u00e0 plein r\u00e9gime,<\/strong> explique C\u00e9cile Bir, adjointe en charge des plans paysagers et patrimoine. <strong>La qualit\u00e9 des graines s\u2019appauvrit.<\/strong>\u00a0<strong>Les plants disponibles se font rares. Dans le m\u00eame temps, les co\u00fbts de production et des v\u00e9g\u00e9taux augmentent. Renforcer notre autonomie locale en mati\u00e8re de production v\u00e9g\u00e9tale est un vrai enjeu.\u00a0\u00bb<\/strong><\/p>\n<p>D\u2019autant qu\u2019il faut faire avec la variabilit\u00e9 climatique. <strong>\u00ab\u00a0Les s\u00e9cheresses, les inondations ainsi que la conjoncture \u00e9conomique affectent l\u2019approvisionnement pour pr\u00e8s de la moiti\u00e9 des essences utilis\u00e9es dans les plantations en France\u00a0\u00bb,<\/strong> indique la Ville.<\/p>\n<p>D\u2019o\u00f9 le souhait de cr\u00e9er une graineterie municipale. D\u2019autant que la Ville b\u00e9n\u00e9ficie d\u00e9j\u00e0 d\u2019un bel outil de production.<strong> \u00ab\u00a0On a une grande p\u00e9pini\u00e8re au parc du Grand-Blottereau,<\/strong> rappelle l\u2019\u00e9lue. <strong>Sur douze\u00a0hectares, 400\u00a0000\u00a0plantes y sont produites, 35\u00a0000\u00a0arbustes, 800 \u00e0 1\u00a0000\u00a0arbres\u2026\u00a0\u00bb<\/strong> Concernant la floriculture, 310\u00a0000\u00a0plantes et 60\u00a0000\u00a0plants potagers sont cultiv\u00e9es \u00e0 partir de graines achet\u00e9es.<\/p>\n<p>Des v\u00e9g\u00e9taux adapt\u00e9s aux conditions locales<\/p>\n<p>L\u2019enjeu\u00a0est\u00a0de ma\u00eetriser l\u2019ensemble du processus de production, pour <a href=\"https:\/\/nantes.maville.com\/actu\/actudet_-a-nantes-les-arbres-offrent-un-tableau-vegetal-en-evolution-et-des-lieux-ombrages-en-ville-_52716-6353795_actu.Htm\" target=\"_self\" rel=\"noopener\">les plantations de la ville et de la m\u00e9tropole.<\/a> <strong>\u00ab\u00a0De la graine \u00e0 la plante\u00a0\u00bb, <\/strong>r\u00e9sume C\u00e9cile Bir. Pour des v\u00e9g\u00e9taux locaux. <strong>\u00ab\u00a0On souhaite avoir une gamme de v\u00e9g\u00e9taux adapt\u00e9s \u00e0 notre \u00e9cosyst\u00e8me local. On va ainsi r\u00e9colter des graines qui poussent bien dans nos territoires. Ce qui, en plus, permettra de faire des \u00e9conomies d\u2019eau.\u00a0\u00bb<\/strong><\/p>\n<p>La graineterie permettra aussi, pointe-t-elle, de valoriser des semences locales rares et de r\u00e9duire les co\u00fbts d\u2019achat de graines, <strong>\u00ab\u00a0qui atteignent actuellement 80\u00a0000\u00a0\u20ac par an\u00a0\u00bb.<\/strong> Une fa\u00e7on de <strong>\u00ab\u00a0reprendre la main\u00a0\u00bb.<\/strong><\/p>\n<p>Le site de la future graineterie est tout trouv\u00e9 avec le parc du Grand-Blottereau. La Ville souhaite en faire une r\u00e9f\u00e9rence en mati\u00e8re de production v\u00e9g\u00e9tale durable. Un b\u00e2timent de 200\u00a0m\u00b2\u00a0va \u00eatre construit au c\u0153ur du parc. Il comprendra une zone de r\u00e9ception et s\u00e9chage des graines, des locaux pour le tri, le nettoyage et le conditionnement, un espace de stockage, une salle de travail pour les \u00e9quipes. La Ville s\u2019est rapproch\u00e9e du conseil r\u00e9gional qui doit agrandir le lyc\u00e9e horticole. La graineterie y sera int\u00e9gr\u00e9e. Co\u00fbt de l\u2019op\u00e9ration\u00a0: 800\u00a0000\u00a0\u20ac.<\/p>\n<p>\u00a0<\/p>\n","protected":false},"excerpt":{"rendered":"Il suffit de se balader dans la ville pour le voir. La nature y a de plus en&hellip;\n","protected":false},"author":2,"featured_media":183036,"comment_status":"","ping_status":"","sticky":false,"template":"","format":"standard","meta":{"footnotes":""},"categories":[2818],"tags":[1111,11,32121,1777,674,1011,27,32122,766,12,2636,31989,32123,25,32124,4824],"class_list":{"0":"post-183035","1":"post","2":"type-post","3":"status-publish","4":"format-standard","5":"has-post-thumbnail","7":"category-nantes","8":"tag-actu","9":"tag-actualites","10":"tag-dote","11":"tag-eu","12":"tag-europe","13":"tag-fr","14":"tag-france","15":"tag-graineterie","16":"tag-nantes","17":"tag-news","18":"tag-pays-de-la-loire","19":"tag-produire","20":"tag-propres","21":"tag-republique-francaise","22":"tag-vegetaux","23":"tag-ville"},"share_on_mastodon":{"url":"https:\/\/pubeurope.com\/@fr\/114698079955235349","error":""},"_links":{"self":[{"href":"https:\/\/www.europesays.com\/fr\/wp-json\/wp\/v2\/posts\/183035","targetHints":{"allow":["GET"]}}],"collection":[{"href":"https:\/\/www.europesays.com\/fr\/wp-json\/wp\/v2\/posts"}],"about":[{"href":"https:\/\/www.europesays.com\/fr\/wp-json\/wp\/v2\/types\/post"}],"author":[{"embeddable":true,"href":"https:\/\/www.europesays.com\/fr\/wp-json\/wp\/v2\/users\/2"}],"replies":[{"embeddable":true,"href":"https:\/\/www.europesays.com\/fr\/wp-json\/wp\/v2\/comments?post=183035"}],"version-history":[{"count":0,"href":"https:\/\/www.europesays.com\/fr\/wp-json\/wp\/v2\/posts\/183035\/revisions"}],"wp:featuredmedia":[{"embeddable":true,"href":"https:\/\/www.europesays.com\/fr\/wp-json\/wp\/v2\/media\/183036"}],"wp:attachment":[{"href":"https:\/\/www.europesays.com\/fr\/wp-json\/wp\/v2\/media?parent=183035"}],"wp:term":[{"taxonomy":"category","embeddable":true,"href":"https:\/\/www.europesays.com\/fr\/wp-json\/wp\/v2\/categories?post=183035"},{"taxonomy":"post_tag","embeddable":true,"href":"https:\/\/www.europesays.com\/fr\/wp-json\/wp\/v2\/tags?post=183035"}],"curies":[{"name":"wp","href":"https:\/\/api.w.org\/{rel}","templated":true}]}}