{"id":183037,"date":"2025-06-17T09:49:12","date_gmt":"2025-06-17T09:49:12","guid":{"rendered":"https:\/\/www.europesays.com\/fr\/183037\/"},"modified":"2025-06-17T09:49:12","modified_gmt":"2025-06-17T09:49:12","slug":"la-traversee-bretonne-visite-saint-nazaire","status":"publish","type":"post","link":"https:\/\/www.europesays.com\/fr\/183037\/","title":{"rendered":"La Travers\u00e9e Bretonne visite Saint-Nazaire"},"content":{"rendered":"<p>Publi\u00e9 par Soizick David, le 17 Juin 2025 \u00e0 11:13<\/p>\n<p itemprop=\"description\" class=\"chapo\">Le nouvel itin\u00e9raire \u00e0 vivre \u00e0 v\u00e9lo, sur la route, ou \u00e0 pied, est lanc\u00e9 par Destination Rennes, Le Voyage \u00e0 Nantes, Saint-Nazaire Renversante, l&rsquo;Office de tourisme La Baule Presqu\u2019\u00eele de Gu\u00e9rande, et Terres \u00c9meraude.<\/p>\n<p>\nLa premi\u00e8re \u00e9tape de l&rsquo;itin\u00e9raire \u00e0 v\u00e9lo La Travers\u00e9e Bretonne s&rsquo;arr\u00eate \u00e0 Saint-Nazaire \u00a9 SaintNazaireNews.fr\n<\/p>\n<p>Avis aux amateurs de guidon, de grand air et de paysages bretons : une nouvelle aventure cyclable voit le jour ! Et son passage par la Loire-Atlantique ne sera pas pour d\u00e9plaire aux militants d&rsquo;une Bretagne \u00e0 5 d\u00e9partements\u2026 Ce mardi 17 juin, cet itin\u00e9raire pas comme les autres a \u00e9t\u00e9 inaugur\u00e9 les pneus bien gonfl\u00e9s et les vitesses enclench\u00e9es ! Le parcours se d\u00e9cline \u00e9galement en version road trip, ou randonn\u00e9e.<\/p>\n<p>Une nouvelle exp\u00e9rience de voyage<\/p>\n<p>La Travers\u00e9e Bretonne, qu\u2019est-ce que c\u2019est, au juste ? Imaginez un parcours \u00e0 v\u00e9lo de 500 kilom\u00e8tres, qui r\u00e9unit en un seul voyage les plus grands itin\u00e9raires cyclables de l\u2019Ouest : la Loire \u00e0 V\u00e9lo, <a href=\"https:\/\/www.saintnazairenews.fr\/news\/saint-nazaire-une-balade-a-velo-inaugurale-du-nouvel-itineraire-velideale\" target=\"_blank\" rel=\"noopener\">la V\u00e9lid\u00e9ale<\/a>, la V\u00e9loc\u00e9an, la V42 et la V\u00e9lomaritime. Reliant Nantes au Mont-Saint-Michel, il passe par des noms qui chantent l\u2019\u00e9vasion : <a href=\"https:\/\/www.saintnazairenews.fr\/news\/saint-nazaire-ouvre-la-premiere-station-velo-de-nature-de-france-au-bois-joalland\" target=\"_blank\" rel=\"noopener\">Saint-Nazaire<\/a>, La Baule, Rennes, Dinan, Dinard ou encore Saint-Malo. De l\u2019Atlantique \u00e0 la Manche, les mollets filent sur des itin\u00e9raires balis\u00e9s et voies vertes. Et parce que la Bretagne ne serait pas la Bretagne sans un brin de fantaisie, cette travers\u00e9e est aussi artistique ! Installations, performances, clins d\u2019\u0153il cr\u00e9atifs : les cyclistes sont invit\u00e9s \u00e0 s&rsquo;\u00e9merveiller au cours de leurs \u00e9tapes et \u00e0 d\u00e9couvrir de bonnes adresses.<\/p>\n<p>L&rsquo;itin\u00e9raire du d\u00e9part de Nantes<\/p>\n<p>La premi\u00e8re \u00e9tape entre Nantes et Saint-Nazaire fl\u00e2ne des Machines de l&rsquo;\u00eele de Nantes au Ch\u00e2teau des Ducs de Bretagne, suit la ligne verte du voyage \u00e0 Nantes, puis prend le bateau \u00e0 Trentemoult, et longe la Loire, \u00e0 la d\u00e9couverte des 33 oeuvres du Parcours Artistique Estuaire. La premi\u00e8re \u00e9tape s&rsquo;arr\u00eate \u00e0 Saint-Nazaire o\u00f9 s&rsquo;ach\u00e8ve cette collection singuli\u00e8re avec <a href=\"https:\/\/www.saintnazairenews.fr\/news\/saint-nazaire-le-pull-over-de-la-place-du-commando-est-un-lacoste\" target=\"_blank\" rel=\"noopener\">Le Pull, Le Pied et L&rsquo;Intestin<\/a>. Direction ensuite La Baule et la Presqu&rsquo;\u00eele de Gu\u00e9rande, puis P\u00e9nestin, La Roche-Bernard, F\u00e9gr\u00e9ac, Redon. L&rsquo;aventure se poursuit ensuite jusqu&rsquo;au Mont-Saint-Michel, dans une travers\u00e9e des terres int\u00e9rieures au rythme de la petite reine.<\/p>\n<\/p>\n<p>Version route ou randonn\u00e9e<\/p>\n<p>La Travers\u00e9e Bretonne peut \u00e9galement se vivre fa\u00e7on road trip sur 1 semaine en 6 \u00e9tapes pour d\u00e9couvrir de bonnes adresses. Et bient\u00f4t \u00e0 pied en 28 \u00e9tapes, si l&rsquo;on dispose d&rsquo;un peu plus de temps pour s&rsquo;\u00e9vader.<\/p>\n<p>La Travers\u00e9e Bretonne \u2022 Toutes les informations en ligne sur traversee-bretonne.com.<\/p>\n","protected":false},"excerpt":{"rendered":"Publi\u00e9 par Soizick David, le 17 Juin 2025 \u00e0 11:13 Le nouvel itin\u00e9raire \u00e0 vivre \u00e0 v\u00e9lo, sur&hellip;\n","protected":false},"author":2,"featured_media":183038,"comment_status":"","ping_status":"","sticky":false,"template":"","format":"standard","meta":{"footnotes":""},"categories":[2818],"tags":[1111,11,3723,1777,674,1011,27,1114,766,13694,12,2636,25,3213],"class_list":{"0":"post-183037","1":"post","2":"type-post","3":"status-publish","4":"format-standard","5":"has-post-thumbnail","7":"category-nantes","8":"tag-actu","9":"tag-actualites","10":"tag-actus","11":"tag-eu","12":"tag-europe","13":"tag-fr","14":"tag-france","15":"tag-infos","16":"tag-nantes","17":"tag-nazaire","18":"tag-news","19":"tag-pays-de-la-loire","20":"tag-republique-francaise","21":"tag-saint"},"share_on_mastodon":{"url":"https:\/\/pubeurope.com\/@fr\/114698083563001131","error":""},"_links":{"self":[{"href":"https:\/\/www.europesays.com\/fr\/wp-json\/wp\/v2\/posts\/183037","targetHints":{"allow":["GET"]}}],"collection":[{"href":"https:\/\/www.europesays.com\/fr\/wp-json\/wp\/v2\/posts"}],"about":[{"href":"https:\/\/www.europesays.com\/fr\/wp-json\/wp\/v2\/types\/post"}],"author":[{"embeddable":true,"href":"https:\/\/www.europesays.com\/fr\/wp-json\/wp\/v2\/users\/2"}],"replies":[{"embeddable":true,"href":"https:\/\/www.europesays.com\/fr\/wp-json\/wp\/v2\/comments?post=183037"}],"version-history":[{"count":0,"href":"https:\/\/www.europesays.com\/fr\/wp-json\/wp\/v2\/posts\/183037\/revisions"}],"wp:featuredmedia":[{"embeddable":true,"href":"https:\/\/www.europesays.com\/fr\/wp-json\/wp\/v2\/media\/183038"}],"wp:attachment":[{"href":"https:\/\/www.europesays.com\/fr\/wp-json\/wp\/v2\/media?parent=183037"}],"wp:term":[{"taxonomy":"category","embeddable":true,"href":"https:\/\/www.europesays.com\/fr\/wp-json\/wp\/v2\/categories?post=183037"},{"taxonomy":"post_tag","embeddable":true,"href":"https:\/\/www.europesays.com\/fr\/wp-json\/wp\/v2\/tags?post=183037"}],"curies":[{"name":"wp","href":"https:\/\/api.w.org\/{rel}","templated":true}]}}