{"id":183047,"date":"2025-06-17T09:54:13","date_gmt":"2025-06-17T09:54:13","guid":{"rendered":"https:\/\/www.europesays.com\/fr\/183047\/"},"modified":"2025-06-17T09:54:13","modified_gmt":"2025-06-17T09:54:13","slug":"10-ans-de-prison-pour-le-chauffard","status":"publish","type":"post","link":"https:\/\/www.europesays.com\/fr\/183047\/","title":{"rendered":"10 ans de prison pour le chauffard"},"content":{"rendered":"<p>            Par<br \/>\n        <strong><br \/>\n            <a href=\"https:\/\/actu.fr\/auteur\/nicolas-demollien\" title=\"Consulter tous les articles de Nicolas Demollien\" target=\"_blank\" rel=\"noopener\">Nicolas Demollien<\/a><br \/>\n        <\/strong><\/p>\n<p>        Publi\u00e9 le<\/p>\n<p>            17 juin 2025 \u00e0 10h48        <\/p>\n<p data-end=\"1015\">Au <b>tribunal<\/b> de <a href=\"https:\/\/actu.fr\/hauts-de-france\/lille_59350\" target=\"_blank\" rel=\"noopener\">Lille<\/a> (Nord), un <b>homme de 31 ans<\/b> a \u00e9t\u00e9 jug\u00e9 en son absence pour <b>homicides et blessures involontaires<\/b> ainsi que pour mise en danger d\u2019autrui. Dans la salle d\u2019audience, plus d\u2019une dizaine de proches et victimes se sont constitu\u00e9s parties civiles et esp\u00e9raient comprendre ce qu\u2019il s\u2019est pass\u00e9 la nuit du 22 avril 2023. Ce soir-l\u00e0, <b>apr\u00e8s une soir\u00e9e alcoolis\u00e9e pour f\u00eater l\u2019A\u00efd<\/b>, un groupe d\u2019amis est mont\u00e9 \u00e0 bord d\u2019une <b>Audi RS6 lou\u00e9e<\/b>. \u00c0 <b>plus de 250 km\/h<\/b>, la voiture sportive a percut\u00e9 une Peugeot 208 sur l\u2019<a href=\"https:\/\/actu.fr\/tag\/autoroute-1-a1\" target=\"_blank\" rel=\"noopener\">autoroute A1<\/a>, \u00e0 hauteur de <a href=\"https:\/\/actu.fr\/hauts-de-france\/phalempin_59462\" target=\"_blank\" rel=\"noopener\">Phalempin<\/a>, causant la <b>mort de deux personnes et en blessant gri\u00e8vement une troisi\u00e8me<\/b>. R\u00e9cit.<\/p>\n<p>Accident mortel sur l\u2019A1 \u00e0 plus de 250 km\/h : \u00ab\u00a0Je me suis fait doubler par une boule de feu\u00a0\u00bb<\/p>\n<p data-end=\"1625\" class=\" wall-content\">Le 22 avril 2023, \u00e0 1h15, des policiers sont appel\u00e9s sur l\u2019A1 en direction de Paris. Un <a href=\"https:\/\/actu.fr\/tag\/accident\" target=\"_blank\" rel=\"noopener\">accident<\/a> <b>mortel<\/b> vient de se produire. Sur place, trois hommes tentent de s\u2019expliquer, mais leurs propos sont jug\u00e9s incoh\u00e9rents et ils pr\u00e9sentent des sautes d\u2019humeur. Le conducteur de l\u2019Audi, seul pr\u00e9venu dans l\u2019affaire, est <b>test\u00e9 positif \u00e0 l\u2019alcool et au cannabis<\/b>. Les <a href=\"https:\/\/actu.fr\/tag\/police\" target=\"_blank\" rel=\"noopener\">policiers<\/a> d\u00e9couvrent aussi qu\u2019il ne poss\u00e8de <b>plus de points sur son permis de conduire<\/b> et qu\u2019il roulait \u00e0 <b>plus de 100 km\/h au-dessus de la limitation autoris\u00e9e<\/b>.<\/p>\n<p data-end=\"2344\" class=\" wall-content\">Un peu plus loin, un homme est retrouv\u00e9 allong\u00e9 au-dessus de la barri\u00e8re de s\u00e9curit\u00e9. Il sera d\u00e9clar\u00e9 d\u00e9c\u00e9d\u00e9 \u00e0 1h50. Il s\u2019agissait du quatri\u00e8me occupant de la voiture. L\u2019un d\u2019eux est aussi gri\u00e8vement bless\u00e9, avec six semaines d\u2019interruption totale de travail.<\/p>\n<p data-end=\"2344\" class=\" wall-content\">Le conducteur de la Peugeot 208, lui aussi, succombera \u00e0 ses blessures. L\u2019Audi RS6 a percut\u00e9 l\u2019arri\u00e8re de sa voiture \u00e0 tr\u00e8s vive allure, l\u2019encastrant jusqu\u2019au r\u00e9servoir. La <b>citadine a alors \u00e9t\u00e9 projet\u00e9e \u00e0 plus de 150 m\u00e8tres et s\u2019est enflamm\u00e9e<\/b>, laissant \u00e0 l\u2019int\u00e9rieur le corps enti\u00e8rement carbonis\u00e9 du conducteur, \u00e2g\u00e9 de 39 ans. Des t\u00e9moins de l\u2019accident parlent d\u2019un choc extr\u00eamement violent. L\u2019un d\u2019eux affirme s\u2019\u00eatre \u00ab\u00a0fait doubler par une boule de feu\u00a0\u00bb.<\/p>\n<p>Il roulait \u00e0 plus de 250 km\/h : une \u00ab\u00a0vitesse ahurissante, aussi effrayante qu\u2019inattendue\u00a0\u00bb<\/p>\n<p data-end=\"2939\" class=\" wall-content\">Les passagers de l\u2019Audi ont \u00e9t\u00e9 entendus par la police. Ils d\u00e9clarent avoir f<b>\u00eat\u00e9 l\u2019A\u00efd entre amis en buvant de la vodka-Red Bull<\/b> avant de faire un tour en voiture. L\u2019un d\u2019eux avoue le comportement tr\u00e8s dangereux du pr\u00e9venu et confirme la vive allure \u00e0 laquelle il roulait dans les rues de Lille.<\/p>\n<p data-end=\"2939\" class=\" wall-content\">Selon lui, l\u2019objectif \u00e9tait de \u00ab\u00a0faire les bobos\u00a0\u00bb. Plusieurs vid\u00e9os prises \u00e0 bord du v\u00e9hicule attestent que celui-ci roulait \u00e0 une <b>\u00ab\u00a0vitesse ahurissante\u00a0\u00bb<\/b>, rue Solf\u00e9rino.<\/p>\n<p data-end=\"3515\" class=\" wall-content\">Le pr\u00e9venu met la faute sur la <b>forte dose d\u2019alcool consomm\u00e9e<\/b> avant les faits. S\u2019il reconna\u00eet les homicides involontaires, il nie avoir mis en danger autrui : \u00ab\u00a0<b>Je suis un bon conducteur, je ne commets jamais d\u2019exc\u00e8s de vitesse<\/b>. Je n\u2019ai rien fait, c\u2019est la voiture qui m\u2019a tap\u00e9.\u00a0\u00bb<\/p>\n<p data-end=\"3515\" class=\" wall-content\">Il affirme qu\u2019il roulait \u00e0 120 km\/h au moment de l\u2019accident et dit ne plus se souvenir des faits. Pourtant, l\u2019<b>expert<\/b> sollicit\u00e9 par le tribunal <b>estime avec certitude la vitesse \u00e0 252 km\/h au moment de la collision<\/b>, une vitesse qu\u2019il consid\u00e8re \u00ab\u00a0aussi effrayante qu\u2019inattendue pour les autres usagers\u00a0\u00bb.<\/p>\n<p>\u00a0\u00bb Il n\u2019a pas voulu tuer, mais il a tout fait pour ! \u00ab\u00a0<\/p>\n<p data-end=\"4105\" class=\" wall-content\">Les avocats des parties civiles sont unanimes : le pr\u00e9venu n\u2019a eu aucune conscience de sa responsabilit\u00e9. \u00ab\u00a0C\u2019est de l\u2019\u00e9go\u00efsme et du m\u00e9pris pour la vie des autres, il se marre et s\u2019amuse ! <b>Tout \u00e9tait r\u00e9uni pour que le drame se produise<\/b>\u00ab\u00a0, d\u00e9nonce l\u2019un d\u2019eux.<\/p>\n<p data-end=\"4105\" class=\" wall-content\">\u00ab\u00a0Il a fait le fou pendant plusieurs heures dans Lille avant l\u2019accident. <b>Il n\u2019a pas voulu tuer, mais il a tout fait pour<\/b> !\u00a0\u00bb, conclut un autre. Tous estiment \u00e9galement que le jeune homme a fait preuve de manipulation et a menti aux policiers afin de minimiser les faits.<\/p>\n<p data-end=\"4473\" class=\" wall-content\">Selon le procureur, l\u2019absence du pr\u00e9venu d\u00e9montre que ses excuses ne sont \u00ab\u00a0pas tr\u00e8s sinc\u00e8res\u00a0\u00bb. Il affirme que le lien de causalit\u00e9 est \u00ab\u00a0\u00e9vident\u00a0\u00bb et que la <b>location du v\u00e9hicule n\u2019a servi qu\u2019\u00e0 faire \u00ab\u00a0n\u2019importe quoi\u00a0\u00bb<\/b>. Il requiert donc dix ans d\u2019emprisonnement et une annulation du permis de conduire pendant dix ans, \u00ab\u00a0au regard de la peine des parties civiles\u00a0\u00bb. Le tribunal a suivi les r\u00e9quisitions.<\/p>\n<p data-end=\"4490\" class=\" wall-content\"><b>Par Zo\u00e9 Hondt<\/b><\/p>\n<p class=\" wall-content\">Suivez toute l\u2019actualit\u00e9 de vos villes et m\u00e9dias favoris en vous inscrivant \u00e0 <a href=\"https:\/\/moncompte.actu.fr\" title=\"D\u00e9couvez Mon Actu\" rel=\"nofollow noopener\" data-trk=\"{&quot;cta&quot;:{&quot;action&quot;:&quot;https:\\\/\\\/moncompte.actu.fr&quot;,&quot;category&quot;:&quot;mon compte&quot;,&quot;from&quot;:&quot;article footer&quot;,&quot;name&quot;:&quot;Mon actu&quot;,&quot;type&quot;:&quot;cta&quot;}}\" target=\"_blank\">Mon Actu<\/a>.<\/p>\n<ul class=\"ac-article-tag wall-content\">\n<li><a href=\"https:\/\/actu.fr\/tag\/accident\" data-trk=\"{&quot;cta&quot;:{&quot;action&quot;:&quot;Accident&quot;,&quot;category&quot;:&quot;tag&quot;,&quot;from&quot;:&quot;article footer&quot;,&quot;name&quot;:&quot;Accident&quot;,&quot;type&quot;:&quot;cta&quot;}}\" target=\"_blank\" rel=\"noopener\">#Accident<\/a><\/li>\n<li><a href=\"https:\/\/actu.fr\/tag\/autoroute-1-a1\" data-trk=\"{&quot;cta&quot;:{&quot;action&quot;:&quot;Autoroute 1 (A1)&quot;,&quot;category&quot;:&quot;tag&quot;,&quot;from&quot;:&quot;article footer&quot;,&quot;name&quot;:&quot;Autoroute 1 (A1)&quot;,&quot;type&quot;:&quot;cta&quot;}}\" target=\"_blank\" rel=\"noopener\">#Autoroute 1 (A1)<\/a><\/li>\n<\/ul>\n","protected":false},"excerpt":{"rendered":"Par Nicolas Demollien Publi\u00e9 le 17 juin 2025 \u00e0 10h48 Au tribunal de Lille (Nord), un homme de&hellip;\n","protected":false},"author":2,"featured_media":183048,"comment_status":"","ping_status":"","sticky":false,"template":"","format":"standard","meta":{"footnotes":""},"categories":[2815],"tags":[119,1111,11,9904,1777,674,118,1011,27,811,1307,12,25],"class_list":{"0":"post-183047","1":"post","2":"type-post","3":"status-publish","4":"format-standard","5":"has-post-thumbnail","7":"category-lille","8":"tag-accident","9":"tag-actu","10":"tag-actualites","11":"tag-autoroute-1-a1","12":"tag-eu","13":"tag-europe","14":"tag-faits-divers","15":"tag-fr","16":"tag-france","17":"tag-hauts-de-france","18":"tag-lille","19":"tag-news","20":"tag-republique-francaise"},"share_on_mastodon":{"url":"https:\/\/pubeurope.com\/@fr\/114698103276387834","error":""},"_links":{"self":[{"href":"https:\/\/www.europesays.com\/fr\/wp-json\/wp\/v2\/posts\/183047","targetHints":{"allow":["GET"]}}],"collection":[{"href":"https:\/\/www.europesays.com\/fr\/wp-json\/wp\/v2\/posts"}],"about":[{"href":"https:\/\/www.europesays.com\/fr\/wp-json\/wp\/v2\/types\/post"}],"author":[{"embeddable":true,"href":"https:\/\/www.europesays.com\/fr\/wp-json\/wp\/v2\/users\/2"}],"replies":[{"embeddable":true,"href":"https:\/\/www.europesays.com\/fr\/wp-json\/wp\/v2\/comments?post=183047"}],"version-history":[{"count":0,"href":"https:\/\/www.europesays.com\/fr\/wp-json\/wp\/v2\/posts\/183047\/revisions"}],"wp:featuredmedia":[{"embeddable":true,"href":"https:\/\/www.europesays.com\/fr\/wp-json\/wp\/v2\/media\/183048"}],"wp:attachment":[{"href":"https:\/\/www.europesays.com\/fr\/wp-json\/wp\/v2\/media?parent=183047"}],"wp:term":[{"taxonomy":"category","embeddable":true,"href":"https:\/\/www.europesays.com\/fr\/wp-json\/wp\/v2\/categories?post=183047"},{"taxonomy":"post_tag","embeddable":true,"href":"https:\/\/www.europesays.com\/fr\/wp-json\/wp\/v2\/tags?post=183047"}],"curies":[{"name":"wp","href":"https:\/\/api.w.org\/{rel}","templated":true}]}}