{"id":18305,"date":"2025-04-11T21:32:33","date_gmt":"2025-04-11T21:32:33","guid":{"rendered":"https:\/\/www.europesays.com\/fr\/18305\/"},"modified":"2025-04-11T21:32:33","modified_gmt":"2025-04-11T21:32:33","slug":"benjamin-castaldi-est-pret-a-rejoindre-cyril-hanouna-sur-w9","status":"publish","type":"post","link":"https:\/\/www.europesays.com\/fr\/18305\/","title":{"rendered":"Benjamin Castaldi est pr\u00eat \u00e0 rejoindre Cyril Hanouna sur W9"},"content":{"rendered":"<p><a href=\"https:\/\/www.20minutes.fr\/dossier\/benjamin_castaldi\" class=\"color-ultramarine c-link\" target=\"_blank\" rel=\"noopener\">Benjamin Castaldi<\/a> et <a href=\"https:\/\/www.20minutes.fr\/arts-stars\/television\/cyril_hanouna\/\" class=\"color-ultramarine c-link\" target=\"_blank\" rel=\"noopener\">Cyril Hanouna<\/a>, la love story continue ? L&rsquo;animateur de 55 ans, qui s&rsquo;est fait conna\u00eetre du grand public en pr\u00e9sentant \u00ab <a href=\"https:\/\/www.20minutes.fr\/dossier\/loft_story\" class=\"color-ultramarine c-link\" target=\"_blank\" rel=\"noopener\">Loft Story<\/a> \u00bb et \u00ab <a href=\"https:\/\/www.20minutes.fr\/dossier\/nouvelle_star\" class=\"color-ultramarine c-link\" target=\"_blank\" rel=\"noopener\">Nouvelle Star<\/a> \u00bb sur <a href=\"https:\/\/www.20minutes.fr\/dossier\/m6\" class=\"color-ultramarine c-link\" target=\"_blank\" rel=\"noopener\">M6<\/a>, est revenu aupr\u00e8s de nos confr\u00e8res du <a href=\"https:\/\/www.leparisien.fr\/culture-loisirs\/tv\/clap-de-fin-benjamin-castaldi-annonce-la-fin-de-sa-matinale-sur-europe-2-10-04-2025-AEVDPB4CU5EK3HBAP45QCMS5XI.php\" rel=\"nofollow noopener\" target=\"_blank\" class=\"color-ultramarine c-link\">Parisien<\/a> sur l&rsquo;arr\u00eat de sa matinale sur Europe 2. Loin d&rsquo;\u00eatre abattu, Benjamin Castaldi compte bien rebondir et adresse, sur ses <a href=\"https:\/\/www.20minutes.fr\/dossier\/reseaux_sociaux\" class=\"color-ultramarine c-link\" target=\"_blank\" rel=\"noopener\">r\u00e9seaux sociaux<\/a>, un petit appel du pied \u00e0 son ami et ex-boss de \u00ab <a href=\"https:\/\/www.20minutes.fr\/arts-stars\/television\/tpmp\/\" class=\"color-ultramarine c-link\" target=\"_blank\" rel=\"noopener\">Touche pas \u00e0 mon poste<\/a> \u00bb.<\/p>\n<p>\u00ab Je ne voulais m\u00eame pas faire cette \u00e9mission \u00bb<\/p>\n<p>Six mois seulement apr\u00e8s avoir repris le Morning d&rsquo;Europe 2 \u00e0 Cl\u00e9ment Lanoue, <a href=\"https:\/\/www.20minutes.fr\/dossier\/benjamin_castaldi\" class=\"color-ultramarine c-link\" target=\"_blank\" rel=\"noopener\">Benjamin Castaldi<\/a> a d\u00fb couper le micro de sa matinale, avant m\u00eame la fin de la saison. \u00ab Je m\u2019en doutais, \u00e0 vrai dire, a pr\u00e9cis\u00e9 l&rsquo;animateur dans une interview accord\u00e9e au Parisien. Il fallait changer le format de cette matinale. Nous avons fait un essai, et celui-ci n\u2019a pas march\u00e9, c\u2019est tout. Je ne suis pas f\u00e2ch\u00e9 avec Europe 2, loin de l\u00e0. Cela ne marchait pas, il fallait arr\u00eater. C\u2019est simplement la vie de la radio. \u00bb<\/p>\n<\/p>\n<p>Apr\u00e8s l&rsquo;arr\u00eat de \u00ab <a href=\"https:\/\/www.20minutes.fr\/arts-stars\/television\/tpmp\/\" class=\"color-ultramarine c-link\" target=\"_blank\" rel=\"noopener\">Touche pas \u00e0 mon poste<\/a> \u00bb sur <a href=\"https:\/\/www.20minutes.fr\/television\/c8\/\" class=\"color-ultramarine c-link\" target=\"_blank\" rel=\"noopener\">C8<\/a> o\u00f9 il \u00e9tait l&rsquo;un des plus fid\u00e8les chroniqueurs, Benjamin Castaldi ne semble pas garder d&rsquo;amertume \u00e0 l&rsquo;\u00e9gard de la station, propri\u00e9t\u00e9 de <a href=\"https:\/\/www.20minutes.fr\/dossier\/vincent_bollore\" class=\"color-ultramarine c-link\" target=\"_blank\" rel=\"noopener\">Vincent Bollor\u00e9<\/a>. \u00ab Je me suis bien amus\u00e9 pendant ces quelques mois, assure-t-il. Avec l\u2019\u00e9quipe, nous avons fait ce que nous pouvions. Et puis, tr\u00e8s sinc\u00e8rement, je ne voulais m\u00eame pas faire cette \u00e9mission au d\u00e9but. J\u2019avais dit que je ne voulais plus faire de matinale. J\u2019ai finalement accept\u00e9, parce que le pilote que nous avions r\u00e9alis\u00e9 a plu \u00e0 la direction. Maintenant, cela n\u2019a pas accroch\u00e9, je ne vais pas me flageller ! \u00bb<\/p>\n<p>\u00ab Le projet sur W9 est tourn\u00e9 vers la rigolade \u00bb<\/p>\n<p>Pas se flageller, c&rsquo;est une certitude puisque \u00ab Benji \u00bb compte bien rebondir, et vite. Sur son compte l&rsquo;<a href=\"https:\/\/www.20minutes.fr\/high-tech\/instagram\/\" class=\"color-ultramarine c-link\" target=\"_blank\" rel=\"noopener\">Instagram<\/a>, l&rsquo;ancien compagnon de Flavie Flamant, parle d&rsquo;avenir. Et \u00e0 55 ans, il se verrait bien repartir aux c\u00f4t\u00e9s de <a href=\"https:\/\/www.20minutes.fr\/arts-stars\/television\/cyril_hanouna\/\" class=\"color-ultramarine c-link\" target=\"_blank\" rel=\"noopener\">Cyril Hanouna<\/a> : \u00ab Je me consacre d\u00e9sormais \u00e0 de nouveaux projets, dont une aventure th\u00e9\u00e2trale pr\u00e9vue pour 2026. Et pourquoi pas un retour avec mon ami Cyril Hanouna au sein du groupe <a href=\"https:\/\/www.20minutes.fr\/dossier\/m6\" class=\"color-ultramarine c-link\" target=\"_blank\" rel=\"noopener\">M6<\/a> ? La vie, c\u2019est comme une bo\u00eete de chocolats, on ne sait jamais sur quoi on va tomber&#8230; \u00bb <\/p>\n<p>\u00ab Je suis tr\u00e8s proche de Cyril [Hanouna], pr\u00e9cise celui qui avait quitt\u00e9 \u00a0\u00bb<a href=\"https:\/\/www.20minutes.fr\/arts-stars\/television\/tpmp\/\" class=\"color-ultramarine c-link\" target=\"_blank\" rel=\"noopener\">TPMP<\/a>\u00a0\u00bb en 2023. C\u2019est un ami, vraiment. Il m\u2019en a parl\u00e9 et je me dis \u00a0\u00bbPourquoi pas ?\u00a0\u00bb. Apr\u00e8s, encore une fois, cela se fera ou pas. Mais j\u2019ai toujours dit que j\u2019avais d\u00e9cid\u00e9 de quitter \u00a0\u00bbTouche pas \u00e0 mon poste\u00a0\u00bb, car l\u2019\u00e9mission prenait un virage plus <a href=\"https:\/\/www.20minutes.fr\/politique\/\" class=\"color-ultramarine c-link\" target=\"_blank\" rel=\"noopener\">politique<\/a>. L\u00e0, visiblement, le projet sur <a href=\"https:\/\/www.20minutes.fr\/dossier\/w9\" class=\"color-ultramarine c-link\" target=\"_blank\" rel=\"noopener\">W9<\/a> est davantage tourn\u00e9 vers la rigolade, et j\u2019adore cela. \u00bb Nul doute que \u00ab Baba \u00bb devrait confirmer ou infirmer l&rsquo;hypoth\u00e8se \u00ab Castaldi \u00bb tr\u00e8s rapidement&#8230;<\/p>\n","protected":false},"excerpt":{"rendered":"Benjamin Castaldi et Cyril Hanouna, la love story continue ? L&rsquo;animateur de 55 ans, qui s&rsquo;est fait conna\u00eetre&hellip;\n","protected":false},"author":2,"featured_media":18306,"comment_status":"","ping_status":"","sticky":false,"template":"","format":"standard","meta":{"footnotes":""},"categories":[1356],"tags":[6468,7278,251,1083,58,59,1011,27,2440,494,252,7279,1364,1022,2395],"class_list":{"0":"post-18305","1":"post","2":"type-post","3":"status-publish","4":"format-standard","5":"has-post-thumbnail","7":"category-television","8":"tag-benjamin-castaldi","9":"tag-c8","10":"tag-culture","11":"tag-cyril-hanouna","12":"tag-divertissement","13":"tag-entertainment","14":"tag-fr","15":"tag-france","16":"tag-instagram","17":"tag-m6","18":"tag-television","19":"tag-touche-pas-a-mon-poste-tpmp","20":"tag-tv","21":"tag-vincent-bollore","22":"tag-w9"},"share_on_mastodon":{"url":"https:\/\/pubeurope.com\/@fr\/114321473367397000","error":""},"_links":{"self":[{"href":"https:\/\/www.europesays.com\/fr\/wp-json\/wp\/v2\/posts\/18305","targetHints":{"allow":["GET"]}}],"collection":[{"href":"https:\/\/www.europesays.com\/fr\/wp-json\/wp\/v2\/posts"}],"about":[{"href":"https:\/\/www.europesays.com\/fr\/wp-json\/wp\/v2\/types\/post"}],"author":[{"embeddable":true,"href":"https:\/\/www.europesays.com\/fr\/wp-json\/wp\/v2\/users\/2"}],"replies":[{"embeddable":true,"href":"https:\/\/www.europesays.com\/fr\/wp-json\/wp\/v2\/comments?post=18305"}],"version-history":[{"count":0,"href":"https:\/\/www.europesays.com\/fr\/wp-json\/wp\/v2\/posts\/18305\/revisions"}],"wp:featuredmedia":[{"embeddable":true,"href":"https:\/\/www.europesays.com\/fr\/wp-json\/wp\/v2\/media\/18306"}],"wp:attachment":[{"href":"https:\/\/www.europesays.com\/fr\/wp-json\/wp\/v2\/media?parent=18305"}],"wp:term":[{"taxonomy":"category","embeddable":true,"href":"https:\/\/www.europesays.com\/fr\/wp-json\/wp\/v2\/categories?post=18305"},{"taxonomy":"post_tag","embeddable":true,"href":"https:\/\/www.europesays.com\/fr\/wp-json\/wp\/v2\/tags?post=18305"}],"curies":[{"name":"wp","href":"https:\/\/api.w.org\/{rel}","templated":true}]}}