{"id":183053,"date":"2025-06-17T09:57:09","date_gmt":"2025-06-17T09:57:09","guid":{"rendered":"https:\/\/www.europesays.com\/fr\/183053\/"},"modified":"2025-06-17T09:57:09","modified_gmt":"2025-06-17T09:57:09","slug":"les-insoumis-appuient-la-demande-des-ecologistes-sur-la-fin-du-jumelage-avec-haifa-en-israel","status":"publish","type":"post","link":"https:\/\/www.europesays.com\/fr\/183053\/","title":{"rendered":"les Insoumis appuient la demande des \u00e9cologistes sur la fin du jumelage avec Ha\u00effa, en Isra\u00ebl"},"content":{"rendered":"<p>Plusieurs \u00e9lus et militants de gauche \u00e0 Marseille souhaitent que la deuxi\u00e8me ville de France mette fin \u00e0 son jumelage avec la ville portuaire d\u2019Ha\u00effa, une demande \u00e0 laquelle s\u2019oppose le maire divers gauche Beno\u00eet Payan.<\/p>\n<p class=\"fig-paragraph\">Plusieurs \u00e9lus et militants de gauche \u00e0 Marseille souhaitent que la deuxi\u00e8me ville de France mette fin \u00e0 son jumelage avec la ville portuaire d&rsquo;<a href=\"http:\/\/www.lefigaro.fr\/international\/israel-les-rebelles-houthis-menacent-le-port-d-haifa-d-un-blocus-naval-20250519\" data-fig-type=\"NewsFlash\" data-gtm-custom-categorie=\"navigation\" data-gtm-custom-action=\"crossclick\" data-gtm-custom-label=\"Contextuel\" data-gtm-event=\"customEventSPE\" data-fig-domain=\"LEFIGARO\" target=\"_blank\" rel=\"noopener\">Ha\u00effa<\/a>\u00a0en Isra\u00ebl,\u00a0<a href=\"http:\/\/www.lefigaro.fr\/marseille\/marseille-des-elus-demandent-la-suspension-d-un-jumelage-en-israel-payan-en-annonce-un-autre-en-palestine-20250610\" data-fig-type=\"NewsFlash\" data-gtm-custom-categorie=\"navigation\" data-gtm-custom-action=\"crossclick\" data-gtm-custom-label=\"Contextuel\" data-gtm-event=\"customEventSPE\" data-fig-domain=\"LEFIGARO\" target=\"_blank\" rel=\"noopener\">une demande \u00e0 laquelle s&rsquo;oppose le maire divers gauche Beno\u00eet Payan<\/a>, estimant qu&rsquo;il serait \u00abinjuste\u00bb de \u00abpunir\u00bb Ha\u00effa.<\/p>\n<p class=\"fig-paragraph\">Le groupe \u00ab\u00e9cologiste et pluriel-s\u00bb, qui fait partie de la majorit\u00e9 municipale de gauche, r\u00e9clame de la mairie des \u00abactes tr\u00e8s pr\u00e9cis\u00bb lors du prochain conseil municipal du 20 juin, a expliqu\u00e9 l&rsquo;\u00e9lu \u00e9cologiste S\u00e9bastien Barles, citant notamment le souhait du \u00abgel de tout accord de coop\u00e9ration, de tout accord d&rsquo;association avec un territoire isra\u00e9lien qui est li\u00e9 \u00e0 un \u00c9tat g\u00e9nocidaire\u00bb. Cette demande de d\u00e9jumelage, port\u00e9e par plusieurs associations de soutien aux Palestiniens, est \u00e9galement soutenue par La France insoumise, dont\u00a0<a href=\"http:\/\/www.lefigaro.fr\/marseille\/marseille-le-parquet-livre-les-raisons-de-la-perquisition-chez-le-depute-lfi-sebastien-delogu-20250516\" data-fig-type=\"NewsFlash\" data-gtm-custom-categorie=\"navigation\" data-gtm-custom-action=\"crossclick\" data-gtm-custom-label=\"Contextuel\" data-gtm-event=\"customEventSPE\" data-fig-domain=\"LEFIGARO\" target=\"_blank\" rel=\"noopener\">S\u00e9bastien Delogu<\/a>, qui \u00e9tait pr\u00e9sent aux c\u00f4t\u00e9s de S\u00e9bastien Barles lors d\u2019une conf\u00e9rence de presse ce lundi.<\/p>\n<p class=\"fig-paragraph\">\u00abUn jumelage, c&rsquo;est fait pour coop\u00e9rer. Si effectivement on souhaite coop\u00e9rer avec un territoire qui souhaite s&rsquo;opposer \u00e0 son gouvernement, cela peut \u00eatre int\u00e9ressant (&#8230;). L\u00e0, ce n&rsquo;est pas du tout le cas, on est sur un territoire qui coop\u00e8re \u00e0 l&rsquo;effort de guerre et de g\u00e9nocide d&rsquo;Isra\u00ebl\u00bb, a ajout\u00e9 S\u00e9bastien Barles, soulignant qu&rsquo;Ha\u00effa \u00e9tait \u00able c\u0153ur de l&rsquo;industrie de l&rsquo;armement en Isra\u00ebl\u00bb.<\/p>\n<p>Jumelage avec une ville palestinienne<\/p>\n<p class=\"fig-paragraph\">\u00abOn ne comprend pas pourquoi la ville de Marseille reste frileuse \u00e0 s&rsquo;engager pour les Palestiniens alors qu&rsquo;elle l&rsquo;a fait de fa\u00e7on remarquable pour l&rsquo;Ukraine, pour l&rsquo;Arm\u00e9nie\u00bb, s&rsquo;est \u00e9tonn\u00e9 Alexandre Rupnik, adjoint \u00e0 la mairie des 6e et 8e arrondissements de Marseille. \u00abHa\u00effa n&rsquo;est pas une commune engag\u00e9e dans la guerre, c&rsquo;est une commune travailliste qui a toutes les semaines des manifestations de gens oppos\u00e9s fermement, nettement et clairement au gouvernement de Netanyahou et de ses alli\u00e9s d&rsquo;extr\u00eame droite\u00bb, avait estim\u00e9 le 10 juin lors d&rsquo;une conf\u00e9rence de presse\u00a0<a href=\"http:\/\/www.lefigaro.fr\/marseille\/une-victoire-volee-des-adjoints-au-maire-de-marseille-reprouvent-le-desistement-de-michele-rubirola-au-profit-de-benoit-payan-en-2020-20250604\" data-fig-type=\"NewsFlash\" data-gtm-custom-categorie=\"navigation\" data-gtm-custom-action=\"crossclick\" data-gtm-custom-label=\"Contextuel\" data-gtm-event=\"customEventSPE\" data-fig-domain=\"LEFIGARO\" target=\"_blank\" rel=\"noopener\">Beno\u00eet Payan<\/a>.<\/p>\n<p class=\"fig-paragraph\">\u00abIl y a sur le territoire d\u2019Ha\u00effa, en effet, des industries militaires, pour lesquelles la mairie d&rsquo;Ha\u00effa ne peut absolument rien faire. De la m\u00eame mani\u00e8re, le port d&rsquo;Ha\u00effa n&rsquo;est pas contr\u00f4l\u00e9 par la mairie et faire cet amalgame, c&rsquo;est honteux, c&rsquo;est punir une population pacifiste pour la grande majorit\u00e9\u00bb, avait ajout\u00e9 le maire de Marseille, jugeant qu&rsquo;il serait \u00abinjuste\u00bb de \u00abpunir\u00bb Ha\u00effa.<\/p>\n<p class=\"fig-paragraph\">La ville de Marseille a annonc\u00e9 le 10 juin sa volont\u00e9 de se jumeler avec une ville palestinienne, pr\u00e9cisant que des discussions \u00e9taient ouvertes avec deux villes en Cisjordanie. Rompant une tr\u00eave de deux mois, Isra\u00ebl a repris son offensive \u00e0 la mi-mars sur la bande de Gaza, et a intensifi\u00e9 ses op\u00e9rations militaires le 17 mai.<\/p>\n","protected":false},"excerpt":{"rendered":"Plusieurs \u00e9lus et militants de gauche \u00e0 Marseille souhaitent que la deuxi\u00e8me ville de France mette fin \u00e0&hellip;\n","protected":false},"author":2,"featured_media":183054,"comment_status":"","ping_status":"","sticky":false,"template":"","format":"standard","meta":{"footnotes":""},"categories":[2814],"tags":[1111,11,885,1182,1180,1181,1777,674,1011,27,664,1184,1185,884,12,1177,1176,149,316,1186,882,25,1178,1183,1179],"class_list":{"0":"post-183053","1":"post","2":"type-post","3":"status-publish","4":"format-standard","5":"has-post-thumbnail","7":"category-marseille","8":"tag-actu","9":"tag-actualites","10":"tag-bouches-du-rhone","11":"tag-calanques","12":"tag-canebiere","13":"tag-cite-phoceenne","14":"tag-eu","15":"tag-europe","16":"tag-fr","17":"tag-france","18":"tag-israel","19":"tag-la-timone","20":"tag-les-baumettes-mediterranee","21":"tag-marseille","22":"tag-news","23":"tag-notre-dame-de-la-garde","24":"tag-olympique-de-marseille","25":"tag-om","26":"tag-politique","27":"tag-provence","28":"tag-provence-alpes-cote-dazur","29":"tag-republique-francaise","30":"tag-saint-charles","31":"tag-sormiou","32":"tag-vieux-port"},"share_on_mastodon":{"url":"https:\/\/pubeurope.com\/@fr\/114698115167351949","error":""},"_links":{"self":[{"href":"https:\/\/www.europesays.com\/fr\/wp-json\/wp\/v2\/posts\/183053","targetHints":{"allow":["GET"]}}],"collection":[{"href":"https:\/\/www.europesays.com\/fr\/wp-json\/wp\/v2\/posts"}],"about":[{"href":"https:\/\/www.europesays.com\/fr\/wp-json\/wp\/v2\/types\/post"}],"author":[{"embeddable":true,"href":"https:\/\/www.europesays.com\/fr\/wp-json\/wp\/v2\/users\/2"}],"replies":[{"embeddable":true,"href":"https:\/\/www.europesays.com\/fr\/wp-json\/wp\/v2\/comments?post=183053"}],"version-history":[{"count":0,"href":"https:\/\/www.europesays.com\/fr\/wp-json\/wp\/v2\/posts\/183053\/revisions"}],"wp:featuredmedia":[{"embeddable":true,"href":"https:\/\/www.europesays.com\/fr\/wp-json\/wp\/v2\/media\/183054"}],"wp:attachment":[{"href":"https:\/\/www.europesays.com\/fr\/wp-json\/wp\/v2\/media?parent=183053"}],"wp:term":[{"taxonomy":"category","embeddable":true,"href":"https:\/\/www.europesays.com\/fr\/wp-json\/wp\/v2\/categories?post=183053"},{"taxonomy":"post_tag","embeddable":true,"href":"https:\/\/www.europesays.com\/fr\/wp-json\/wp\/v2\/tags?post=183053"}],"curies":[{"name":"wp","href":"https:\/\/api.w.org\/{rel}","templated":true}]}}