{"id":183055,"date":"2025-06-17T09:58:08","date_gmt":"2025-06-17T09:58:08","guid":{"rendered":"https:\/\/www.europesays.com\/fr\/183055\/"},"modified":"2025-06-17T09:58:08","modified_gmt":"2025-06-17T09:58:08","slug":"lyon-la-mairie-divise-par-deux-le-budget-de-cet-evenement-populaire-a-quoi-sattendre","status":"publish","type":"post","link":"https:\/\/www.europesays.com\/fr\/183055\/","title":{"rendered":"Lyon. La mairie divise par deux le budget de cet \u00e9v\u00e9nement populaire : \u00e0 quoi s&rsquo;attendre"},"content":{"rendered":"<p>            Par<br \/>\n        <strong><br \/>\n            <a href=\"https:\/\/actu.fr\/auteur\/theo-zuili\" title=\"Consulter tous les articles de Th\u00e9o Zuili\" rel=\"nofollow noopener\" target=\"_blank\">Th\u00e9o Zuili<\/a><br \/>\n        <\/strong><\/p>\n<p>        Publi\u00e9 le<\/p>\n<p>            17 juin 2025 \u00e0 11h37        <\/p>\n<p>Au moment de pr\u00e9senter <a href=\"https:\/\/actu.fr\/auvergne-rhone-alpes\/lyon_69123\/lyon-ce-festival-gratuit-au-bord-du-rhone-et-de-la-saone-revient-bien-en-2025-ce-qui-change_62722131.html\" rel=\"nofollow noopener\" target=\"_blank\">cette quatri\u00e8me \u00e9dition du festival Entre Rh\u00f4ne et Sa\u00f4ne<\/a>, pr\u00e9vu <strong>du 27 au 29 juin 2025<\/strong> \u00e0 travers la ville, le maire de Lyon <a href=\"https:\/\/actu.fr\/tag\/gregory-doucet\" rel=\"nofollow noopener\" target=\"_blank\">Gr\u00e9gory Doucet<\/a> a confirm\u00e9 une coupe budg\u00e9taire majeure.<\/p>\n<p class=\" wall-content\">La Ville de <a href=\"https:\/\/actu.fr\/auvergne-rhone-alpes\/lyon_69123\" rel=\"nofollow noopener\" target=\"_blank\">Lyon<\/a> divise par deux sa participation financi\u00e8re par rapport \u00e0 l\u2019\u00e9dition 2024. De quoi poser une question : cette \u00e9dition sera-t-elle un festival \u00ab\u00a0coup\u00e9 \u00e0 l\u2019eau\u00a0\u00bb ? \u00c9l\u00e9ments de r\u00e9ponse.<\/p>\n<p>Un budget divis\u00e9 par deux<\/p>\n<p class=\" wall-content\">Dans un contexte de <a href=\"https:\/\/actu.fr\/auvergne-rhone-alpes\/lyon_69123\/lyon-les-pistes-tres-explosives-de-la-mairie-pour-faire-des-economies-en-2025_62103423.html\" rel=\"nofollow noopener\" target=\"_blank\">restriction budg\u00e9taire<\/a>, la Ville aurait pu<strong> annuler purement et simplement<\/strong> l\u2019\u00e9v\u00e9nement comme elle l\u2019avait envisag\u00e9 <a href=\"https:\/\/actu.fr\/auvergne-rhone-alpes\/lyon_69123\/lyon-le-feu-d-artifice-du-14-juillet-2025-annule-pourquoi-c-est-une-possibilite_62107789.html\" rel=\"nofollow noopener\" target=\"_blank\">pour le feu d\u2019artifice du 14-Juillet<\/a>. Elle a finalement choisi de le maintenir malgr\u00e9 l\u2019avis de l\u2019opposition.<\/p>\n<p class=\" wall-content\">\u00ab\u00a0La F\u00eate de l\u2019Eau est importante, \u00e0 un moment o\u00f9 tout le monde ne part pas en vacances\u00a0\u00bb, avait insist\u00e9 Audrey Henocque, premi\u00e8re adjointe, aupr\u00e8s d\u2019actu Lyon. Mais comparativement \u00e0 l\u2019\u00e9dition 2024, la mairie investit deux fois moins en 2025.<\/p>\n<p class=\" wall-content\">Cette ann\u00e9e, la mairie alloue <strong>300 000 euros<\/strong> au festival (hors d\u00e9penses de fonctionnement comme le nettoyage ou la police municipale), compl\u00e9t\u00e9s par 300 000 euros de m\u00e9c\u00e9nat. Mais ce ne sera \u00ab\u00a0pas une \u00e9dition au rabais\u00a0\u00bb, promet l\u2019adjointe au maire de Lyon.<\/p>\n<p>Vid\u00e9os : en ce moment sur Actu\u00ab\u00a0Pas une \u00e9dition au rabais\u00a0\u00bb : ce qui change<\/p>\n<p class=\" wall-content\">Pour cela, plusieurs \u00ab\u00a0ajustements\u00a0\u00bb ont \u00e9t\u00e9 r\u00e9alis\u00e9s en s\u2019appuyant sur l\u2019exp\u00e9rience des trois \u00e9ditions pr\u00e9c\u00e9dentes. \u00ab\u00a0Le festival est <strong>mieux concentr\u00e9<\/strong> sur les sites qui am\u00e8nent le plus de personnes\u00a0\u00bb, citent les organisateurs. Par exemple, aucun \u00e9v\u00e8nement n\u2019aura lieu sur l\u2019\u00cele Barbe, jug\u00e9e trop excentr\u00e9e.<\/p>\n<p class=\" wall-content\">Pour faire des \u00e9conomies, la Ville a \u00e9galement d\u00e9cid\u00e9 <strong>d\u2019annuler deux rendez-vous phares<\/strong> du festival : la parade, dont le succ\u00e8s populaire n\u2019avait pas \u00e9t\u00e9 autant qu\u2019escompt\u00e9, et le spectacle dans la Sa\u00f4ne, trop on\u00e9reux.<\/p>\n<p class=\" wall-content\">Enfin, la <a href=\"https:\/\/actu.fr\/auvergne-rhone-alpes\/lyon_69123\/lyon-connaissez-vous-la-legende-de-la-machecroute-ce-monstre-qui-se-cache-dans-le-rhone_52026372.html\" rel=\"nofollow noopener\" target=\"_blank\">M\u00e2checroute<\/a>, monstre devenu symbole du festival, ne sera plus exclusive \u00e0 l\u2019\u00e9v\u00e9nement. Le dragon qui appara\u00eetra cette ann\u00e9e devant le pont de la Guilloti\u00e8re a \u00e9t\u00e9 con\u00e7u par l\u2019organisme Plan\u00e8te Vapeur et circule en dehors du cadre du festival. Une importante \u00e9conomie est r\u00e9alis\u00e9e <strong>en louant simplement l\u2019animal<\/strong>, plut\u00f4t qu\u2019en en faisant concevoir un neuf sur mesure.<\/p>\n<p class=\" wall-content\"><a href=\"https:\/\/actu.fr\/auvergne-rhone-alpes\/lyon_69123\/lyon-va-organiser-une-grande-baignade-derivante-sur-le-rhone-ouverte-aux-lyonnais_62726702.html\" rel=\"nofollow noopener\" target=\"_blank\">Baignade d\u00e9rivante sur le Rh\u00f4ne<\/a>, <a href=\"https:\/\/actu.fr\/auvergne-rhone-alpes\/lyon_69123\/lyon-un-banquet-geant-et-gratuit-organise-dans-ce-quartier-voici-a-quoi-s-attendre_62763487.html\" rel=\"nofollow noopener\" target=\"_blank\">pique-nique g\u00e9ant \u00e0 Guilloti\u00e8re<\/a>, bal funk, conf\u00e9rences et expositions, d\u00e9couverte du port industriel de Lyon en croisi\u00e8re\u2026 La Ville promet que le reste du festival sera au rendez-vous des attentes du public. Le programme d\u00e9taill\u00e9 est \u00e0 retrouver <a href=\"https:\/\/entre-rhone-et-saone.fr\/\" rel=\"nofollow noopener\" target=\"_blank\">ici<\/a>.<\/p>\n<p class=\" wall-content\">Suivez toute l\u2019actualit\u00e9 de vos villes et m\u00e9dias favoris en vous inscrivant \u00e0 <a href=\"https:\/\/moncompte.actu.fr\" title=\"D\u00e9couvez Mon Actu\" rel=\"nofollow noopener\" data-trk=\"{&quot;cta&quot;:{&quot;action&quot;:&quot;https:\\\/\\\/moncompte.actu.fr&quot;,&quot;category&quot;:&quot;mon compte&quot;,&quot;from&quot;:&quot;article footer&quot;,&quot;name&quot;:&quot;Mon actu&quot;,&quot;type&quot;:&quot;cta&quot;}}\" target=\"_blank\">Mon Actu<\/a>.<\/p>\n","protected":false},"excerpt":{"rendered":"Par Th\u00e9o Zuili Publi\u00e9 le 17 juin 2025 \u00e0 11h37 Au moment de pr\u00e9senter cette quatri\u00e8me \u00e9dition du&hellip;\n","protected":false},"author":2,"featured_media":183056,"comment_status":"","ping_status":"","sticky":false,"template":"","format":"standard","meta":{"footnotes":""},"categories":[1889],"tags":[1111,11,2430,1777,674,849,1011,27,5226,1652,2428,12,25],"class_list":{"0":"post-183055","1":"post","2":"type-post","3":"status-publish","4":"format-standard","5":"has-post-thumbnail","7":"category-lyon","8":"tag-actu","9":"tag-actualites","10":"tag-auvergne-rhone-alpes","11":"tag-eu","12":"tag-europe","13":"tag-festival","14":"tag-fr","15":"tag-france","16":"tag-gregory-doucet","17":"tag-loisirs-culture","18":"tag-lyon","19":"tag-news","20":"tag-republique-francaise"},"share_on_mastodon":{"url":"https:\/\/pubeurope.com\/@fr\/114698119215130964","error":""},"_links":{"self":[{"href":"https:\/\/www.europesays.com\/fr\/wp-json\/wp\/v2\/posts\/183055","targetHints":{"allow":["GET"]}}],"collection":[{"href":"https:\/\/www.europesays.com\/fr\/wp-json\/wp\/v2\/posts"}],"about":[{"href":"https:\/\/www.europesays.com\/fr\/wp-json\/wp\/v2\/types\/post"}],"author":[{"embeddable":true,"href":"https:\/\/www.europesays.com\/fr\/wp-json\/wp\/v2\/users\/2"}],"replies":[{"embeddable":true,"href":"https:\/\/www.europesays.com\/fr\/wp-json\/wp\/v2\/comments?post=183055"}],"version-history":[{"count":0,"href":"https:\/\/www.europesays.com\/fr\/wp-json\/wp\/v2\/posts\/183055\/revisions"}],"wp:featuredmedia":[{"embeddable":true,"href":"https:\/\/www.europesays.com\/fr\/wp-json\/wp\/v2\/media\/183056"}],"wp:attachment":[{"href":"https:\/\/www.europesays.com\/fr\/wp-json\/wp\/v2\/media?parent=183055"}],"wp:term":[{"taxonomy":"category","embeddable":true,"href":"https:\/\/www.europesays.com\/fr\/wp-json\/wp\/v2\/categories?post=183055"},{"taxonomy":"post_tag","embeddable":true,"href":"https:\/\/www.europesays.com\/fr\/wp-json\/wp\/v2\/tags?post=183055"}],"curies":[{"name":"wp","href":"https:\/\/api.w.org\/{rel}","templated":true}]}}