{"id":183061,"date":"2025-06-17T10:02:08","date_gmt":"2025-06-17T10:02:08","guid":{"rendered":"https:\/\/www.europesays.com\/fr\/183061\/"},"modified":"2025-06-17T10:02:08","modified_gmt":"2025-06-17T10:02:08","slug":"combien-dargent-public-a-deja-ete-depense-et-par-qui","status":"publish","type":"post","link":"https:\/\/www.europesays.com\/fr\/183061\/","title":{"rendered":"combien d&rsquo;argent public a d\u00e9j\u00e0 \u00e9t\u00e9 d\u00e9pens\u00e9 et par qui\u00a0?"},"content":{"rendered":"<p>            Par<br \/>\n        <strong><br \/>\n            <a href=\"https:\/\/actu.fr\/auteur\/thomas-rideau\" title=\"Consulter tous les articles de Thomas Rideau\" target=\"_blank\" rel=\"noopener\">Thomas Rideau<\/a><br \/>\n        <\/strong><\/p>\n<p>        Publi\u00e9 le<\/p>\n<p>            17 juin 2025 \u00e0 11h04        <\/p>\n<p>Vendredi 13 juin 2025, on a pu croire que la <strong>LNPN<\/strong> (La ligne ferroviaire qui doit relier le Havre \u00e0 Paris) arrivait \u00e0 son terminus. Des \u00e9lus des Yvelines faisant valoir l\u2019approbation par le Conseil d\u2019\u00e9tat de leur sch\u00e9ma territorial dans lequel ne figure pas l<strong>a ligne nouvelle Paris-Normandie<\/strong>. Pour autant, le projet ferroviaire va bien red\u00e9marrer et des <a href=\"https:\/\/actu.fr\/planete\/c-est-inscrit-dans-la-loi-pourquoi-la-ligne-nouvelle-paris-normandie-est-toujours-d-actualite_62778532.html\" target=\"_blank\" rel=\"noopener\">nouvelles r\u00e9unions importantes<\/a> vont avoir lieu dans les prochains jours. D\u2019autant plus que le projet a d\u00e9j\u00e0 co\u00fbt\u00e9 pas mal d\u2019argent public.<\/p>\n<p>Des travaux d\u00e9j\u00e0 dimensionn\u00e9s pour la LNPN<\/p>\n<p class=\" wall-content\">Et cette rondelette somme s\u2019\u00e9l\u00e8ve, d\u2019apr\u00e8s les calculs de la r\u00e9gion normande, \u00e0 plusieurs millions d\u2019euros. Le tout dans des \u00e9tudes, des r\u00e9unions, des consultations. \u00ab\u2009Depuis 15\u00a0ans et les nombreuses phases de concertation, <strong>on arrive \u00e0 100\u00a0millions<\/strong>\u2009\u00bb, repr\u00e9cise Jean-Baptiste Gastinne.<\/p>\n<p class=\" wall-content\">Tous les acteurs du projet ont d\u00e9j\u00e0 d\u00e9pens\u00e9 des sous. La Normandie, l\u2019\u00cele-de-France\u2026 \u00ab\u2009mais <strong>essentiellement l\u2019\u00c9tat<\/strong> jusqu\u2019\u00e0 pr\u00e9sent\u2009\u00bb. Autrement dit, l\u2019argent des citoyens.<\/p>\n<p class=\" wall-content\">Surtout, cet argent a aussi servi concr\u00e8tement \u00e0 <strong>la LNPN<\/strong>. Et notamment au travers des <a href=\"https:\/\/actu.fr\/normandie\/rouen_76540\/sncf-des-travaux-vont-perturber-la-circulation-des-trains-sur-la-ligne-paris-rouen-le-havre-voici-quand_62661846.html\" target=\"_blank\" rel=\"noopener\">c\u00e9l\u00e8bres travaux Eole<\/a>. Ces derniers doivent \u00e9largir l\u2019offre ferroviaire au niveau de Mantes-la-Jolie. Et dans cette offre, on retrouve bien la place pur d\u2019\u00e9ventuels trains normands de la LNPN. \u00ab\u2009Les travaux Eole sont dimensionn\u00e9s la LNPN\u2009!\u2009\u00bb, rappelle l\u2019\u00e9lu \u00e0 la r\u00e9gion.<\/p>\n<p class=\" wall-content\">\u00ab\u2009Ne pas mener \u00e0 bien ce projet serait un g\u00e2chis immense\u2009\u00bb, et tr\u00e8s compliqu\u00e9 \u00e0 expliquer, conclut l\u2019\u00e9lu.<\/p>\n<p>Suivez l\u2019actualit\u00e9 de Rouen <a href=\"https:\/\/www.whatsapp.com\/channel\/0029VaKfnf99hXF2ddApFB1D\" target=\"_blank\" rel=\"noopener\">sur notre cha\u00eene WhatsApp<\/a> et <a href=\"https:\/\/www.tiktok.com\/@76actu.fr?lang=fr\" target=\"_blank\" rel=\"noopener\">sur notre compte TikTok<\/a><\/p>\n<p class=\" wall-content\">Suivez toute l\u2019actualit\u00e9 de vos villes et m\u00e9dias favoris en vous inscrivant \u00e0 <a href=\"https:\/\/moncompte.actu.fr\" title=\"D\u00e9couvez Mon Actu\" rel=\"nofollow noopener\" data-trk=\"{&quot;cta&quot;:{&quot;action&quot;:&quot;https:\\\/\\\/moncompte.actu.fr&quot;,&quot;category&quot;:&quot;mon compte&quot;,&quot;from&quot;:&quot;article footer&quot;,&quot;name&quot;:&quot;Mon actu&quot;,&quot;type&quot;:&quot;cta&quot;}}\" target=\"_blank\">Mon Actu<\/a>.<\/p>\n<ul class=\"ac-article-tag wall-content\">\n<li><a href=\"https:\/\/actu.fr\/tag\/lnpn-ligne-nouvelle-paris-normandie\" data-trk=\"{&quot;cta&quot;:{&quot;action&quot;:&quot;LNPN (Ligne nouvelle Paris Normandie)&quot;,&quot;category&quot;:&quot;tag&quot;,&quot;from&quot;:&quot;article footer&quot;,&quot;name&quot;:&quot;LNPN (Ligne nouvelle Paris Normandie)&quot;,&quot;type&quot;:&quot;cta&quot;}}\" target=\"_blank\" rel=\"noopener\">#LNPN (Ligne nouvelle Paris Normandie)<\/a><\/li>\n<li><a href=\"https:\/\/actu.fr\/tag\/region-normandie\" data-trk=\"{&quot;cta&quot;:{&quot;action&quot;:&quot;R\\u00e9gion Normandie&quot;,&quot;category&quot;:&quot;tag&quot;,&quot;from&quot;:&quot;article footer&quot;,&quot;name&quot;:&quot;R\\u00e9gion Normandie&quot;,&quot;type&quot;:&quot;cta&quot;}}\" target=\"_blank\" rel=\"noopener\">#R\u00e9gion Normandie<\/a><\/li>\n<\/ul>\n<p>                    <script async src=\"\/\/www.tiktok.com\/embed.js\"><\/script><\/p>\n","protected":false},"excerpt":{"rendered":"Par Thomas Rideau Publi\u00e9 le 17 juin 2025 \u00e0 11h04 Vendredi 13 juin 2025, on a pu croire&hellip;\n","protected":false},"author":2,"featured_media":183062,"comment_status":"","ping_status":"","sticky":false,"template":"","format":"standard","meta":{"footnotes":""},"categories":[1888],"tags":[1111,1928,11,1927,33,1777,674,1011,27,31551,12,1926,626,1925,13095,25],"class_list":{"0":"post-183061","1":"post","2":"type-post","3":"status-publish","4":"format-standard","5":"has-post-thumbnail","7":"category-paris","8":"tag-actu","9":"tag-actu-paris","10":"tag-actualites","11":"tag-actualites-paris","12":"tag-economie","13":"tag-eu","14":"tag-europe","15":"tag-fr","16":"tag-france","17":"tag-lnpn-ligne-nouvelle-paris-normandie","18":"tag-news","19":"tag-news-paris","20":"tag-paris","21":"tag-paris-news","22":"tag-region-normandie","23":"tag-republique-francaise"},"share_on_mastodon":{"url":"https:\/\/pubeurope.com\/@fr\/114698135058303171","error":""},"_links":{"self":[{"href":"https:\/\/www.europesays.com\/fr\/wp-json\/wp\/v2\/posts\/183061","targetHints":{"allow":["GET"]}}],"collection":[{"href":"https:\/\/www.europesays.com\/fr\/wp-json\/wp\/v2\/posts"}],"about":[{"href":"https:\/\/www.europesays.com\/fr\/wp-json\/wp\/v2\/types\/post"}],"author":[{"embeddable":true,"href":"https:\/\/www.europesays.com\/fr\/wp-json\/wp\/v2\/users\/2"}],"replies":[{"embeddable":true,"href":"https:\/\/www.europesays.com\/fr\/wp-json\/wp\/v2\/comments?post=183061"}],"version-history":[{"count":0,"href":"https:\/\/www.europesays.com\/fr\/wp-json\/wp\/v2\/posts\/183061\/revisions"}],"wp:featuredmedia":[{"embeddable":true,"href":"https:\/\/www.europesays.com\/fr\/wp-json\/wp\/v2\/media\/183062"}],"wp:attachment":[{"href":"https:\/\/www.europesays.com\/fr\/wp-json\/wp\/v2\/media?parent=183061"}],"wp:term":[{"taxonomy":"category","embeddable":true,"href":"https:\/\/www.europesays.com\/fr\/wp-json\/wp\/v2\/categories?post=183061"},{"taxonomy":"post_tag","embeddable":true,"href":"https:\/\/www.europesays.com\/fr\/wp-json\/wp\/v2\/tags?post=183061"}],"curies":[{"name":"wp","href":"https:\/\/api.w.org\/{rel}","templated":true}]}}