{"id":183071,"date":"2025-06-17T10:07:13","date_gmt":"2025-06-17T10:07:13","guid":{"rendered":"https:\/\/www.europesays.com\/fr\/183071\/"},"modified":"2025-06-17T10:07:13","modified_gmt":"2025-06-17T10:07:13","slug":"cinquieme-nuit-de-guerre-entre-liran-et-israel-frappes-meurtrieres-en-ukraine-fin-du-conclave-lactu-de-ce-mardi-17-juin-au-matin-liberation","status":"publish","type":"post","link":"https:\/\/www.europesays.com\/fr\/183071\/","title":{"rendered":"Cinqui\u00e8me nuit de guerre entre l\u2019Iran et Isra\u00ebl, frappes meurtri\u00e8res en Ukraine, fin du conclave\u2026 L\u2019actu de ce mardi 17\u00a0juin au matin \u2013 Lib\u00e9ration"},"content":{"rendered":"<p class=\"sc-ksZaOG ehjQrN text-element\">Chaque matin, la r\u00e9daction de Lib\u00e9 s\u00e9lectionne les actualit\u00e9s incontournables en France, dans le reste du monde et celles \u00e0 suivre au cours de la journ\u00e9e.<\/p>\n<p class=\"sc-ksZaOG ehjQrN text-element\">L\u2019Etat h\u00e9breu et T\u00e9h\u00e9ran ont de <a href=\"https:\/\/www.liberation.fr\/international\/moyen-orient\/guerre-israel-iran-la-spirale-de-violence-se-poursuit-le-bilan-salourdit-20250616_HKD64HFQ7RBLDJWUBQ5H7TIKPM\/\" target=\"_blank\" rel=\"noreferrer noopener\" title=\"https:\/\/www.liberation.fr\/international\/moyen-orient\/guerre-israel-iran-la-spirale-de-violence-se-poursuit-le-bilan-salourdit-20250616_HKD64HFQ7RBLDJWUBQ5H7TIKPM\/\">nouveau \u00e9chang\u00e9 des salves de missiles et des menaces guerri\u00e8res<\/a> pour la cinqui\u00e8me nuit cons\u00e9cutive. Lundi soir, l\u2019arm\u00e9e de l\u2019air isra\u00e9lienne a d\u00e9clar\u00e9 que ses forces frappaient \u00abdes infrastructures de missiles sol-sol dans l\u2019ouest de l\u2019Iran\u00bb, alors que l\u2019Iran avait promis des frappes sur Isra\u00ebl \u00absans interruption jusqu\u2019\u00e0 l\u2019aube\u00bb.<b> <\/b><a href=\"https:\/\/www.liberation.fr\/international\/amerique\/la-guerre-entre-israel-et-liran-complique-un-peu-plus-le-sommet-du-g7-20250616_KIKR7TEVSFFCLPK4NZTVDM2FZM\/\" target=\"_blank\" rel=\"noreferrer noopener\" title=\"https:\/\/www.liberation.fr\/international\/amerique\/la-guerre-entre-israel-et-liran-complique-un-peu-plus-le-sommet-du-g7-20250616_KIKR7TEVSFFCLPK4NZTVDM2FZM\/\">En parall\u00e8le, les pays du G7, r\u00e9unis au Canada<\/a>, ont affirm\u00e9 que l\u2019Iran ne devrait \u00abjamais disposer d\u2019une arme nucl\u00e9aire\u00bb. Apr\u00e8s cette d\u00e9claration commune, <a href=\"https:\/\/www.liberation.fr\/international\/amerique\/reparti-a-washington-donald-trump-plante-le-g7-pour-rentrer-jouer-avec-le-feu-israelo-iranien-20250617_OH256QTFENCHVFD6FCZBOQYMYI\/\" target=\"_blank\" rel=\"noopener\" title=\"https:\/\/www.liberation.fr\/international\/amerique\/reparti-a-washington-donald-trump-plante-le-g7-pour-rentrer-jouer-avec-le-feu-israelo-iranien-20250617_OH256QTFENCHVFD6FCZBOQYMYI\/\">Donald Trump a quitt\u00e9 pr\u00e9matur\u00e9ment le sommet<\/a> \u00ab\u00e0 cause de ce qui se passe au Moyen-Orient\u00bb. <a href=\"https:\/\/www.liberation.fr\/international\/moyen-orient\/en-direct-guerre-entre-israel-et-liran-tsahal-dit-avoir-conduit-plusieurs-frappes-de-grande-envergure-20250617_FYLCFX4FHJDSVC7G4DNAFOODBY\/\" target=\"_blank\" rel=\"noopener\" title=\"https:\/\/www.liberation.fr\/international\/moyen-orient\/en-direct-guerre-entre-israel-et-liran-tsahal-dit-avoir-conduit-plusieurs-frappes-de-grande-envergure-20250617_FYLCFX4FHJDSVC7G4DNAFOODBY\/\">Suivez notre direct tout au long de la journ\u00e9e.<\/a><\/p>\n<p class=\"sc-ksZaOG ehjQrN text-element\"><a href=\"https:\/\/www.liberation.fr\/dossier\/ukraine-la-crise\/\" target=\"_blank\" rel=\"noreferrer noopener\" title=\"https:\/\/www.liberation.fr\/dossier\/ukraine-la-crise\/\">Des frappes russes<\/a> ont fait au moins 14 morts dans la nuit de lundi \u00e0 mardi dans la capitale ukrainienne, a annonc\u00e9 le chef de l\u2019administration militaire de la ville, Timour Tkatchenko. Il a pr\u00e9cis\u00e9 que des recherches \u00e9taient en cours pour retrouver des victimes potentielles dans les d\u00e9combres. Le nombre de bless\u00e9s s\u2019\u00e9l\u00e8ve d\u00e9sormais \u00e0 44, pr\u00e9cise pour sa part Ihor Klymenko, le ministre de l\u2019Int\u00e9rieur ukrainien. \u00abDes immeubles r\u00e9sidentiels, des \u00e9tablissements \u00e9ducatifs et des infrastructures critiques\u00bb ont notamment \u00e9t\u00e9 pris pour cibles, a-t-il encore ajout\u00e9.<\/p>\n<p class=\"sc-ksZaOG ehjQrN text-element\">La conductrice d\u2019une Citro\u00ebn C3 est morte le 11 juin \u00e0 Reims \u00e0 la suite du <a href=\"https:\/\/www.liberation.fr\/economie\/transports\/takata-un-nouvel-accident-mortel-relie-a-lairbag-defectueux-en-guadeloupe-20250512_ZVSHFFLSRVFQFILXOBZZXHTI6Q\/\" target=\"_blank\" rel=\"noreferrer noopener\" title=\"https:\/\/www.liberation.fr\/economie\/transports\/takata-un-nouvel-accident-mortel-relie-a-lairbag-defectueux-en-guadeloupe-20250512_ZVSHFFLSRVFQFILXOBZZXHTI6Q\/\">d\u00e9clenchement de son airbag de marque Takata<\/a>, a d\u00e9clar\u00e9, lundi 16 juin, le parquet de la ville. Il s\u2019agit du quatorzi\u00e8me d\u00e9c\u00e8s d\u00fb \u00e0 ces dispositifs d\u00e9faillants en France, et du deuxi\u00e8me en m\u00e9tropole. <a href=\"https:\/\/www.liberation.fr\/international\/plus-de-2-700-vehicules-encore-concernes-par-les-airbags-takata-defectueux-en-guadeloupe-20250514_2QGIQFO74VCYPJAR5PZIHXGBFY\/\" target=\"_blank\" rel=\"noreferrer noopener\" title=\"https:\/\/www.liberation.fr\/international\/plus-de-2-700-vehicules-encore-concernes-par-les-airbags-takata-defectueux-en-guadeloupe-20250514_2QGIQFO74VCYPJAR5PZIHXGBFY\/\">Le scandale des airbags Takata secoue le secteur de l\u2019automobile depuis 2014,<\/a> for\u00e7ant de nombreux constructeurs \u00e0 immobiliser des centaines de milliers de v\u00e9hicules \u00e0 travers le monde, afin de remplacer ces \u00e9quipements de s\u00e9curit\u00e9.<\/p>\n<p class=\"sc-ksZaOG ehjQrN text-element\"><b>Dernier jour du conclave sur les retraites<\/b><\/p>\n<p class=\"sc-ksZaOG ehjQrN text-element\">Impuls\u00e9 par Fran\u00e7ois Bayrou, le \u00abconclave\u00bb des partenaires sociaux sur les retraites <a href=\"https:\/\/www.liberation.fr\/politique\/conclave-des-retraites-menace-francois-bayrou-planche-sur-son-salut-20250617_6O3ZCUCJHNECLE773XLF356EX4\/\" target=\"_blank\" rel=\"noreferrer noopener\" title=\"https:\/\/www.liberation.fr\/politique\/conclave-des-retraites-menace-francois-bayrou-planche-sur-son-salut-20250617_6O3ZCUCJHNECLE773XLF356EX4\/\">doit s\u2019achever ce mardi par une derni\u00e8re r\u00e9union,<\/a> entre \u00e2ge de d\u00e9part qui ne bougerait pas et contreparties sur la p\u00e9nibilit\u00e9. Le Premier ministre s\u2019est toutefois dit lundi pr\u00eat \u00e0 accorder \u00abquelques jours de plus\u00bb de n\u00e9gociations aux cinq participants encore pr\u00e9sents \u2013 CFDT, CFTC, CFE-CGC c\u00f4t\u00e9 syndical, Medef et CPME c\u00f4t\u00e9 patronal. Il a notamment lanc\u00e9 une nouvelle proposition, accorder une \u00abprime\u00bb aux salari\u00e9s seniors.<\/p>\n<p class=\"sc-ksZaOG ehjQrN text-element\"><b>Fillon fix\u00e9 sur sa peine dans l\u2019affaire des emplois fictifs<\/b><\/p>\n<p class=\"sc-ksZaOG ehjQrN text-element\">L\u2019ancien Premier ministre doit \u00eatre fix\u00e9 sur sa peine dans <a href=\"https:\/\/www.liberation.fr\/politique\/affaire-des-emplois-fictifs-francois-fillon-a-commence-a-rembourser-lassemblee-nationale-20250429_NT6H44W44NHTJDC4A7I76RRIQM\/\" target=\"_blank\" rel=\"noreferrer noopener\" title=\"https:\/\/www.liberation.fr\/politique\/affaire-des-emplois-fictifs-francois-fillon-a-commence-a-rembourser-lassemblee-nationale-20250429_NT6H44W44NHTJDC4A7I76RRIQM\/\">l\u2019affaire des emplois pr\u00e9sum\u00e9s fictifs de son \u00e9pouse,<\/a> Penelope, ce mardi 17 juin, \u00e0 partir de 13 h 30. <a href=\"https:\/\/www.liberation.fr\/societe\/police-justice\/affaire-des-emplois-fictifs-fillon-definitivement-coupable-nouveau-proces-a-venir-pour-fixer-sa-peine-20240424_PW6HACDMPJC5XGDUFYZ4P33F4Q\/\" target=\"_blank\" rel=\"noreferrer noopener\" title=\"https:\/\/www.liberation.fr\/societe\/police-justice\/affaire-des-emplois-fictifs-fillon-definitivement-coupable-nouveau-proces-a-venir-pour-fixer-sa-peine-20240424_PW6HACDMPJC5XGDUFYZ4P33F4Q\/\">Cette affaire lui a valu d\u2019\u00eatre reconnu d\u00e9finitivement coupable de d\u00e9tournements de fonds publics.<\/a> L\u2019ex-locataire de Matignon, 71 ans, ne sera n\u00e9anmoins pas pr\u00e9sent au d\u00e9lib\u00e9r\u00e9, selon son avocat, Me Antonin Levy.<\/p>\n","protected":false},"excerpt":{"rendered":"Chaque matin, la r\u00e9daction de Lib\u00e9 s\u00e9lectionne les actualit\u00e9s incontournables en France, dans le reste du monde et&hellip;\n","protected":false},"author":2,"featured_media":183072,"comment_status":"","ping_status":"","sticky":false,"template":"","format":"standard","meta":{"footnotes":""},"categories":[1590],"tags":[11,1777,674,12,4702,220],"class_list":{"0":"post-183071","1":"post","2":"type-post","3":"status-publish","4":"format-standard","5":"has-post-thumbnail","7":"category-ukraine","8":"tag-actualites","9":"tag-eu","10":"tag-europe","11":"tag-news","12":"tag-recap-actu","13":"tag-ukraine"},"share_on_mastodon":{"url":"https:\/\/pubeurope.com\/@fr\/114698154369040548","error":""},"_links":{"self":[{"href":"https:\/\/www.europesays.com\/fr\/wp-json\/wp\/v2\/posts\/183071","targetHints":{"allow":["GET"]}}],"collection":[{"href":"https:\/\/www.europesays.com\/fr\/wp-json\/wp\/v2\/posts"}],"about":[{"href":"https:\/\/www.europesays.com\/fr\/wp-json\/wp\/v2\/types\/post"}],"author":[{"embeddable":true,"href":"https:\/\/www.europesays.com\/fr\/wp-json\/wp\/v2\/users\/2"}],"replies":[{"embeddable":true,"href":"https:\/\/www.europesays.com\/fr\/wp-json\/wp\/v2\/comments?post=183071"}],"version-history":[{"count":0,"href":"https:\/\/www.europesays.com\/fr\/wp-json\/wp\/v2\/posts\/183071\/revisions"}],"wp:featuredmedia":[{"embeddable":true,"href":"https:\/\/www.europesays.com\/fr\/wp-json\/wp\/v2\/media\/183072"}],"wp:attachment":[{"href":"https:\/\/www.europesays.com\/fr\/wp-json\/wp\/v2\/media?parent=183071"}],"wp:term":[{"taxonomy":"category","embeddable":true,"href":"https:\/\/www.europesays.com\/fr\/wp-json\/wp\/v2\/categories?post=183071"},{"taxonomy":"post_tag","embeddable":true,"href":"https:\/\/www.europesays.com\/fr\/wp-json\/wp\/v2\/tags?post=183071"}],"curies":[{"name":"wp","href":"https:\/\/api.w.org\/{rel}","templated":true}]}}