{"id":183075,"date":"2025-06-17T10:09:14","date_gmt":"2025-06-17T10:09:14","guid":{"rendered":"https:\/\/www.europesays.com\/fr\/183075\/"},"modified":"2025-06-17T10:09:14","modified_gmt":"2025-06-17T10:09:14","slug":"multimedia-les-dirigeants-des-etats-unis-et-du-royaume-uni-signent-un-accord-commercial-au-sommet-du-g7-xinhua","status":"publish","type":"post","link":"https:\/\/www.europesays.com\/fr\/183075\/","title":{"rendered":"(Multim\u00e9dia) Les dirigeants des Etats-Unis et du Royaume-Uni signent un accord commercial au sommet du G7 &#8211; Xinhua"},"content":{"rendered":"<p><img decoding=\"async\" controls=\"controls\" src=\"https:\/\/www.europesays.com\/fr\/wp-content\/uploads\/2025\/06\/20250617ad0ebc81c0fe403fbc955bc1f7c3a3fa_XxjifrF007046_20250617_CBMFN0A001.jpg\"\/>Photos d&rsquo;archives du pr\u00e9sident am\u00e9ricain Donald Trump et du Premier ministre britannique Keir Starmer. (Xinhua)<\/p>\n<p><strong>Le pr\u00e9sident am\u00e9ricain Donald Trump et le Premier ministre britannique Keir Starmer ont sign\u00e9 lundi un accord commercial lors du sommet du G7 au Canada.<\/strong><\/p>\n<p>NEW YORK, 17 juin (Xinhua) &#8212; Le pr\u00e9sident am\u00e9ricain Donald Trump et le Premier ministre britannique Keir Starmer ont sign\u00e9 lundi un accord commercial lors du sommet du G7 au Canada.<\/p>\n<p>\u00ab\u00a0Nous l&rsquo;avons sign\u00e9 et c&rsquo;est fait\u00a0\u00bb, a d\u00e9clar\u00e9 M. Trump. M. Starmer a indiqu\u00e9 que l&rsquo;accord mettrait en \u0153uvre des accords bilat\u00e9raux sur les droits de douane dans les secteurs de l&rsquo;automobile et de l&rsquo;a\u00e9rospatiale.<\/p>\n<p>La Maison Blanche a publi\u00e9 un d\u00e9cret lundi pour mettre en \u0153uvre les conditions g\u00e9n\u00e9rales de l&rsquo;accord commercial annonc\u00e9 le 8 mai.<\/p>\n<p>Les Etats-Unis \u00e9tabliront un contingent tarifaire annuel de 100.000 automobiles, autorisant des droits de douane de 10% pour les importations dans les limites du contingent, selon le d\u00e9cret. En attendant, les importations d&rsquo;automobiles d\u00e9passant le contingent tarifaire resteront soumises au tarif de 25% impos\u00e9 par la proclamation sur l&rsquo;ajustement des importations d&rsquo;automobiles et de pi\u00e8ces d\u00e9tach\u00e9es du 26 mars.<\/p>\n<p>Les importations am\u00e9ricaines de pi\u00e8ces automobiles fabriqu\u00e9es au Royaume-Uni et destin\u00e9es \u00e0 \u00eatre utilis\u00e9es dans des automobiles britanniques seront soumises \u00e0 un droit de douane de 10% au lieu des 25% impos\u00e9s par la proclamation susmentionn\u00e9e.<\/p>\n<p>En outre, les Etats-Unis ont d\u00e9cid\u00e9 d&rsquo;exempter les avions civils britanniques de l&rsquo;application des proclamations sur l&rsquo;acier et l&rsquo;aluminium publi\u00e9es le 8 mars et d&rsquo;un d\u00e9cret publi\u00e9 le 2 avril.<\/p>\n<p>M. Trump a demand\u00e9 au secr\u00e9taire am\u00e9ricain au Commerce de concevoir et d&rsquo;\u00e9tablir un contingent tarifaire pour les articles en aluminium et en acier et les articles d\u00e9riv\u00e9s fabriqu\u00e9s en au Royaume-Uni \u00e0 l&rsquo;avenir.\u25a0<\/p>\n","protected":false},"excerpt":{"rendered":"Photos d&rsquo;archives du pr\u00e9sident am\u00e9ricain Donald Trump et du Premier ministre britannique Keir Starmer. (Xinhua) Le pr\u00e9sident am\u00e9ricain&hellip;\n","protected":false},"author":2,"featured_media":183076,"comment_status":"","ping_status":"","sticky":false,"template":"","format":"standard","meta":{"footnotes":""},"categories":[1588],"tags":[11,2388,32125,1777,674,12,473,1853,1851,1850,1852],"class_list":{"0":"post-183075","1":"post","2":"type-post","3":"status-publish","4":"format-standard","5":"has-post-thumbnail","7":"category-royaume-uni","8":"tag-actualites","9":"tag-droits-de-douane","10":"tag-etats-unis-grande-bretagne","11":"tag-eu","12":"tag-europe","13":"tag-news","14":"tag-royaume-uni","15":"tag-royaume-uni-de-grande-bretagne-et-dirlande-du-nord","16":"tag-uk","17":"tag-united-kingdom","18":"tag-united-kingdom-of-great-britain-and-northern-ireland"},"share_on_mastodon":{"url":"https:\/\/pubeurope.com\/@fr\/114698162340418213","error":""},"_links":{"self":[{"href":"https:\/\/www.europesays.com\/fr\/wp-json\/wp\/v2\/posts\/183075","targetHints":{"allow":["GET"]}}],"collection":[{"href":"https:\/\/www.europesays.com\/fr\/wp-json\/wp\/v2\/posts"}],"about":[{"href":"https:\/\/www.europesays.com\/fr\/wp-json\/wp\/v2\/types\/post"}],"author":[{"embeddable":true,"href":"https:\/\/www.europesays.com\/fr\/wp-json\/wp\/v2\/users\/2"}],"replies":[{"embeddable":true,"href":"https:\/\/www.europesays.com\/fr\/wp-json\/wp\/v2\/comments?post=183075"}],"version-history":[{"count":0,"href":"https:\/\/www.europesays.com\/fr\/wp-json\/wp\/v2\/posts\/183075\/revisions"}],"wp:featuredmedia":[{"embeddable":true,"href":"https:\/\/www.europesays.com\/fr\/wp-json\/wp\/v2\/media\/183076"}],"wp:attachment":[{"href":"https:\/\/www.europesays.com\/fr\/wp-json\/wp\/v2\/media?parent=183075"}],"wp:term":[{"taxonomy":"category","embeddable":true,"href":"https:\/\/www.europesays.com\/fr\/wp-json\/wp\/v2\/categories?post=183075"},{"taxonomy":"post_tag","embeddable":true,"href":"https:\/\/www.europesays.com\/fr\/wp-json\/wp\/v2\/tags?post=183075"}],"curies":[{"name":"wp","href":"https:\/\/api.w.org\/{rel}","templated":true}]}}