{"id":183081,"date":"2025-06-17T10:12:11","date_gmt":"2025-06-17T10:12:11","guid":{"rendered":"https:\/\/www.europesays.com\/fr\/183081\/"},"modified":"2025-06-17T10:12:11","modified_gmt":"2025-06-17T10:12:11","slug":"ce-jour-ou-denis-brogniart-a-failli-rencontrer-son-idole","status":"publish","type":"post","link":"https:\/\/www.europesays.com\/fr\/183081\/","title":{"rendered":"ce jour o\u00f9 Denis Brogniart a failli rencontrer son idole"},"content":{"rendered":"<p>Anne-\u00c9lisabeth Lemoine recevait Denis Brogniart et Jalil Lespert sur son plateau de C \u00e0 vous, ce lundi 16 juin 2025. Tandis que le premier est venu parler du clap de fin de La Revanche des 4 Terres de Koh-Lanta, le deuxi\u00e8me est venu faire la promotion de son documentaire Dakar Chronicles, qui sortira en salles ce mercredi. Alors que la discussion tournait autour du Rallye Dakar, le chroniqueur Mohamed Bouhafsi en a profit\u00e9 pour \u00e9voquer Hubert Auriol, pilote automobile qui a anim\u00e9 la premi\u00e8re saison de Koh-Lanta, en 2001 : \u00ab\u00a0Denis, vous \u00eates passionn\u00e9 par tous les sports et vous avez crois\u00e9 des ic\u00f4nes du sport dans votre carri\u00e8re. La premi\u00e8re saison de Koh-Lanta d&rsquo;ailleurs, ce n&rsquo;est pas vous qui la pr\u00e9sentiez, mais le pilote de rallye Hubert Auriol, triple vainqueur de la course.\u00a0\u00bb Sur sa lanc\u00e9e, le journaliste diffuse des images d&rsquo;Hubert Auriol datant de janvier 1987. Souffrant de fractures aux deux chevilles, le pilote avait fr\u00f4l\u00e9 la victoire au Dakar.<\/p>\n<p>Ne cachant pas son \u00e9motion devant la s\u00e9quence, Denis Brogniart explique avoir \u00ab\u00a0une affection tr\u00e8s, tr\u00e8s forte pour Hubert Auriol\u00a0\u00bb, et se livre \u00e0 une anecdote pour le moins \u00e9tonnante. \u00ab\u00a0Pour la petite histoire, c&rsquo;est la premi\u00e8re interview que j&rsquo;ai esp\u00e9r\u00e9 faire. C\u2019est-\u00e0-dire qu&rsquo;un jour, je me suis transform\u00e9, j&rsquo;\u00e9tais un gamin quand c&rsquo;est arriv\u00e9 [l&rsquo;accident d&rsquo;Hubert Auriol qui lui a co\u00fbt\u00e9 la victoire, ndlr], enfin j&rsquo;avais 20 ans, je n&rsquo;\u00e9tais pas encore journaliste, j&rsquo;ai pris mon t\u00e9l\u00e9phone, je me suis fait passer pour un journaliste d&rsquo;une (&#8230;)<\/p>\n<p>(&#8230;) <a href=\"https:\/\/www.femmeactuelle.fr\/actu\/news-actu\/j-ai-eu-tellement-peur-que-j-ai-raccroche-ce-jour-ou-denis-brogniart-a-failli-rencontrer-son-idole-2194525\" rel=\"nofollow noopener\" target=\"_blank\" data-ylk=\"slk:Cliquez ici pour voir la suite;elm:context_link;itc:0;sec:content-canvas\" class=\"link \">Cliquez ici pour voir la suite<\/a><\/p>\n<p><a href=\"https:\/\/www.femmeactuelle.fr\/actu\/news-actu\/j-ai-cru-mourir-jarry-a-eu-la-peur-de-sa-vie-lors-d-un-voyage-en-avion-2179791\" rel=\"nofollow noopener\" target=\"_blank\" data-ylk=\"slk:&quot;J&#039;ai cru mourir&quot; : Jarry a eu la peur de sa vie lors d&#039;un voyage en avion;elm:context_link;itc:0;sec:content-canvas\" class=\"link \">\u00ab\u00a0J&rsquo;ai cru mourir\u00a0\u00bb : Jarry a eu la peur de sa vie lors d&rsquo;un voyage en avion<\/a><br \/><a href=\"https:\/\/www.femmeactuelle.fr\/actu\/news-actu\/jai-peur-cette-chose-que-jacques-legros-apprehende-lors-de-son-dernier-jt-2192207\" rel=\"nofollow noopener\" target=\"_blank\" data-ylk=\"slk:&quot;J\u2019ai peur\u2026&quot; : cette chose que Jacques Legros appr\u00e9hende lors de son dernier JT;elm:context_link;itc:0;sec:content-canvas\" class=\"link \">\u00ab\u00a0J\u2019ai peur\u2026\u00a0\u00bb : cette chose que Jacques Legros appr\u00e9hende lors de son dernier JT<\/a><br \/><a href=\"https:\/\/www.femmeactuelle.fr\/actu\/news-actu\/je-n-ai-pas-su-voir-ce-qu-il-se-passait-laurence-boccolini-revient-sur-le-jour-ou-elle-a-quitte-son-compagnon-violent-2190306\" rel=\"nofollow noopener\" target=\"_blank\" data-ylk=\"slk:&quot;Je n&#039;ai pas su voir ce qu&#039;il se passait&quot; : Laurence Boccolini revient sur le jour o\u00f9 elle a quitt\u00e9 son compagnon violent;elm:context_link;itc:0;sec:content-canvas\" class=\"link \">\u00ab\u00a0Je n&rsquo;ai pas su voir ce qu&rsquo;il se passait\u00a0\u00bb : Laurence Boccolini revient sur le jour o\u00f9 elle a quitt\u00e9 son compagnon violent<\/a><br \/><a href=\"https:\/\/www.femmeactuelle.fr\/actu\/news-actu\/jai-eu-peur-cet-amusante-coincidence-a-laquelle-yvan-attal-doit-faire-face-au-quotidien-2169470\" rel=\"nofollow noopener\" target=\"_blank\" data-ylk=\"slk:&quot;J\u2019ai eu peur&quot; : cette amusante co\u00efncidence \u00e0 laquelle Yvan Attal doit faire face au quotidien;elm:context_link;itc:0;sec:content-canvas\" class=\"link \">\u00ab\u00a0J\u2019ai eu peur\u00a0\u00bb : cette amusante co\u00efncidence \u00e0 laquelle Yvan Attal doit faire face au quotidien<\/a><br \/><a href=\"https:\/\/www.femmeactuelle.fr\/actu\/news-actu\/j-ai-voulu-leur-montrer-calogero-revient-avec-emotion-sur-le-jour-ou-sa-vie-a-bascule-2185921\" rel=\"nofollow noopener\" target=\"_blank\" data-ylk=\"slk:&quot;J&#039;ai voulu leur montrer...&quot; : Calogero revient avec \u00e9motion sur le jour o\u00f9 sa vie a bascul\u00e9;elm:context_link;itc:0;sec:content-canvas\" class=\"link \">\u00ab\u00a0J&rsquo;ai voulu leur montrer&#8230;\u00a0\u00bb : Calogero revient avec \u00e9motion sur le jour o\u00f9 sa vie a bascul\u00e9<\/a><\/p>\n","protected":false},"excerpt":{"rendered":"Anne-\u00c9lisabeth Lemoine recevait Denis Brogniart et Jalil Lespert sur son plateau de C \u00e0 vous, ce lundi 16&hellip;\n","protected":false},"author":2,"featured_media":183082,"comment_status":"","ping_status":"","sticky":false,"template":"","format":"standard","meta":{"footnotes":""},"categories":[1586],"tags":[11,5631,681,1777,674,1779,1011,27,32126,32127,680,12,32128,25,1778,364],"class_list":{"0":"post-183081","1":"post","2":"type-post","3":"status-publish","4":"format-standard","5":"has-post-thumbnail","7":"category-europe","8":"tag-actualites","9":"tag-anne-elisabeth-lemoine","10":"tag-denis-brogniart","11":"tag-eu","12":"tag-europe","13":"tag-european-union","14":"tag-fr","15":"tag-france","16":"tag-hubert-auriol","17":"tag-jalil-lespert","18":"tag-koh-lanta","19":"tag-news","20":"tag-rallye-dakar","21":"tag-republique-francaise","22":"tag-ue","23":"tag-union-europeenne"},"share_on_mastodon":{"url":"https:\/\/pubeurope.com\/@fr\/114698174173656990","error":""},"_links":{"self":[{"href":"https:\/\/www.europesays.com\/fr\/wp-json\/wp\/v2\/posts\/183081","targetHints":{"allow":["GET"]}}],"collection":[{"href":"https:\/\/www.europesays.com\/fr\/wp-json\/wp\/v2\/posts"}],"about":[{"href":"https:\/\/www.europesays.com\/fr\/wp-json\/wp\/v2\/types\/post"}],"author":[{"embeddable":true,"href":"https:\/\/www.europesays.com\/fr\/wp-json\/wp\/v2\/users\/2"}],"replies":[{"embeddable":true,"href":"https:\/\/www.europesays.com\/fr\/wp-json\/wp\/v2\/comments?post=183081"}],"version-history":[{"count":0,"href":"https:\/\/www.europesays.com\/fr\/wp-json\/wp\/v2\/posts\/183081\/revisions"}],"wp:featuredmedia":[{"embeddable":true,"href":"https:\/\/www.europesays.com\/fr\/wp-json\/wp\/v2\/media\/183082"}],"wp:attachment":[{"href":"https:\/\/www.europesays.com\/fr\/wp-json\/wp\/v2\/media?parent=183081"}],"wp:term":[{"taxonomy":"category","embeddable":true,"href":"https:\/\/www.europesays.com\/fr\/wp-json\/wp\/v2\/categories?post=183081"},{"taxonomy":"post_tag","embeddable":true,"href":"https:\/\/www.europesays.com\/fr\/wp-json\/wp\/v2\/tags?post=183081"}],"curies":[{"name":"wp","href":"https:\/\/api.w.org\/{rel}","templated":true}]}}