{"id":183085,"date":"2025-06-17T10:14:15","date_gmt":"2025-06-17T10:14:15","guid":{"rendered":"https:\/\/www.europesays.com\/fr\/183085\/"},"modified":"2025-06-17T10:14:15","modified_gmt":"2025-06-17T10:14:15","slug":"un-enfant-de-7-ans-retrouve-avec-un-couteau-a-steak-dans-une-ecole","status":"publish","type":"post","link":"https:\/\/www.europesays.com\/fr\/183085\/","title":{"rendered":"Un enfant de 7 ans retrouv\u00e9 avec un couteau \u00e0 steak dans une \u00e9cole"},"content":{"rendered":"<p>Quelle mauvaise id\u00e9e. Un enfant de 7 ans a \u00e9t\u00e9 trouv\u00e9 en possession d\u2019un couteau \u00e0 steak dans une \u00e9cole de <a href=\"https:\/\/www.20minutes.fr\/societe\/mulhouse\/\" class=\"color-ultramarine c-link\" target=\"_blank\" rel=\"noopener\">Mulhouse<\/a> (<a href=\"https:\/\/www.20minutes.fr\/dossier\/haut-rhin\" class=\"color-ultramarine c-link\" target=\"_blank\" rel=\"noopener\">Haut-Rhin<\/a>), o\u00f9 il se vantait de vouloir agresser un camarade, a-t-on appris mardi de source polici\u00e8re.<\/p>\n<p>Le petit gar\u00e7on a \u00e9t\u00e9 conduit au commissariat apr\u00e8s l\u2019incident survenu lundi apr\u00e8s-midi \u00e0 l\u2019<a href=\"https:\/\/www.20minutes.fr\/societe\/ecole-primaire\/\" class=\"color-ultramarine c-link\" target=\"_blank\" rel=\"noopener\">\u00e9cole \u00e9l\u00e9mentaire<\/a> Koechlin, selon la m\u00eame source, en attendant qu\u2019il soit r\u00e9cup\u00e9r\u00e9 par un adulte responsable.<\/p>\n<\/p>\n<p>Le couteau n\u2019a pas \u00e9t\u00e9 d\u00e9couvert lors d\u2019une fouille des sacs \u00e0 l\u2019entr\u00e9e, a indiqu\u00e9 le recteur de l\u2019Acad\u00e9mie de <a href=\"https:\/\/www.20minutes.fr\/strasbourg\/\" class=\"color-ultramarine c-link\" target=\"_blank\" rel=\"noopener\">Strasbourg<\/a>, Olivier Klein. \u00ab\u00a0Il semble qu\u2019il se soit vant\u00e9\u00a0\u00bb de pouvoir s\u2019en servir \u00e0 l\u2019encontre d\u2019un de ses camarades, a d\u00e9clar\u00e9 le recteur.<\/p>\n<p>Une semaine apr\u00e8s le <a href=\"https:\/\/www.20minutes.fr\/societe\/4158263-20250612-surveillante-tuee-nogent-collegien-mis-examen-meurtre-place-detention\" target=\"_blank\" class=\"color-ultramarine c-link\" rel=\"noopener\">meurtre d\u2019une surveillante dans un coll\u00e8ge de Nogent<\/a> (<a href=\"https:\/\/www.20minutes.fr\/dossier\/haute-marne\" class=\"color-ultramarine c-link\" target=\"_blank\" rel=\"noopener\">Haute-Marne<\/a>) par un \u00e9l\u00e8ve \u00e2g\u00e9 de 14 ans, M.\u00a0Klein a jug\u00e9 \u00ab\u00a0inqui\u00e9tant\u00a0\u00bb la pr\u00e9sence d\u2019un couteau entre les mains d\u2019un jeune gar\u00e7on. \u00ab\u00a0Il y aura une enqu\u00eate confi\u00e9e \u00e0 la police qui va suivre son cours\u00a0\u00bb, a-t-il dit.<\/p>\n","protected":false},"excerpt":{"rendered":"Quelle mauvaise id\u00e9e. Un enfant de 7 ans a \u00e9t\u00e9 trouv\u00e9 en possession d\u2019un couteau \u00e0 steak dans&hellip;\n","protected":false},"author":2,"featured_media":183086,"comment_status":"","ping_status":"","sticky":false,"template":"","format":"standard","meta":{"footnotes":""},"categories":[2],"tags":[47,11,2389,23612,118,1011,27,775,1637,30237,1634,12,25],"class_list":{"0":"post-183085","1":"post","2":"type-post","3":"status-publish","4":"format-standard","5":"has-post-thumbnail","7":"category-actualites","8":"tag-actualite","9":"tag-actualites","10":"tag-alsace","11":"tag-ecole-primaire","12":"tag-faits-divers","13":"tag-fr","14":"tag-france","15":"tag-grand-est","16":"tag-haut-rhin","17":"tag-haute-marne","18":"tag-mulhouse","19":"tag-news","20":"tag-republique-francaise"},"share_on_mastodon":{"url":"https:\/\/pubeurope.com\/@fr\/114698181980713764","error":""},"_links":{"self":[{"href":"https:\/\/www.europesays.com\/fr\/wp-json\/wp\/v2\/posts\/183085","targetHints":{"allow":["GET"]}}],"collection":[{"href":"https:\/\/www.europesays.com\/fr\/wp-json\/wp\/v2\/posts"}],"about":[{"href":"https:\/\/www.europesays.com\/fr\/wp-json\/wp\/v2\/types\/post"}],"author":[{"embeddable":true,"href":"https:\/\/www.europesays.com\/fr\/wp-json\/wp\/v2\/users\/2"}],"replies":[{"embeddable":true,"href":"https:\/\/www.europesays.com\/fr\/wp-json\/wp\/v2\/comments?post=183085"}],"version-history":[{"count":0,"href":"https:\/\/www.europesays.com\/fr\/wp-json\/wp\/v2\/posts\/183085\/revisions"}],"wp:featuredmedia":[{"embeddable":true,"href":"https:\/\/www.europesays.com\/fr\/wp-json\/wp\/v2\/media\/183086"}],"wp:attachment":[{"href":"https:\/\/www.europesays.com\/fr\/wp-json\/wp\/v2\/media?parent=183085"}],"wp:term":[{"taxonomy":"category","embeddable":true,"href":"https:\/\/www.europesays.com\/fr\/wp-json\/wp\/v2\/categories?post=183085"},{"taxonomy":"post_tag","embeddable":true,"href":"https:\/\/www.europesays.com\/fr\/wp-json\/wp\/v2\/tags?post=183085"}],"curies":[{"name":"wp","href":"https:\/\/api.w.org\/{rel}","templated":true}]}}