{"id":183097,"date":"2025-06-17T10:23:15","date_gmt":"2025-06-17T10:23:15","guid":{"rendered":"https:\/\/www.europesays.com\/fr\/183097\/"},"modified":"2025-06-17T10:23:15","modified_gmt":"2025-06-17T10:23:15","slug":"paul-seixas-est-au-dela-de-ce-que-lon-pouvait-imaginer","status":"publish","type":"post","link":"https:\/\/www.europesays.com\/fr\/183097\/","title":{"rendered":"\u00ab\u00a0Paul Seixas est au-del\u00e0 de ce que l\u2019on pouvait imaginer\u00a0\u00bb"},"content":{"rendered":"<blockquote class=\"question\"><p>S\u00e9bastien, vous attendiez <a href=\"https:\/\/www.leprogres.fr\/p\/paul-seixas\" target=\"_blank\" rel=\"nofollow noopener\">Paul Seixas<\/a> \u00e0 quel niveau\u00a0?<\/p><\/blockquote>\n<p>Au fond de moi, un top 10 \u00e9tait envisageable. Et quand il fait 10e du chrono, cela a confirm\u00e9 mon sentiment. \u00c0 la p\u00e9dale, il est top 6, il est au-del\u00e0 de ce que je pouvais imaginer. <a href=\"https:\/\/www.leprogres.fr\/sport\/2025\/06\/15\/vincent-lavenu-seixas-est-plus-complet-que-bardet\" target=\"_blank\" rel=\"nofollow noopener\">Il est largement au-dessus de la moyenne.<\/a><\/p>\n<blockquote class=\"question\"><p>Il vous a surpris encore\u00a0?<\/p><\/blockquote>\n<p>Oui. Comme il surprend tout le monde. O\u00f9 il m\u2019a surpris le plus, ce n\u2019est pas seulement au niveau physique mais par sa s\u00e9r\u00e9nit\u00e9. Il est toujours dans l\u2019optique d\u2019ajuster, d\u2019optimiser chaque petit d\u00e9tail. L\u00e0 o\u00f9 il est tr\u00e8s bon c\u2019est qu\u2019il va chercher de lui-m\u00eame, les points \u00e0 am\u00e9liorer en observant beaucoup, en \u00e9tant tr\u00e8s attentif.<\/p>\n<blockquote class=\"question\"><p>Sans jamais rien l\u00e2cher\u00a0?<\/p><\/blockquote>\n<p>C\u2019est son temp\u00e9rament. La chute, c\u2019est dommage, \u00e7a lui enl\u00e8ve deux places au g\u00e9n\u00e9ral, mais cela lui donne de l\u2019exp\u00e9rience et il en a besoin. <a href=\"https:\/\/www.leprogres.fr\/sport\/2025\/06\/15\/paul-seixas-j-ai-l-impression-d-etre-dans-un-reve\" target=\"_blank\" rel=\"nofollow noopener\">Il aura beaucoup appris cette semaine.<\/a><\/p>\n<blockquote class=\"question\"><p>Et valid\u00e9 beaucoup de choses\u00a0?<\/p><\/blockquote>\n<p>\u00c9norm\u00e9ment\u00a0! Trois \u00e9tapes de plus de 200\u00a0km et cinq heures au d\u00e9but, \u00e7a aussi c\u2019est important, comme il a r\u00e9pondu sur le contre-la-montre et les trois \u00e9tapes de montagne dont samedi avec 3\u00a0000m de d\u00e9nivel\u00e9 positif, trois cols \u00e0 plus de 2\u00a0000m.<\/p>\n<blockquote class=\"question\"><p>Il a aussi assum\u00e9 ce r\u00f4le de leader\u00a0?<\/p><\/blockquote>\n<p>Il f\u00e9d\u00e8re naturellement, il l\u2019assume clairement comme tout le reste. C\u2019est ce qu\u2019il y a de plus marquant. Apr\u00e8s le championnat et un stage en altitude aux Arcs en juillet, il reprendra au Tour de l\u2019Ain (6-8 ao\u00fbt). En assumant encore clairement un r\u00f4le de leader avec des profils qui lui conviennent bien, des \u00e9tapes de montagne courtes et en plus pas loin de la maison.<\/p>\n","protected":false},"excerpt":{"rendered":"S\u00e9bastien, vous attendiez Paul Seixas \u00e0 quel niveau\u00a0? Au fond de moi, un top 10 \u00e9tait envisageable. Et&hellip;\n","protected":false},"author":2,"featured_media":183098,"comment_status":"","ping_status":"","sticky":false,"template":"","format":"standard","meta":{"footnotes":""},"categories":[1411],"tags":[1154,207,2757,107,1011,27,2428,2756,517,60],"class_list":{"0":"post-183097","1":"post","2":"type-post","3":"status-publish","4":"format-standard","5":"has-post-thumbnail","7":"category-cyclisme","8":"tag-cycling","9":"tag-cyclisme","10":"tag-edition-lyon-villeurbanne","11":"tag-fil-info","12":"tag-fr","13":"tag-france","14":"tag-lyon","15":"tag-lyon-bassin","16":"tag-sport","17":"tag-sports"},"share_on_mastodon":{"url":"https:\/\/pubeurope.com\/@fr\/114698217301636822","error":""},"_links":{"self":[{"href":"https:\/\/www.europesays.com\/fr\/wp-json\/wp\/v2\/posts\/183097","targetHints":{"allow":["GET"]}}],"collection":[{"href":"https:\/\/www.europesays.com\/fr\/wp-json\/wp\/v2\/posts"}],"about":[{"href":"https:\/\/www.europesays.com\/fr\/wp-json\/wp\/v2\/types\/post"}],"author":[{"embeddable":true,"href":"https:\/\/www.europesays.com\/fr\/wp-json\/wp\/v2\/users\/2"}],"replies":[{"embeddable":true,"href":"https:\/\/www.europesays.com\/fr\/wp-json\/wp\/v2\/comments?post=183097"}],"version-history":[{"count":0,"href":"https:\/\/www.europesays.com\/fr\/wp-json\/wp\/v2\/posts\/183097\/revisions"}],"wp:featuredmedia":[{"embeddable":true,"href":"https:\/\/www.europesays.com\/fr\/wp-json\/wp\/v2\/media\/183098"}],"wp:attachment":[{"href":"https:\/\/www.europesays.com\/fr\/wp-json\/wp\/v2\/media?parent=183097"}],"wp:term":[{"taxonomy":"category","embeddable":true,"href":"https:\/\/www.europesays.com\/fr\/wp-json\/wp\/v2\/categories?post=183097"},{"taxonomy":"post_tag","embeddable":true,"href":"https:\/\/www.europesays.com\/fr\/wp-json\/wp\/v2\/tags?post=183097"}],"curies":[{"name":"wp","href":"https:\/\/api.w.org\/{rel}","templated":true}]}}